{"id":35280,"date":"2021-12-29T23:35:51","date_gmt":"2021-12-29T22:35:51","guid":{"rendered":"https:\/\/e-anjelik.sk\/?p=35280"},"modified":"2024-07-05T12:08:55","modified_gmt":"2024-07-05T10:08:55","slug":"zavierka-roku-2021","status":"publish","type":"post","link":"https:\/\/www.e-anjelik.sk\/index.php\/2021\/12\/29\/zavierka-roku-2021\/","title":{"rendered":"Z\u00e1vierka roku 2021"},"content":{"rendered":"\n<p><em>&nbsp;&nbsp; &nbsp; &nbsp; &nbsp; &nbsp; &nbsp; &nbsp; &nbsp; &nbsp; &nbsp; &nbsp; &nbsp; &nbsp; &nbsp; &nbsp; &nbsp; &nbsp; <\/em><strong>&nbsp; Z\u00e1vierka roku 2021<\/strong><\/p>\n\n\n\n<p><em>Ty po\u010diatok i koniec si,<\/em><br><em>\u00f3, Bo\u017ee jedin\u00fd,<\/em><br><em>a spozna\u0165 Teba \u0165a\u017e\u0161ie ver<\/em><br><em>nad morsk\u00e9 hlbiny.<\/em><br><em>V\u0161ak ako Otec dals&#8216; sa zna\u0165-<\/em><br><em>\u00f3, daj sa dnes i n\u00e1m<\/em><br><em>a vznes n\u00e1s z l\u00e1sky otcovskej<\/em><br><em>ta k nebies v\u00fd\u0161in\u00e1m. Amen\u00a0 (M.R.)<\/em><\/p>\n\n\n\n<p><strong>Sk 17, 28 a<\/strong>: <em>\u201cLebo N\u00edm \u017eijeme, h\u00fdbeme sa a trv\u00e1me\u201d. Amen<\/em><\/p>\n\n\n\n<p>&nbsp; &nbsp; Bohumil\u00ed kres\u0165ania, bratia a sestry v P\u00e1novi!<\/p>\n\n\n\n<p>&nbsp; &nbsp; Na prv\u00fd poh\u013ead sa mo\u017eno zd\u00e1, \u017ee dnes nem\u00e1me \u010do sl\u00e1vi\u0165. K stredovek\u00e9mu prv\u00e9mu mu\u017eovi cirkvi Silvestrovi sa nehl\u00e1sime a jeho meno neoslavujeme. Na\u0161a duchovn\u00e1 matka, evanjelick\u00e1 cirkev nesp\u00e1ja s posledn\u00fdm d\u0148om v roku ani \u017eiadnu konkr\u00e9tnu spomienku na Bo\u017e\u00ed skutok v s\u00favise s na\u0161ou sp\u00e1sou. Dne\u0161n\u00fd de\u0148 je v\u0161edn\u00fd, ale predsa iba zdanlivo oby\u010dajn\u00fd. &nbsp; &nbsp; &nbsp; &nbsp; &nbsp; &nbsp; &nbsp; &nbsp; &nbsp;<\/p>\n\n\n\n<p>&nbsp;&nbsp; &nbsp; Predov\u0161etk\u00fdm preto, \u017ee po Kristovom vzkriesen\u00ed&nbsp;<em> k a \u017e d \u00fd&nbsp; n o v \u00fd&nbsp; d e \u0148&nbsp; je&nbsp; pre veriaceho kres\u0165ana novou mo\u017enos\u0165ou oslavova\u0165 Ho ako P\u00e1na \u017eivota.<\/em>&nbsp;<\/p>\n\n\n\n<p>My, ktor\u00ed sme Mu s d\u00f4verou odovzdali svoj \u017eivot, m\u00e1me d\u00f4vod kona\u0165 tak v\u017edy. Aj v tento posledn\u00fd de\u0148 ob\u010dianskeho roku. I ke\u010f teda nesv\u00e4t\u00edme dnes nejak\u00fd konkr\u00e9tny sviatok, \u017eijeme vo svete, ku ktor\u00e9mu sa sklonil a pri\u0161iel v plnosti \u010dasu Kristus P\u00e1n. Ako kres\u0165ania m\u00e1me aj dnes mo\u017enos\u0165 chv\u00e1li\u0165 Ho, oslavova\u0165 a v \u0147om sa radova\u0165.&nbsp;<\/p>\n\n\n\n<p>&nbsp;&nbsp; &nbsp; Ke\u010f apo\u0161tol Pavel povedal na Areopagu v At\u00e9nach Gr\u00e9kom:..<em> \u201clebo N\u00edm \u017eijeme\u201d<\/em>\u2026myslel na P\u00e1na Boha, ktor\u00fd sa v Kristu stal \u010dlovekom. Jeho spasenie a vyk\u00fapenie zo smrti k \u017eivotu budeme sl\u00e1vi\u0165 st\u00e1le. Tu, v tomto sp\u00f4sobe existencie, rovnako ako v tom novom, bud\u00facom sp\u00f4sobe existencie, ktor\u00fd o\u010dak\u00e1vame, ktor\u00fd On s\u00e1m napln\u00ed a dov\u0155\u0161i. Na\u0161e duchovn\u00e9 znovuzrodenie skrze \u201c<em>vodu a Ducha\u201c<\/em> v Krste sv\u00e4tom prin\u00e1\u0161a pr\u00eds\u013eub, \u017ee n\u00e1\u0161 \u017eivot bude pokra\u010dova\u0165 v nebi. Dne\u0161n\u00fd de\u0148 je preto s\u00fa\u010das\u0165ou ve\u010dnosti, ktor\u00e1 sa v Je\u017ei\u0161ovi Kristovi za\u010dala a ktor\u00e1 nikdy neskon\u010d\u00ed. &nbsp; &nbsp; &nbsp; &nbsp;<\/p>\n\n\n\n<p>&nbsp; &nbsp; Hoci st\u00e1le zost\u00e1vame pre pand\u00e9miu v na\u0161ich dom\u00e1cnostiach a v rodin\u00e1ch, predsa sme spojen\u00ed jednou vierou a jednou n\u00e1dejou. Spolo\u010dne dobrore\u010d\u00edme P\u00e1nu Bohu, n\u00e1\u0161mu nebesk\u00e9mu Otcovi za v\u0161etko dobr\u00e9 i za v\u0161etko \u0165a\u017ek\u00e9, \u010do sme v uplynulom roku od Neho prijali. \u010eakujeme Mu aj za sk\u00fa\u0161ky viery v ktor\u00fdch mohla na\u0161a viera silnie\u0165. Z\u00e1rove\u0148 pros\u00edme, aby v\u0161etci t\u00ed, ktor\u00ed s nami tento rok za\u010d\u00ednali, ale sa dne\u0161n\u00e9ho d\u0148a nedo\u017eili, na\u0161li a poznali ve\u010dn\u00fa rados\u0165 v nebesiach. Pros\u00edme P\u00e1na aj za t\u00fdch, ktor\u00ed s\u00fa \u010dasn\u00fdmi rozl\u00fa\u010dkami bolestne dotknut\u00ed, aby boli pote\u0161en\u00ed a povzbuden\u00ed Jeho l\u00e1skou a pr\u00edtomnos\u0165ou skrze Ducha Sv\u00e4t\u00e9ho. Aby sa nec\u00edtili ako tak\u00ed, na ktor\u00fdch P\u00e1n zabudol, alebo ktor\u00fdch On zavrhol. On m\u00e1 so v\u0161etk\u00fdmi nami tie najlep\u0161ie \u00famysly ved\u00face k pokoju a radosti.<\/p>\n\n\n\n<p>&nbsp; &nbsp; &nbsp; V pokore si uvedomujeme, \u017ee nie v\u017edy sme duchovne tak siln\u00ed, aby sme s apo\u0161tolom Pavlom vyznali: \u201c<em>N\u00cdM \u017dIJEME\u201d! <\/em>Mnoh\u00ed na\u0161i bl\u00ed\u017eni s\u00fa mo\u017eno v tomto oh\u013eade naplnen\u00ed skepsou a s\u00fa \u010faleko od P\u00e1na. Len\u017ee aj pre nich je tento de\u0148 vz\u00e1cny. Pre ka\u017ed\u00e9ho z n\u00e1s, pre ka\u017ed\u00e9ho hrie\u0161nika je dne\u0161n\u00fd de\u0148 mo\u017enos\u0165ou zmeni\u0165 doteraj\u0161ie myslenie a konanie a urobi\u0165 \u00fa\u010dinn\u00e9 pok\u00e1nie. Preto je tento dne\u0161n\u00fd de\u0148 pre n\u00e1s ten najd\u00f4le\u017eitej\u0161\u00ed, lebo v nom m\u00f4\u017eeme spozna\u0165: <em>N\u00edm \u017eijeme, h\u00fdbeme sa a trv\u00e1me!<\/em>&nbsp;<\/p>\n\n\n\n<p>&nbsp; &nbsp; Z Jeho moci a najm\u00e4 l\u00e1sky \u017eijeme v\u0161etci. Od Neho, toti\u017e od Boha Otca sme prijali \u017eivot, ale i ponuku k nov\u00e9mu, duchovn\u00e9mu narodeniu a znovuzrodeniu. Raz pr\u00edde nielen koniec jedn\u00e9ho roka, ale aj koniec \u201esveta\u201c. Ak dne\u0161n\u00fd de\u0148 vyu\u017eijeme k pok\u00e1niu a k duchovn\u00e9mu prebudeniu, koniec sveta, kedyko\u013evek by nastal, prestane by\u0165 pre n\u00e1s hrozbou, ale bude d\u00f4vodom radosti. Preto apo\u0161tol Pavel nap\u00edsal kres\u0165anom do Filipis:<em> \u201cRadujte sa! Opakujem: radujte sa! P\u00e1n bl\u00edzko\u201c. <\/em>V Je\u017ei\u0161ovi Kristovi m\u00e1me dobr\u00fd a pevn\u00fd z\u00e1klad radosti a pokojnej mysle v akejko\u013evek premene \u010dasu, ak spr\u00e1vne vyu\u017e\u00edvame Bo\u017e\u00ed dar, Bo\u017eie \u201cdnes\u201d, m\u00fadro. Ak sme mo\u017eno minul\u00e9 dni v tomto zmysle nevyu\u017eili a neoslavovali sme Krista P\u00e1na za dar \u017eivota, urobme to dnes, k\u00fdm trv\u00e1 \u010das milosti.&nbsp;<\/p>\n\n\n\n<p>&nbsp;&nbsp;<em> &nbsp; \u201cLebo N\u00edm \u017eijeme\u201d<\/em>&#8211; sved\u010dil apo\u0161tol Pavel na posv\u00e4tnom mieste pre Gr\u00e9kov, na skale Areop\u00e1gu, kde si nikto nedovolil \u017eartova\u0165, alebo klama\u0165. A dolo\u017eil: <em>N\u00edm sa h\u00fdbeme!<\/em><\/p>\n\n\n\n<p>\u00a0\u00a0 \u00a0 Pohyb je znakom \u017eivota. Filozofmi odchovan\u00ed Gr\u00e9ci iste pochopili Pavlovo slovo takto: Ten, o ktorom hovor\u00ed a ktor\u00e9ho im zvestuje je<em> \u201eprv\u00fd h\u00fdbate\u013e\u201c<\/em>. Nevidite\u013en\u00fd, nepostihnute\u013en\u00fd rozumom, v\u0161etko prevy\u0161uj\u00faci, skryt\u00fd v hlbin\u00e1ch vesm\u00edru. Slovami SZ mohol poveda\u0165: Je to Ten, ktor\u00fd povedal: <em>\u201eBu\u010f svetlo\u201d! <\/em>Mo\u017eno by si pod t\u00fdm predstavili nie\u010do podobn\u00e9, \u010do dne\u0161n\u00fd modern\u00fd \u010dlovek\u00a0 pod pojmom: \u201cve\u013ek\u00fd tresk\u201c (big beng).\u00a0<\/p>\n\n\n\n<p>&nbsp;&nbsp; D\u00f4le\u017eit\u00fd je v\u00fdsledok Bo\u017eieho rozhodnutia. \u010clovek, ako koruna tvorstva dostal od P\u00e1na Boha \u017eivot a v\u00fdzvu kona\u0165 a plni\u0165 Bo\u017eiu v\u00f4\u013eu. Bo\u017eie slovo vedie aj n\u00e1s k podobn\u00e9mu konaniu, mo\u017eno poveda\u0165: k pohybu. Preto vyzn\u00e1vame: N\u00edm sa h\u00fdbeme.<\/p>\n\n\n\n<p>\u00a0\u00a0 \u00a0 \u00a0 &#8211; <em>Rodi\u010dia \u010dasto ber\u00fa svoje deti na hojda\u010dky, alebo do lunaparku na r\u00f4zne koloto\u010de. Je to pr\u00edjemn\u00e1 z\u00e1bava pre deti, lebo deti maj\u00fa pohyb radi.\u00a0<\/em><\/p>\n\n\n\n<p><em>\u2014<\/em> N\u00e1\u0161mu nebesk\u00e9mu Otcovi ur\u010dite nech\u00fdba zmysel pre humor: Dal n\u00e1m toti\u017e \u017eivot i t\u00fato zem ako skvel\u00fa<em> \u201ehojda\u010dku a koloto\u010d.\u201c<\/em> Ke\u010f kedysi zbo\u017en\u00fd Mikul\u00e1\u0161 Kopern\u00edk objavil skuto\u010dnos\u0165, \u017ee Zem nie je pevn\u00fdm bodom vo vesm\u00edre, ale sa to\u010d\u00ed okolo Slnka, bolo pre mnoh\u00fdch nepochopite\u013en\u00e9, \u017ee Zem sa to\u010d\u00ed a Slnko stoj\u00ed. Ale pre\u0161lo p\u00e1r storo\u010d\u00ed a \u013eudstvo zistilo, \u017ee v skuto\u010dnosti <em>ani Slnko nestoj\u00ed,<\/em> ba dokonca cel\u00e1 slne\u010dn\u00e1 s\u00fastava je v \u00fa\u017easnom pohybe vo vesm\u00edre. Takto je to na\u0161\u00edm Otcom naprogramovan\u00e9: Po cel\u00fd n\u00e1\u0161 pozemsk\u00fd \u017eivot chod\u00edme po to\u010diacej sa zemeguli a s\u00fa\u010dasne v to\u010diacom sa vesm\u00edre. Takto predivne sa <em>\u201ch\u00fdbeme\u201d <\/em>a pritom sa nemus\u00edme ni\u010doho b\u00e1\u0165. Ale najm\u00e4, ak sa n\u00e1m predsa niekedy z nie\u010doho \u201cto\u010d\u00ed hlava\u201d, ak m\u00e1me z nie\u010doho strach &#8211; v\u017edy smieme vidie\u0165 ruky, ktor\u00e9 k n\u00e1m vystrel a vystiera n\u00e1\u0161 nebesk\u00fd Otec, aby n\u00e1s objal a ut\u00ed\u0161il na svojom srdci. Jednou Jeho rukou je Boh Syn a druhou rukou Duch Sv\u00e4t\u00fd, a obe\u00a0 n\u00e1s chr\u00e1nia. \u00a0 \u00a0 \u00a0 \u00a0<\/p>\n\n\n\n<p>\u00a0 \u00a0 \u010casto po\u010dujeme po\u010das roka hovori\u0165 \u013eud\u00ed, \u017ee \u017eijeme ako na koloto\u010di; \u017ee \u017eijeme r\u00fdchlo a na koniec mnoh\u00fdch ciest nedovid\u00edme. Ale ke\u010f pr\u00edjmeme Bo\u017eie podan\u00e9 ruky, m\u00f4\u017eeme sa ut\u00ed\u0161i\u0165 ako die\u0165a v n\u00e1ru\u010d\u00ed otca. <em>\u201cH\u00fdbeme sa<\/em>\u201d, h\u00fdbe sa svet okolo n\u00e1s a mnoh\u00fdm sa zd\u00e1, \u017ee sa r\u00fatime (tento svet) do z\u00e1huby.\u00a0 Ak v\u0161ak d\u00f4verujme P\u00e1nu Bohu, sme upokojen\u00ed tlkotom Jeho srdca, ktor\u00e9 n\u00e1s miluje. Ktor\u00e9 smieme po\u010du\u0165, lebo Boh v Kristu Je\u017ei\u0161ovi je s nami a pri n\u00e1s. Aj vtedy, ke\u010f pozer\u00e1me do tmy a \u0161era smrti, vieme kam ideme. <em>\u201cV n\u00e1ru\u010die Bo\u017eie, odkia\u013e sme vy\u0161li\u201c.(K.Royov\u00e1).<\/em><\/p>\n\n\n\n<p>&nbsp; &nbsp; 3. Bratia a sestry v P\u00e1novi!&nbsp;<\/p>\n\n\n\n<p>&nbsp; &nbsp; Pri v\u0161etkom tom, \u010do znamen\u00e1 a obn\u00e1\u0161a n\u00e1\u0161 pohyb, na\u0161e h\u013eadanie, chodenie po r\u00f4znych cest\u00e1ch, dnes, pri po\u010fakovan\u00ed P\u00e1nu Bohu za dar \u017eivota a toho, \u010d\u00edm ho naplnil, chv\u00e1lime Ho aj za to, \u017ee: \u201c <em>N \u00ed m&nbsp; t r v \u00e1 m e \u201c.<\/em> Ke\u010f Mu patr\u00edme, m\u00e1me n\u00e1dej ve\u010dn\u00e9ho \u017eivota. Istotu trvania&nbsp; a \u017eivota na <em>\u201cSkale vekov\u201d, ktorou je Kristus.<\/em><\/p>\n\n\n\n<p>\u00a0 \u00a0 T\u00ed, \u010do po\u010d\u00favali Pavla na skale Areop\u00e1gu, poznali m\u00fadros\u0165 svojich filozofov, ktor\u00ed hovorili: \u201c<em> panta rei, panta chor\u2026<\/em>\u201c(gr.) = v\u0161etko te\u010die, v\u0161etko plynie! Niet st\u00e1losti, niet istoty\u2026 \u00a0 \u00a0 \u00a0<\/p>\n\n\n\n<p>&nbsp;&nbsp; &nbsp; Iste\u017ee, aj my vieme, \u017ee sme <em>\u201cako para, ako v\u00e1nok, alebo ako tr\u00e1va, ktor\u00e1 zr\u00e1na ra\u0161\u00ed, podve\u010der v\u00e4dne usych\u00e1\u2026 \u201c(\u017d 90) <\/em>M\u00fadros\u0165 starozmluvn\u00e9ho \u010dloveka&nbsp; bola bl\u00edzka skepse pohanov, ke\u010f\u017ee hovorila: <em>\u201cM\u00e1rnos\u0165 nad m\u00e1rnos\u0165 &#8211; v\u0161etko je m\u00e1rnos\u0165\u201d. <\/em>Apo\u0161tol Pavel v\u0161ak zvestuje nov\u00fa, radostn\u00fa spr\u00e1vu, ktor\u00e1 hovor\u00ed, \u017ee v\u0161etko je inak! \u201c<em>N\u00edm\u201d a v \u0147om trv\u00e1me!<\/em> Nie rok, \u010di p\u00e1r rokov &#8211; ale naveky.<\/p>\n\n\n\n<p>Vieme, ako to vtedy na Areop\u00e1gu skon\u010dilo. Gr\u00e9ci hovorili<em>: \u201cBudeme \u0165a o tomto aj inokedy po\u010d\u00fava\u0165\u201d! &#8211; <\/em>Jedna gr\u00e9cka sprievodky\u0148a v At\u00e9nach mi povedala: <em>\u201ePavel tu skon\u010dil s debaklom\u2026\u201c. &#8211; <\/em>V skuto\u010dnosti to bolo tro\u0161ku inak: Niektor\u00ed mu\u017eovia uverili a pripojili sa k cirkvi. Medzi nimi: <em>\u201eDionysios Areopagita a \u017eena menom Damaris a in\u00ed s nimi! (Sk 17,34)\u00a0<\/em><\/p>\n\n\n\n<p><em>&nbsp;&nbsp; &nbsp; <\/em>Akropola je dnes v ruin\u00e1ch a v\u0161eli\u010do sa zmenilo v Gr\u00e9cku i u n\u00e1s, ale cirkev \u017eije. T\u00e1 gr\u00e9cka, i na\u0161a evanjelick\u00e1. S\u00fa tam, i tu mal\u00e9, \u010di v\u00e4\u010d\u0161ie skupiny \u013eud\u00ed, \u010do dnes P\u00e1nu Bohu \u010fakuj\u00fa a dobrore\u010dia.<\/p>\n\n\n\n<p>\u00a0 \u00a0 Nech d\u00e1 P\u00e1n Boh, \u017ee aj my so v\u0161etk\u00fdmi v Krista veriacimi budeme z Bo\u017eej milosti milosti vyzn\u00e1va\u0165 dnes aj v d\u0148och nov\u00e9ho roku:<em> \u201cN\u00edm \u017eijeme, h\u00fdbeme sa trv\u00e1me, lebo Jeho rod sme!\u201c(v.28 b) <\/em>Amen. \u00a0 \u00a0<\/p>\n\n\n\n<p>&nbsp; &nbsp; &nbsp; &nbsp; &nbsp; &nbsp; &nbsp; &nbsp; &nbsp; &nbsp; &nbsp; &nbsp; &nbsp; &nbsp; &nbsp; &nbsp; &nbsp; &nbsp; &nbsp; &nbsp; &nbsp; &nbsp; &nbsp; &nbsp; &nbsp; &nbsp; &nbsp; &nbsp; &nbsp; &nbsp; &nbsp; &nbsp; &nbsp; &nbsp; &nbsp; &nbsp; Mgr. \u013dubom\u00edr Batka, ev.far\u00e1r&nbsp; &nbsp;<\/p>\n","protected":false},"excerpt":{"rendered":"<p>&nbsp;&nbsp; &nbsp; &nbsp; &nbsp; &nbsp; &nbsp; &nbsp; &nbsp; &nbsp; &nbsp; &nbsp; &nbsp; &nbsp; &nbsp; &nbsp; &nbsp; &nbsp; &nbsp; Z\u00e1vierka roku 2021 Ty po\u010diatok i koniec si,\u00f3, Bo\u017ee jedin\u00fd,a spozna\u0165 Teba \u0165a\u017e\u0161ie vernad morsk\u00e9 hlbiny.V\u0161ak ako Otec dals&#8216; sa zna\u0165-\u00f3, daj sa dnes i n\u00e1ma vznes n\u00e1s z l\u00e1sky otcovskejta k nebies v\u00fd\u0161in\u00e1m. Amen\u00a0 (M.R.) Sk &#8230; <a title=\"Z\u00e1vierka roku 2021\" class=\"read-more\" href=\"https:\/\/www.e-anjelik.sk\/index.php\/2021\/12\/29\/zavierka-roku-2021\/\" aria-label=\"Pre\u010d\u00edtajte si viac o Z\u00e1vierka roku 2021\">\u010c\u00edta\u0165 viac<\/a><\/p>\n","protected":false},"author":4,"featured_media":0,"comment_status":"open","ping_status":"open","sticky":false,"template":"","format":"standard","meta":{"footnotes":""},"categories":[121,118,95,375],"tags":[],"class_list":["post-35280","post","type-post","status-publish","format-standard","hentry","category-kazne","category-myjava","category-sobotiste","category-zaver-obcianskeho-roku"],"_links":{"self":[{"href":"https:\/\/www.e-anjelik.sk\/index.php\/wp-json\/wp\/v2\/posts\/35280","targetHints":{"allow":["GET"]}}],"collection":[{"href":"https:\/\/www.e-anjelik.sk\/index.php\/wp-json\/wp\/v2\/posts"}],"about":[{"href":"https:\/\/www.e-anjelik.sk\/index.php\/wp-json\/wp\/v2\/types\/post"}],"author":[{"embeddable":true,"href":"https:\/\/www.e-anjelik.sk\/index.php\/wp-json\/wp\/v2\/users\/4"}],"replies":[{"embeddable":true,"href":"https:\/\/www.e-anjelik.sk\/index.php\/wp-json\/wp\/v2\/comments?post=35280"}],"version-history":[{"count":3,"href":"https:\/\/www.e-anjelik.sk\/index.php\/wp-json\/wp\/v2\/posts\/35280\/revisions"}],"predecessor-version":[{"id":37015,"href":"https:\/\/www.e-anjelik.sk\/index.php\/wp-json\/wp\/v2\/posts\/35280\/revisions\/37015"}],"wp:attachment":[{"href":"https:\/\/www.e-anjelik.sk\/index.php\/wp-json\/wp\/v2\/media?parent=35280"}],"wp:term":[{"taxonomy":"category","embeddable":true,"href":"https:\/\/www.e-anjelik.sk\/index.php\/wp-json\/wp\/v2\/categories?post=35280"},{"taxonomy":"post_tag","embeddable":true,"href":"https:\/\/www.e-anjelik.sk\/index.php\/wp-json\/wp\/v2\/tags?post=35280"}],"curies":[{"name":"wp","href":"https:\/\/api.w.org\/{rel}","templated":true}]}}