{"id":35284,"date":"2021-12-31T00:07:00","date_gmt":"2021-12-30T23:07:00","guid":{"rendered":"https:\/\/e-anjelik.sk\/?p=35284"},"modified":"2021-12-31T08:14:44","modified_gmt":"2021-12-31T07:14:44","slug":"kadial-si-kracal-tento-rok","status":"publish","type":"post","link":"https:\/\/www.e-anjelik.sk\/index.php\/2021\/12\/31\/kadial-si-kracal-tento-rok\/","title":{"rendered":"Kadia\u013e si kr\u00e1\u010dal tento rok?"},"content":{"rendered":"\n<p><em>&#8222;Nechv\u00e1\u013e sa d\u0148om zajtraj\u0161\u00edm, lebo nevie\u0161, \u010do de\u0148 prinesie.&#8220;<\/em> Pr 27, 1<\/p>\n\n\n\n<p>Tak n\u00e1m hovor\u00ed Bo\u017eie Slovo. T\u00fdm menej sa m\u00f4\u017eme vopred chv\u00e1li\u0165 bud\u00facim rokom. On m\u00f4\u017ee by\u0165 jedn\u00fdm z naj\u0161\u0165astnej\u0161\u00edm a z\u00e1rove\u0148 jedn\u00fdm z najne\u0161\u0165astnej\u0161\u00edm rokom n\u00e1\u0161ho \u017eivota. Nez\u00e1vis\u00ed v\u0161etko od n\u00e1\u0161ho Boha; ve\u013ea z\u00e1le\u017e\u00ed aj od n\u00e1s, lebo plat\u00ed prastar\u00e1 pravda: &#8222;ako si ustelie\u0161, tak si \u013eahne\u0161.&#8220;<\/p>\n\n\n\n<p>V Knihe J\u00f3b \u010d\u00edtame, \u017ee ke\u010f sa raz zi\u0161li a postavili pred tv\u00e1rou Hospodinovou Jeho anjeli a knie\u017eat\u00e1, aby ka\u017ed\u00fd vydal po\u010det zo svojej pr\u00e1ce a prijal \u010fal\u0161\u00ed rozkaz, tak pri\u0161iel aj nepriate\u013e Satan a len jeho jedin\u00e9ho sa Boh p\u00fdta: &#8222;Odkia\u013e prich\u00e1dza\u0161?&#8220; Takto sa ostatn\u00fdch sv\u00e4t\u00fd Boh nemusel p\u00fdta\u0165; t\u00ed boli tam, kam ich On poslal a \u010dinili to, \u010do im On prik\u00e1zal. Ale Satan chodil tam, kam sa jemu chcelo a robil to, \u010do sa jemu p\u00e1\u010dilo. Ke\u010f sa obzrieme nasp\u00e4\u0165 na ten uplynul\u00fd rok, \u010di sa n\u00e1s n\u00e1\u0161 P\u00e1n nemus\u00ed p\u00fdta\u0165: &#8222;Odkia\u013e ide\u0161?&#8220; Boli sme v\u017edy tam, kam n\u00e1s On poslal? Konali sme v\u017edy to, \u010do n\u00e1m On k\u00e1zal?<\/p>\n\n\n\n<p>V \u00dadol\u00ed Neposlu\u0161nosti a Sebav\u00f4le nerastie kvet pokoja a bezbolestn\u00e9ho \u0161\u0165astia. Ako \u010dasto je \u010dlovek ne\u0161\u0165astn\u00fd vo svojich situ\u00e1ci\u00e1ch a predsa v\u0161etko u\u010dinil, aby si ich tak\u00e9 utvoril, ak\u00e9 s\u00fa dnes. Nebola to Bo\u017eia v\u00f4\u013ea. Ak \u010din\u00edme to, \u010do n\u00e1m P\u00e1n \u010dini\u0165 k\u00e1\u017ee a stoj\u00edme tam, kde n\u00e1s On postavil, potom \u0161\u0165astn\u00fd pok\u013eakneme pred Jeho tr\u00f3nom milosti, a tak \u010daka\u0165 na \u010fal\u0161ie pr\u00edkazy. Inak to je, ak pr\u00eddeme s po\u0161kvrnen\u00fdm svedom\u00edm, neposlu\u0161nos\u0165ou a nevernos\u0165ou.<\/p>\n\n\n\n<p>Brat, sestra, odkia\u013e prich\u00e1dza\u0161 ty na konci tohto roku?<\/p>\n\n\n\n<p>Ako je zn\u00e1me, J\u00e1kob bol ve\u013emi neposlu\u0161n\u00fd \u010dlovek, a \u010do hovor\u00ed o svojom \u017eivote? <em>&#8222;Nedobr\u00e9 boli roky m\u00f4jho \u017eivota&#8220;<\/em>. A \u010do hovor\u00ed apo\u0161tol Pavel na konci svojho \u017eivota pln\u00e9ho utrpenia a strast\u00ed, ale pr\u00edkladnej poslu\u0161nosti? <em>&#8222;Nastal mi \u010das odchodu! Dobr\u00fd boj som dobojoval, beh dokonal, vieru zachoval. U\u017e mi je pripraven\u00fd veniec spravodlivosti, ktor\u00fd mi d\u00e1 v onen de\u0148 P\u00e1n, ten spravodliv\u00fd sudca.&#8220; <\/em>\u010co povie\u0161 ty brat, sestra na sklonku roka, ke\u010f nevie\u0161 ak\u00fd \u010das m\u00e1\u0161 e\u0161te pred sebou?<\/p>\n\n\n\n<p>Spasenie je dar Bo\u017e\u00ed. Ve\u010dn\u00fd pr\u00edbytok je n\u00e1m pripraven\u00fd v nebesiach skrz Krista a Jeho obe\u0165 na Golgote. Ke\u010f sme vierou prijali Bo\u017eieho Syna, dal n\u00e1m moc by\u0165 Bo\u017e\u00edmi de\u0165mi a deti pr\u00eddu k Otcovi. Peklo je odplatou za hriech, ono je pripraven\u00e9 pre satana a pre t\u00fdch, ktor\u00ed nie s\u00fa zap\u00edsan\u00ed v Knihe \u017eivota. Ale to nebo a peklo za\u010d\u00edna u\u017e tu na zemi a my si ho sebe aj in\u00fdm pripravujeme. Satan e\u0161te preb\u00fdva na zemi, on nie je v pekle, ale kamko\u013evek pr\u00edde, prinesie si peklo so sebou. Ke\u010f P\u00e1n Je\u017ei\u0161 chodieval po cest\u00e1ch, ke\u010f sa plavil po jazere a sp\u00e1val na Olivovej hore, tak bolo okolo Neho nebo &#8211; lebo bolo v \u0147om.<\/p>\n\n\n\n<p>Ako hrozne sa c\u00edtil satan, ke\u010f obch\u00e1dzal J\u00f3ba a z\u00e1videl tomuto \u0161\u0165astn\u00e9mu, bohat\u00e9mu, Bohom aj \u013eu\u010fmi milovan\u00e9mu mu\u017eovi! V pekle zroden\u00e1 z\u00e1vis\u0165 \u017eivila peklo v\u00f4kol neho, lebo \u017eila v \u0148om.<\/p>\n\n\n\n<p>Nikdy nepozerajme vo svojich d\u0148och s\u00fa\u017eenia na t\u00fdch, ktor\u00fdm sa z Bo\u017eej milosti dobre vod\u00ed. Nedaj zdvihn\u00fa\u0165 z\u00e1visti hlavu, lebo je to pekeln\u00e1 zmija a ke\u010f \u0165a uhryzne, otr\u00e1vi tvoje cel\u00e9 srdce. Prv\u00e9 \u010do v tebe umrie, bude l\u00e1ska k \u013eu\u010fom, za \u0148ou umrie l\u00e1ska k Bohu. Pozeraj na svojho t\u0155n\u00edm korunovan\u00e9ho Spasite\u013ea, pozeraj na Golgotu, vlo\u017e sa do n\u00e1ru\u010de tejto zomieraj\u00facej L\u00e1sky, a vypla\u010d sa, On ti rozumie! Ak P\u00e1n povie: &#8222;Die\u0165a moje, ak mus\u00ed\u0161 e\u0161te mnoh\u00e9 s\u00fa\u017eenie vydr\u017ea\u0165 aj v \u010fal\u0161om roku a pre\u017ei\u0165 mnoho \u0161kv\u0155n, ktor\u00e9 nezn\u00e1\u0161, moja krv ich o\u010dist\u00ed, tak po\u010fakuj!&#8220; <em>&#8222;Ke\u010f p\u00f4jde\u0161 cez vodu, budem s tebou, a ke\u010f cez rieky<\/em> (s\u013az), <em>nezaplavia \u0165a; ke\u010f bude\u0161 kr\u00e1\u010da\u0165 cez <\/em>(bolesti) <em>ohe\u0148, nezhor\u00ed\u0161, ani plame\u0148 \u0165a nesp\u00e1li&#8220;<\/em><\/p>\n\n\n\n<p>Mnoho bolest\u00ed v minulom roku sme si zapr\u00ed\u010dinili sami, mnoho radost\u00ed n\u00e1m pohltila nev\u010fa\u010dnos\u0165. Keby sme za\u010dali zrat\u00fava\u0165 v\u0161etko dobr\u00e9, \u010do n\u00e1m n\u00e1\u0161 Boh urobil a to bez na\u0161ej z\u00e1sluhy, iba z l\u00e1sky, muselo by n\u00e1s to ve\u013emi rozveseli\u0165. Ve\u013ek\u00fa \u0161kodu narobia my\u0161i, ale v\u0161etky my\u0161i sveta nespravia to\u013ekej \u0161kody, ako dve pekeln\u00e9 my\u0161i: nev\u010fa\u010dnos\u0165 a z\u00e1vis\u0165. Naj\u0161\u0165astnej\u0161\u00ed \u010dlovek je ten, kto tieto dve potvory dostal pod kr\u00ed\u017e Krista.<\/p>\n\n\n\n<p>M\u00e1me ve\u013ek\u00fa pr\u00ed\u010dinu k v\u010fa\u010dnosti oproti P\u00e1novi, \u017ee n\u00e1m l\u00e1skavo pom\u00e1hal. Te\u0161me sa z toho, \u017ee n\u00e1m d\u00e1val chlieb ka\u017edodenn\u00fd. <\/p>\n\n\n\n<p>Pokoj V\u00e1m!!<\/p>\n\n\n\n<p> <\/p>\n","protected":false},"excerpt":{"rendered":"<p>&#8222;Nechv\u00e1\u013e sa d\u0148om zajtraj\u0161\u00edm, lebo nevie\u0161, \u010do de\u0148 prinesie.&#8220; Pr 27, 1 Tak n\u00e1m hovor\u00ed Bo\u017eie Slovo. T\u00fdm menej sa m\u00f4\u017eme vopred chv\u00e1li\u0165 bud\u00facim rokom. On m\u00f4\u017ee by\u0165 jedn\u00fdm z naj\u0161\u0165astnej\u0161\u00edm a z\u00e1rove\u0148 jedn\u00fdm z najne\u0161\u0165astnej\u0161\u00edm rokom n\u00e1\u0161ho \u017eivota. Nez\u00e1vis\u00ed v\u0161etko od n\u00e1\u0161ho Boha; ve\u013ea z\u00e1le\u017e\u00ed aj od n\u00e1s, lebo plat\u00ed prastar\u00e1 pravda: &#8222;ako si &#8230; <a title=\"Kadia\u013e si kr\u00e1\u010dal tento rok?\" class=\"read-more\" href=\"https:\/\/www.e-anjelik.sk\/index.php\/2021\/12\/31\/kadial-si-kracal-tento-rok\/\" aria-label=\"Pre\u010d\u00edtajte si viac o Kadia\u013e si kr\u00e1\u010dal tento rok?\">\u010c\u00edta\u0165 viac<\/a><\/p>\n","protected":false},"author":3,"featured_media":0,"comment_status":"open","ping_status":"open","sticky":false,"template":"","format":"standard","meta":{"footnotes":""},"categories":[375],"tags":[],"class_list":["post-35284","post","type-post","status-publish","format-standard","hentry","category-zaver-obcianskeho-roku"],"_links":{"self":[{"href":"https:\/\/www.e-anjelik.sk\/index.php\/wp-json\/wp\/v2\/posts\/35284","targetHints":{"allow":["GET"]}}],"collection":[{"href":"https:\/\/www.e-anjelik.sk\/index.php\/wp-json\/wp\/v2\/posts"}],"about":[{"href":"https:\/\/www.e-anjelik.sk\/index.php\/wp-json\/wp\/v2\/types\/post"}],"author":[{"embeddable":true,"href":"https:\/\/www.e-anjelik.sk\/index.php\/wp-json\/wp\/v2\/users\/3"}],"replies":[{"embeddable":true,"href":"https:\/\/www.e-anjelik.sk\/index.php\/wp-json\/wp\/v2\/comments?post=35284"}],"version-history":[{"count":2,"href":"https:\/\/www.e-anjelik.sk\/index.php\/wp-json\/wp\/v2\/posts\/35284\/revisions"}],"predecessor-version":[{"id":35286,"href":"https:\/\/www.e-anjelik.sk\/index.php\/wp-json\/wp\/v2\/posts\/35284\/revisions\/35286"}],"wp:attachment":[{"href":"https:\/\/www.e-anjelik.sk\/index.php\/wp-json\/wp\/v2\/media?parent=35284"}],"wp:term":[{"taxonomy":"category","embeddable":true,"href":"https:\/\/www.e-anjelik.sk\/index.php\/wp-json\/wp\/v2\/categories?post=35284"},{"taxonomy":"post_tag","embeddable":true,"href":"https:\/\/www.e-anjelik.sk\/index.php\/wp-json\/wp\/v2\/tags?post=35284"}],"curies":[{"name":"wp","href":"https:\/\/api.w.org\/{rel}","templated":true}]}}