{"id":35308,"date":"2022-01-07T15:24:35","date_gmt":"2022-01-07T14:24:35","guid":{"rendered":"https:\/\/e-anjelik.sk\/?p=35308"},"modified":"2024-07-05T12:06:52","modified_gmt":"2024-07-05T10:06:52","slug":"novy-rok-obrezanie-krista-pana","status":"publish","type":"post","link":"https:\/\/www.e-anjelik.sk\/index.php\/2022\/01\/07\/novy-rok-obrezanie-krista-pana\/","title":{"rendered":"Nov\u00fd rok &#8211; Obrezanie Krista P\u00e1na"},"content":{"rendered":"\n<p><em>&nbsp; <\/em><strong>Nov\u00fd rok &#8211; Obrezanie Krista P\u00e1na<\/strong><\/p>\n\n\n\n<p><em>K\u00e1\u017e n\u00e1m, Pane, u\u013eav b\u00f4le zves\u0165ou<\/em><br><em>i ke\u010f pr\u00edde t\u0155nistou \u00eds\u0165 cestou.<\/em><br><em>I ke\u010f mesiac, hviezdy nad horami,<\/em><br><em>daj n\u00e1m c\u00edti\u0165, \u017ee si s nami, s nami!<\/em><br><em>Nech n\u00e1s ruka Tvoja neopust\u00ed &#8211;<\/em><br><em>jak t\u00fa \u010de\u013ea\u010f sv\u00e4t\u00fa tam na p\u00fa\u0161ti<\/em><br><em>vyvedie raz z Egypta tejto zeme<\/em><br><em>v Tvoju n\u00e1ru\u010d, v nej spo\u010din\u00fa\u0165 chceme!\u00a0 Amen (M.R)<\/em><\/p>\n\n\n\n<p><strong>2 M 1, 1 &#8211; 16:<\/strong><\/p>\n\n\n\n<p><strong>&nbsp;&nbsp; <\/strong><em>Toto s\u00fa men\u00e1 Izraelcov, ktor\u00ed pri\u0161li s J\u00e1kobom do Egypta; ka\u017ed\u00fd pri\u0161iel so svojou rodinou: (2) R\u00faben, \u0160imeon, L\u00e9vi a J\u00fada, (3) Jiss\u00e1ch\u00e1r, Zeb\u00fal\u00fan a Benjamin, (4) D\u00e1n a Naftal\u00ed, G\u00e1d a A\u0161\u00e9r.&nbsp;<\/em><\/p>\n\n\n\n<p><em>(5) V\u0161etk\u00fdch potomkov, \u010do vy\u0161li z bedier J\u00e1kobov\u00fdch, bolo 70 du\u0161\u00ed; Jozef v\u0161ak u\u017e bol v Egypte. (6) Potom zomrel Jozef i v\u0161etci jeho bratia i cel\u00e9 to pokolenie. (7) Izrelci boli plodn\u00ed, mno\u017eili sa, r\u00e1stli po\u010dtom a nesmierne mohutneli, tak\u017ee ich bola pln\u00e1 krajina.<\/em><\/p>\n\n\n\n<p><em>&nbsp;&nbsp; (8) Vtedy nast\u00fapil v Egypte nov\u00fd kr\u00e1\u013e, ktor\u00fd Jozefa neznal. (9) Ten povedal svojmu \u013eudu: Ajh\u013ea, \u013eud Izraelcov je po\u010detnej\u0161\u00ed a silnej\u0161\u00ed ako my. (10) No\u017ee, po\u010d\u00ednajme si m\u00fadre vo\u010di nemu, aby sa nerozmno\u017eil; lebo mohlo by sa sta\u0165, \u017ee v pr\u00edpade vojny pripojil by sa aj on k na\u0161\u00edm protivn\u00edkom, bojoval by proti n\u00e1m a odi\u0161iel by z krajiny. (11) Tak ustanovili nad n\u00edm dozorcov nad robotami, aby ho tr\u00e1pili \u0165a\u017ek\u00fdmi bremenami; staval pre fara\u00f3na skladi\u0161tn\u00e9 mest\u00e1 Pit\u00f3m a Raamses. (12) Ale \u010d\u00edm viacej ho utl\u00e1\u010dali, t\u00fdm viacej sa rozmno\u017eoval a roz\u0161iroval, tak\u017ee sa ob\u00e1vali Izraelcov.&nbsp;<\/em><\/p>\n\n\n\n<p><em>&nbsp;&nbsp; (13)Egyp\u0165ania t\u00fdran\u00edm zotro\u010dovali Izraelcov (14) a strp\u010dovali im \u017eivot tvrdou pr\u00e1cou s hlinou a tehlami, v\u0161elijakou po\u013enou robotou, ktorou ich t\u00fdran\u00edm zotr\u010dovali.&nbsp;<\/em><\/p>\n\n\n\n<p><em>&nbsp;&nbsp; (15) Vtedy povedal egyptsk\u00fd kr\u00e1\u013e hebrejsk\u00fdm p\u00f4rodn\u00fdm bab\u00e1m, z ktor\u00fdch sa jedna menovala Sifr\u00e1 a druh\u00e1 P\u00fa\u00e1: (16) Ke\u010f pom\u00e1hate hebrejsk\u00fdm \u017een\u00e1m pri p\u00f4rode, d\u00e1vajte pozor na pohlavie: ak je to syn, usmr\u0165te ho, ak v\u0161ak dc\u00e9ra, nechajte ju na\u017eive. (17) Ale p\u00f4rodn\u00e9 baby sa b\u00e1li Boha, nerobili, ako im prik\u00e1zal egyptsk\u00fd kr\u00e1\u013e a nech\u00e1vali chlapcov na\u017eive.\u201d Amen<\/em><\/p>\n\n\n\n<p><em>&nbsp;&nbsp;<\/em> Bohumil\u00ed kres\u0165ania, bratia a sestry v Kristu, P\u00e1novi!<\/p>\n\n\n\n<p>&nbsp; Hovor\u00ed sa, \u017ee <em>\u201cpo bitke je ka\u017ed\u00fd gener\u00e1lom\u201d<\/em>. Znamen\u00e1 to asi to\u013eko,<\/p>\n\n\n\n<p>\u017ee vtedy u\u017e ka\u017ed\u00fd vie, \u010do sa urobilo v boji dobre a \u010do bola chyba. Podobne, parafr\u00e1zou, by sme mohli poveda\u0165, \u017ee po dokonanom roku je<strong> ka\u017ed\u00fd prorokom<\/strong>. Ka\u017ed\u00fd vie, ako sme v spolo\u010dnosti, v cirkvi v rodine \u010di osobnom \u017eivote \u017eili, \u010do sme urobili spr\u00e1vne, m\u00fadro a dobre, a \u010do zle, \u010doho sme sa pr\u00edpadne mali vyvarova\u0165.<\/p>\n\n\n\n<p>&nbsp;&nbsp; &nbsp; Dnes v\u0161ak, ke\u010f stoj\u00edme v br\u00e1nach nov\u00e9ho roku je ove\u013ea \u0165a\u017e\u0161ie predpoveda\u0165, ak\u00fd bude tento nov\u00fd rok, \u010do n\u00e1m prinesie, \u010do n\u00e1s v \u0148om \u010dak\u00e1. Predpoveda\u0165 bud\u00facnos\u0165 nevieme a nedok\u00e1\u017eeme a preto nevieme po ak\u00fdch cest\u00e1ch a chodn\u00edkoch \u017eivota budeme musie\u0165 prejs\u0165. My sa ako kres\u0165ania chceme v\u017edy spolieha\u0165 na Bo\u017eiu l\u00e1sku a preto aj v toto novoro\u010dn\u00e9 r\u00e1no kon\u00e1me tak, ako sme to vyspievali v n\u00e1bo\u017enej piesni: <em>\u201dHospodinu pod\u00e1vame ruky, prich\u00e1dzame do Bo\u017eieho chr\u00e1mu a Jemu sa zverujme\u201d\u2026\u2026.<\/em><\/p>\n\n\n\n<p>&nbsp;&nbsp; &nbsp; Vierou sa chceme pridr\u017eiava\u0165 Toho, ktor\u00e9ho n\u00e1m Otec poslal ako Predivn\u00e9ho Radcu, Spasite\u013ea a Pomocn\u00edka. S d\u00f4verou v P\u00e1na Je\u017ei\u0161a Krista chceme vst\u00fapi\u0165 aj do nov\u00e9ho roku a tak vykro\u010di\u0165 na \u010fal\u0161iu cestu \u017eivota s N\u00edm, lebo vieme, \u017ee vtedy p\u00f4jdeme cestou ved\u00facou k \u017eivotu pokojn\u00e9mu na zemi a blahoslaven\u00e9mu vo ve\u010dnosti.<\/p>\n\n\n\n<p>&nbsp; &nbsp; Ak sa p\u00fdtame:<strong> S \u010d\u00edm m\u00e1me po\u010d\u00edta\u0165 celkom iste aj v novom roku? &#8211;<\/strong> m\u00f4\u017eeme na z\u00e1klade Bo\u017eieho slova poveda\u0165:<\/p>\n\n\n\n<p>&nbsp;&nbsp; <em>&nbsp; 1. s \u013eudsk\u00fdm hriechom&nbsp;<\/em><\/p>\n\n\n\n<p><em>&nbsp;&nbsp; &nbsp; 2. ale aj s Bo\u017eou milos\u0165ou<\/em><\/p>\n\n\n\n<p>&nbsp; &nbsp; Mil\u00ed bratia a sestry !<\/p>\n\n\n\n<p>\u00a0\u00a0 \u00a0 1. Zas\u013e\u00fabenie P\u00e1novo z J\u00e1novho evanjelia je trvalo platn\u00e9: <em>\u201cJa, svetlo pri\u0161iel som na svet, aby nikto nezostal v tme, kto ver\u00ed vo m\u0148a. &#8211; \u2026lebo som nepri\u0161iel ods\u00fadi\u0165 svet, ale spasi\u0165 ho\u201d. ( J 12,46 &#8211; 47) <\/em>S\u00fa\u010dasne n\u00e1s toto za\u013e\u00fabenie upozor\u0148uje na skuto\u010dnos\u0165 hriechu, ktor\u00fd pretrv\u00e1va vo svete a v srdciach \u013eud\u00ed. Jeho p\u00f4sobenie je re\u00e1lne aj dnes a m\u00f4\u017eeme to vidie\u0165 a sk\u00fasi\u0165 na ka\u017edom kroku. Svet a \u010dlovek preto potrebuje vyslobodenie, vyk\u00fapenie. Nikto sa nem\u00f4\u017ee zachr\u00e1ni\u0165 z jeho moci s\u00e1m. Nikto pred P\u00e1nom Bohom nestoj\u00ed inak, len ako hrie\u0161nik. Rozdiel je v tom, \u010di ver\u00edme, \u017ee sme ako hrie\u0161nici ospravedlnen\u00ed vierou v Kristove z\u00e1sluhy pred Bohom, alebo patr\u00edme k t\u00fdm, ktor\u00ed Kristove z\u00e1sluhy odmietaj\u00fa a preto ich hriech zost\u00e1va.\u00a0 \u00a0<\/p>\n\n\n\n<p>\u00a0 \u00a0 Vieme, \u017ee napriek v\u0161etk\u00fdm \u013eudsk\u00fdm prianiam a \u017eelaniam, ale aj napriek \u013eudsk\u00fdm predsavzatiam ktor\u00e9 sa be\u017ene s pr\u00edchodom nov\u00e9ho roku sp\u00e1jaj\u00fa, hriech a jeho moc v \u013eu\u010foch zost\u00e1va. \u017dia\u013e, je to hol\u00e1 skuto\u010dnos\u0165, \u017ee \u013eudsk\u00e9 srdce napriek v\u0161etkej \u201ckultiv\u00e1cii ducha\u201d, napriek v\u00fdchove, alebo vzdelaniu a dokonca napriek p\u00f4sobeniu rosy Ducha Sv\u00e4t\u00e9ho, zost\u00e1va v h\u013abke <em>\u201ctvrd\u00e9 ako skala\u201d<\/em>. \u0160v\u00e9dsky evanjelick\u00fd biskup Bo Giertz pomenoval a nap\u00edsal o tom pravdiv\u00fa knihu s n\u00e1zvom <em>\u201cSkala srdca\u201d. <\/em>Kniha vy\u0161la aj v slovenskom preklade a je zn\u00e1ma v na\u0161ej cirkvi.\u00a0<\/p>\n\n\n\n<p>&nbsp; &nbsp; Preto m\u00e1me s realitou hriechu vo svete a v srdciach \u013eud\u00ed v\u00e1\u017ene po\u010d\u00edta\u0165. Ak by sme s realitou hriechu nepo\u010d\u00edtali, mohli by sme by\u0165 nielen hlboko sklaman\u00ed, ale mo\u017eno aj otrasen\u00ed vo viere. Ka\u017ed\u00fd \u010dlovek v nie\u010dom sklame aj svojich najbli\u017e\u0161\u00edch, nehovoriac o bl\u00ed\u017enych zo \u0161ir\u0161ieho okolia. Zost\u00e1vame dl\u017en\u00edkmi l\u00e1sky aj v na\u0161ich rodin\u00e1ch. Toti\u017e l\u00e1sky Kristovej, l\u00e1sky sl\u00fa\u017eiacej, obetuj\u00facej sa bezo zvy\u0161ku pre in\u00fdch.&nbsp;<\/p>\n\n\n\n<p>\u00a0\u00a0 \u00a0 Sme dl\u017en\u00edkmi l\u00e1sky aj vo vz\u0165ahu k cirkvi, k vidite\u013en\u00e9mu telu Kristovmu. Preto si pripome\u0148me zn\u00e1my odkaz n\u00e1\u0161ho reform\u00e1tora M.Luthera: <em>\u201d Ke\u010f n\u00e1\u0161 Majster a P\u00e1n hovor\u00ed: Pok\u00e1nie \u010di\u0148te, znamen\u00e1 to, \u017ee cel\u00fd \u017eivot kres\u0165ana m\u00e1 by\u0165 ustavi\u010dn\u00fdm pok\u00e1n\u00edm\u201d<\/em>.\u00a0<em> <\/em>V\u00fdrazom tejto skuto\u010dnosti, \u017ee ako kres\u0165ania v\u00e1\u017ene berieme hriech s\u00fa aj na\u0161e evanjelick\u00e9 slu\u017eby Bo\u017eie, ktor\u00e9 sa za\u010d\u00ednaj\u00fa prosbou o dar Ducha Sv\u00e4t\u00e9ho a spevom K\u00fdrie, toti\u017e s prosbou: <em>\u201cPane, zmiluj sa\u201d<\/em>, alebo hovoren\u00fdm slovom Konfiteoru, ktor\u00fd je rovnako prosbou o odpustenie hriechov. T\u00e1to prosba m\u00e1 v nich svoje miesto. \u00a0 \u00a0<\/p>\n\n\n\n<p>&nbsp;&nbsp; Bratia a sestry!<\/p>\n\n\n\n<p>&nbsp;&nbsp; Ak teda aj tam, kde Duch Sv\u00e4t\u00fd m\u00e1 otvoren\u00e9 dvere a je denne vz\u00fdvan\u00fd, aby o\u010dis\u0165oval na\u0161e srdcia, t\u00fdm sk\u00f4r a viac zost\u00e1va star\u00fd, hrie\u0161ny Adama tam, kde sa o Bo\u017eiu milos\u0165 a pr\u00edtomnos\u0165 Ducha nepros\u00ed, kde pod\u013ea Ducha \u013eudia nemyslia a nekonaj\u00fa, alebo sa Mu priamo protivia.<\/p>\n\n\n\n<p>&nbsp; &nbsp; T\u00e1to skuto\u010dnos\u0165 sa net\u00fdka len jednotlivca, ale aj celej \u013eudskej spolo\u010dnosti, ktor\u00fa tvoria \u013eudia r\u00f4zneho zamerania, presved\u010denia, veriaci r\u00f4znym <em>\u201cizmom<\/em>\u201d, alebo aj pover\u00e1m a t\u00ed, ktor\u00ed veria len sebe. Realita hriechu nie je \u017eiadna zastaral\u00e1 te\u00f3ria, ale skuto\u010dnos\u0165, ktor\u00e1 m\u00e1 svoje d\u00f4sledky a zjavn\u00e9 prejavy. Preto prorock\u00fd duch Starej i Novej zmluvy n\u00e1s upozor\u0148uje a pripravuje na to, \u017ee m\u00e1me aj v novom roku po\u010d\u00edta\u0165 so zlou \u013eudskou v\u00f4\u013eou a preto aj s boles\u0165ou, sklamaniami a utrpen\u00edm, ktor\u00e9 si \u013eudia sp\u00f4sobuj\u00fa a ktor\u00e9 koren\u00ed v zlej \u013eudskej v\u00f4li a v hriechu.&nbsp;<\/p>\n\n\n\n<p>\u00a0\u00a0 Dne\u0161n\u00e9 svedectvo z 2.knihy Moj\u017ei\u0161ovej je obrazom tejto skuto\u010dnosti. Opisuje situ\u00e1ciu \u013eudu Izraela v egyptskom otroctve. Hoci ide o opis udalost\u00ed star\u00fdch okolo 4000 rokov, je svedectvom o realite hriechu. V texte je re\u010d o fara\u00f3novi, ktor\u00fd zabudol na ve\u013ek\u00e9 z\u00e1sluhy J\u00e1kobovho syna Jozefa o hospod\u00e1rsky rozkvet Egypta, i z\u00e1sluhy jeho bratov a ich potomkov. Fara\u00f3nove obavy a neopodstatnen\u00fd strach sa prejavili tak, \u017ee neb\u00fdval\u00fdm sp\u00f4sobom utl\u00e1\u010dal a vykoris\u0165oval Izraela.\u00a0<\/p>\n\n\n\n<p>\u00a0\u00a0 \u00a0 Prosby a s\u0165a\u017enosti smerom k fara\u00f3novi a jeho dvoru sa minuli \u00fa\u010dinku. Odpove\u010fou neboli iba zv\u00fd\u0161en\u00e9 po\u017eiadavky pracovn\u00e9ho v\u00fdkonu a zv\u00fd\u0161enie pracovn\u00fdch noriem, ale aj rast nen\u00e1visti a strachu z \u013eudu Izraela. Jeho prenasledovanie viedlo dokonca a\u017e k vra\u017edeniu naroden\u00fdch izraelsk\u00fdch det\u00ed. \u017didovsk\u00e9 p\u00f4rodn\u00e9 babice, dostali pr\u00edkaz usmrti\u0165 ka\u017ed\u00e9ho novorodenca mu\u017esk\u00e9ho pohlavia. Toto vyvra\u017e\u010fovanie mo\u017eno pova\u017eova\u0165 za prv\u00fa zn\u00e1mu genoc\u00eddu &#8211; masov\u00e9 vyvra\u017e\u010fovanie izraelsk\u00e9ho etnika, ktor\u00e9 sa v dejin\u00e1ch e\u0161te mnoho razy zopakovalo. Vyvrcholilo cez 2.svetov\u00fa vojnu zn\u00e1mym holokaustom, ktor\u00fd postihol najm\u00e4 \u017didov, i ke\u010f nielen ich. Je v\u00fdre\u010dn\u00fdm svedectvom a realite hriechu aj v modernej dobe.<\/p>\n\n\n\n<p>&nbsp; &nbsp; Aj v tom \u010dase sa v\u0161ak na\u0161li dve hrdinsk\u00e9 \u017eeny &#8211; babice, ktor\u00e9 odmietli splni\u0165 tento rozkaz, zadusi\u0165 ka\u017ed\u00e9ho novonaroden\u00e9ho chlap\u010deka. Je v\u0161ak pravdepodobn\u00e9, \u017ee fara\u00f3n sa postaral o to, aby terorom vyn\u00fatil svoj z\u00e1mer umen\u0161i\u0165 komunitu zotro\u010den\u00e9ho izraelsk\u00e9ho n\u00e1roda. Bo\u017eie slovo tu v\u0161ak jasne ukazuje na hriech zneu\u017eitia moci, vykoris\u0165ovania, poni\u017eovania a vra\u017edenia, ktor\u00fd sa nezastav\u00ed ani pred zab\u00edjan\u00edm bezbrann\u00fdch det\u00ed.&nbsp;<\/p>\n\n\n\n<p>&nbsp; &nbsp; Pripom\u00edna n\u00e1m to aj zn\u00e1me skutky a po\u010d\u00ednanie kr\u00e1\u013ea Herodesa, ktor\u00fd bezcitne vra\u017edili betlehemsk\u00fdch chlapcov v snahe odstr\u00e1ni\u0165 naroden\u00e9ho Je\u017ei\u0161a. V t\u00fa\u017ebe po moci sa nezastavili ani pred vra\u017edami vo vlastnej rodine, ako o nich p\u00ed\u0161e historik Jozef Flavius. Podobne si po\u010d\u00ednal aj jeho najstar\u0161\u00ed syn Archelaos. \u017dia\u013e, aj tak\u00fdto \u013eudia maj\u00fa st\u00e1le svojich nasledovn\u00edkov. Z\u00fariv\u00e1 nen\u00e1vis\u0165 k \u013eu\u010fom in\u00fdm a odli\u0161n\u00fdm a t\u00fa\u017eba po moci a vykoris\u0165ovan\u00ed in\u00fdch, z \u013eudsk\u00fdch s\u0155dc nevymizla. S realitou hriechu v rozli\u010dnej podobe preto aj my na\u010falej po\u010d\u00edtajme.&nbsp; &nbsp; &nbsp; &nbsp;<\/p>\n\n\n\n<p>&nbsp;&nbsp; &nbsp; Bratia a sestry v P\u00e1nu!<\/p>\n\n\n\n<p>\u00a0\u00a0 \u00a0 Vtedy \u013eud Izraela volal k Hospodinu o pomoc a vyslobodenie z tohoto otroctva. Vtedy P\u00e1n Boh predivne a mocne zasiahol a preuk\u00e1zal tomuto \u013eudu milos\u0165 a z\u00e1chranu.<\/p>\n\n\n\n<p>&nbsp; &nbsp; Iste nevieme, \u010do v\u0161etko m\u00f4\u017ee postretn\u00fa\u0165 a dotkn\u00fa\u0165 sa ako n\u00e1sledok hriechu in\u00fdch, ale aj na\u0161ich vlastn\u00fdch n\u00e1s. \u013dudia maj\u00fa najr\u00f4znej\u0161ie obavy, \u010di u\u017e sa t\u00fdkaj\u00fa v\u0161eobecn\u00e9ho blaha, alebo mieru vo svete, ale aj tolerantn\u00e9ho a l\u00e1skav\u00e9ho spr\u00e1vanie sa jedn\u00fdch vo\u010di druh\u00fdm v na\u0161ej cirkvi i spolo\u010dnosti.&nbsp;<\/p>\n\n\n\n<p>\u00a0\u00a0 \u00a0 Ako evanjelick\u00ed kres\u0165ania na Slovensku s ve\u013ek\u00fdmi obavami o\u010dak\u00e1vame v\u00fdsledky s\u010d\u00edtania \u013eudu a po\u010dty t\u00fdch, ktor\u00ed sa priznali ku svoje cirkvi. Prv\u00e9 v\u00fdsledky s\u010d\u00edtania \u013eudu n\u00e1s nenap\u013a\u0148aj\u00fa optimizmom. Ukazuj\u00fa na starnutie na\u0161ej spolo\u010dnosti i cirkvi. St\u00e1le viac mlad\u00fdch \u013eud\u00ed \u017eije bez man\u017eelstva a st\u00e1le viac prib\u00fada rozveden\u00fdch man\u017eelstiev. Netrp\u00edme s\u00edce \u017eiadnou priamou genoc\u00eddou in\u00e9ho n\u00e1roda, ale hazardujeme so zdrav\u00edm a \u017eivotom\u00a0 svojim i na\u0161ich bl\u00ed\u017enych v mene falo\u0161nej slobody. C\u00edtime \u0165archu\u00a0 vn\u00fatorn\u00fdch sporov a nevra\u017eivosti. trp\u00edme a budeme trpie\u0165 t\u00fdm, \u017ee je st\u00e1le menej naroden\u00fdch det\u00ed, st\u00e1le menej pokrsten\u00fdch, st\u00e1le menej konfirmovan\u00fdch.\u00a0<\/p>\n\n\n\n<p>\u00a0\u00a0 Je tu u\u017e druh\u00fd rok trvaj\u00faca celosvetov\u00e1 pand\u00e9mia Kovidu 19, ktor\u00e1 za\u010d\u00edna opr\u00e1vnene pripom\u00edna\u0165 Bo\u017e\u00ed hnev a trest. Pripravenos\u0165 k zmene myslenia a konania je zriedkav\u00e1. Ve\u013ea je utrpenia, ale je m\u00e1lo sna\u017en\u00fdch prosieb o odpustenie hriechov a o Bo\u017eiu pomoc. Prejavuje sa aj strach pred ekologick\u00fdmi katastrofami ohrozuj\u00facim \u017eivot \u013eud\u00ed i cel\u00e9ho stvorenstva. Za t\u00fdmito hrozbami a katastrofami nestoj\u00ed ni\u010d in\u00e9, len \u013eudsk\u00e1 chamtivos\u0165, lakomstvo a nezodpovednos\u0165 k sebe a bud\u00facim gener\u00e1ci\u00e1m, \u010di\u017ee realita hriechu.<\/p>\n\n\n\n<p>&nbsp;&nbsp; Bratia a sestry!&nbsp;<\/p>\n\n\n\n<p>\u00a0\u00a0 Zosta\u0148me v\u0161ak \u013eu\u010fmi veriacimi v Bo\u017eiu moc a milos\u0165. Konajme ako skuto\u010dn\u00ed kres\u0165ania, ktor\u00ed prijali viano\u010dn\u00fa zves\u0165 o ponuke Bo\u017eej pomoci a sp\u00e1sy v narodenom P\u00e1novi Je\u017ei\u0161ovi Kristovi.\u00a0<\/p>\n\n\n\n<p>&nbsp;&nbsp; Mo\u017eno sme naozaj len malou rodinou ako prosiaci o pomoc Hospodina a Toho, ktor\u00fd m\u00e1 moc nad v\u0161etk\u00fdmi mocnos\u0165ami zla.<\/p>\n\n\n\n<p>Napriek tomu naplno po\u010d\u00edtame s Bo\u017eou milos\u0165ou nad nami aj v tomto novom roku. Preto nielen dnes tu v chr\u00e1me, ale v\u017edy znovu prosme o odpustenie hriechov a prij\u00edmajme podan\u00e9 ruky n\u00e1\u0161ho nebesk\u00e9ho Otca v Synovi a Duchu Sv\u00e4tom. S d\u00f4verou takto konajme v\u017edy nanovo.&nbsp;<\/p>\n\n\n\n<p>\u00a0 \u00a0 Dne\u0161n\u00fd de\u0148 je nielen prv\u00fd de\u0148 v novom roku, ale aj kres\u0165ansk\u00fd sviatok <em>\u201cObrezania Krista P\u00e1na\u201d<\/em> a pripom\u00edna n\u00e1m, \u017ee P\u00e1n Je\u017ei\u0161 pri\u0161iel, aby vylial svoju sv\u00e4t\u00fa krv za n\u00e1s a tak n\u00e1s vyk\u00fapil z moci hriechu, smrti a pekla. Jemu, n\u00e1\u0161mu Spasite\u013eovi a Bo\u017eej milosti plne d\u00f4verujme. Amen<\/p>\n\n\n\n<p>&nbsp; &nbsp; &nbsp; &nbsp; &nbsp; Nov\u00fd rok P\u00e1nov 2022 &#8211; Myjava&nbsp; &#8211; Mgr.\u013dubom\u00edr Batka st.<\/p>\n","protected":false},"excerpt":{"rendered":"<p>&nbsp; Nov\u00fd rok &#8211; Obrezanie Krista P\u00e1na K\u00e1\u017e n\u00e1m, Pane, u\u013eav b\u00f4le zves\u0165oui ke\u010f pr\u00edde t\u0155nistou \u00eds\u0165 cestou.I ke\u010f mesiac, hviezdy nad horami,daj n\u00e1m c\u00edti\u0165, \u017ee si s nami, s nami!Nech n\u00e1s ruka Tvoja neopust\u00ed &#8211;jak t\u00fa \u010de\u013ea\u010f sv\u00e4t\u00fa tam na p\u00fa\u0161tivyvedie raz z Egypta tejto zemev Tvoju n\u00e1ru\u010d, v nej spo\u010din\u00fa\u0165 chceme!\u00a0 Amen (M.R) &#8230; <a title=\"Nov\u00fd rok &#8211; Obrezanie Krista P\u00e1na\" class=\"read-more\" href=\"https:\/\/www.e-anjelik.sk\/index.php\/2022\/01\/07\/novy-rok-obrezanie-krista-pana\/\" aria-label=\"Pre\u010d\u00edtajte si viac o Nov\u00fd rok &#8211; Obrezanie Krista P\u00e1na\">\u010c\u00edta\u0165 viac<\/a><\/p>\n","protected":false},"author":4,"featured_media":0,"comment_status":"open","ping_status":"open","sticky":false,"template":"","format":"standard","meta":{"footnotes":""},"categories":[121,118,15,585,95],"tags":[],"class_list":["post-35308","post","type-post","status-publish","format-standard","hentry","category-kazne","category-myjava","category-novy-rok","category-obrezanie-krista-pana","category-sobotiste"],"_links":{"self":[{"href":"https:\/\/www.e-anjelik.sk\/index.php\/wp-json\/wp\/v2\/posts\/35308","targetHints":{"allow":["GET"]}}],"collection":[{"href":"https:\/\/www.e-anjelik.sk\/index.php\/wp-json\/wp\/v2\/posts"}],"about":[{"href":"https:\/\/www.e-anjelik.sk\/index.php\/wp-json\/wp\/v2\/types\/post"}],"author":[{"embeddable":true,"href":"https:\/\/www.e-anjelik.sk\/index.php\/wp-json\/wp\/v2\/users\/4"}],"replies":[{"embeddable":true,"href":"https:\/\/www.e-anjelik.sk\/index.php\/wp-json\/wp\/v2\/comments?post=35308"}],"version-history":[{"count":2,"href":"https:\/\/www.e-anjelik.sk\/index.php\/wp-json\/wp\/v2\/posts\/35308\/revisions"}],"predecessor-version":[{"id":37013,"href":"https:\/\/www.e-anjelik.sk\/index.php\/wp-json\/wp\/v2\/posts\/35308\/revisions\/37013"}],"wp:attachment":[{"href":"https:\/\/www.e-anjelik.sk\/index.php\/wp-json\/wp\/v2\/media?parent=35308"}],"wp:term":[{"taxonomy":"category","embeddable":true,"href":"https:\/\/www.e-anjelik.sk\/index.php\/wp-json\/wp\/v2\/categories?post=35308"},{"taxonomy":"post_tag","embeddable":true,"href":"https:\/\/www.e-anjelik.sk\/index.php\/wp-json\/wp\/v2\/tags?post=35308"}],"curies":[{"name":"wp","href":"https:\/\/api.w.org\/{rel}","templated":true}]}}