{"id":35310,"date":"2022-01-07T20:42:25","date_gmt":"2022-01-07T19:42:25","guid":{"rendered":"https:\/\/e-anjelik.sk\/?p=35310"},"modified":"2024-07-05T12:03:06","modified_gmt":"2024-07-05T10:03:06","slug":"prijmime-jezisovi-pozvanie-k-nasledovaniu","status":"publish","type":"post","link":"https:\/\/www.e-anjelik.sk\/index.php\/2022\/01\/07\/prijmime-jezisovi-pozvanie-k-nasledovaniu\/","title":{"rendered":"Pr\u00edjmime Je\u017ei\u0161ovi pozvanie k nasledovaniu"},"content":{"rendered":"\n<p>&nbsp;&nbsp; &nbsp; &nbsp;<strong> Pr\u00edjmime Je\u017ei\u0161ovo pozvanie k nasledovaniu<\/strong><\/p>\n\n\n\n<p><em>Kde Ty, Pane, i my tam<\/em><br><em>s Tebou chceme preb\u00fdva\u0165,<\/em><br><em>vzn\u00e1\u0161a\u0165 zrak svoj k v\u00fd\u0161in\u00e1m,<\/em><br><em>srdcia pravdou zm\u00fdva\u0165,<\/em><br><em>v Tebe \u017ei\u0165 a v Tebe r\u00e1s\u0165 &#8211;<\/em><br><em>a\u017e raz du\u0161a sples\u00e1<\/em><br><em>ke\u010f n\u00e1s pojme\u0161 v nov\u00fa vlas\u0165<\/em><br><em>k sebe na nebes\u00e1.\u00a0 Amen\u00a0 (M.R.)<\/em><\/p>\n\n\n\n<p><strong>J 1, 43 &#8211; 51:<\/strong><\/p>\n\n\n\n<p><em>\u201cDruh\u00e9ho d\u0148a chcel Je\u017ei\u0161 od\u00eds\u0165 do Galiley a na\u0161iel Filipa. Je\u017ei\u0161 mu riekol: Nasleduj ma! (44) Tento Filip bol z Betsaidy, mesta Ondrejovho a Petrovho. (45) Filip na\u0161iel Natanaela a povedal mu: Na\u0161li sme toho, o ktorom p\u00edsal Moj\u017ei\u0161 v z\u00e1kone a proroci, Je\u017ei\u0161a, syna Jozefovho z Nazareta. (46) Natanael mu povedal: \u010ci z Nazareta m\u00f4\u017ee by\u0165 nie\u010do dobr\u00e9ho? Odpovedal mu Filip: Po\u010f a vi\u010f! (47) Nato videl Je\u017ei\u0161 prich\u00e1dza\u0165 Natanaela a riekol o \u0148om: Ajh\u013ea, prav\u00fd Izraelita v ktorom nieto lesti. (48) Povedal mu Natanael: Odkia\u013e ma zn\u00e1\u0161? Odpovedaj\u00fac mu Je\u017ei\u0161 riekol: Prv, ako \u0165a Filip zavolal, videl som \u0165a, ke\u010f si bol pod figovn\u00edkom. (49) Odpovedal Mu Natanael: Majstre, Ty si Syn Bo\u017e\u00ed, Ty si Kr\u00e1\u013e izralsk\u00fd! (50) Odpovedaj\u00fac mu Je\u017ei\u0161, riekol: Ke\u010f som ti povedal, \u017ee som \u0165a videl pod figovn\u00edkom, ver\u00ed\u0161? Uvid\u00ed\u0161 v\u00e4\u010d\u0161ie veci ako tieto. (51) Potom mu riekol: Veru, veru, v\u00e1m hovor\u00edm: Uvid\u00edte nebo otvoren\u00e9 a anjelov Bo\u017e\u00edch vystupova\u0165 a zostupova\u0165 na Syna \u010dloveka\u201d. Amen<\/em><\/p>\n\n\n\n<p><em>&nbsp; &nbsp;<\/em> Bohumil\u00ed kres\u0165ania, bratia a sestry v P\u00e1novi Je\u017ei\u0161ovi Kristovi!<\/p>\n\n\n\n<p>&nbsp;&nbsp; Nov\u00fd rok je pred nami ako<em> \u201enezn\u00e1ma zem\u201c( terra incognita)<\/em> \u2013 do ktorej n\u00e1s vedie P\u00e1n Boh skrze svojho Syna. Iste, z\u010faleka nevieme, \u010do n\u00e1s na na\u0161ej zemskej p\u00fati a ceste v novom roku \u010dak\u00e1. \u010co v\u0161etko n\u00e1m prines\u00fa dni a mesiace, ktor\u00fa s\u00fa pred nami.<\/p>\n\n\n\n<p>&nbsp; &nbsp; S\u00fa mnoh\u00e9 veci, ktor\u00e9 si predsa len pl\u00e1nujeme a nie\u010do z toho napl\u00e1novan\u00e9ho nie\u010do aj uskuto\u010dn\u00edme. Preto si navz\u00e1jom \u017eel\u00e1me \u00faspech, dar zdravia, pokoja a v\u0161etk\u00e9ho dobr\u00e9ho.<\/p>\n\n\n\n<p>&nbsp; &nbsp; Okrem toho vieme, \u017ee aj P\u00e1n Boh m\u00e1 svoj pl\u00e1n s cel\u00fdm t\u00fdmto svetom a m\u00e1 aj svoje pl\u00e1ny s nami. S ka\u017ed\u00fdm z n\u00e1s. O tom najd\u00f4le\u017eitej\u0161om Bo\u017eom pl\u00e1ne vieme mnoh\u00ed u\u017e d\u00e1vnej\u0161ie, in\u00ed sa ho iba u\u010dia pozn\u00e1va\u0165 a porozumie\u0165 mu. Je to <strong>Bo\u017e\u00ed pl\u00e1n z\u00e1chrany <\/strong>sveta a z\u00e1chrany hrie\u0161nikov. My sa k nim v pokore prizn\u00e1vame a t\u00fdm viac si cen\u00edme Bo\u017eiu milos\u0165, prejaven\u00fa v pozvan\u00ed k nasledovaniu Je\u017ei\u0161a Krista, ktor\u00fd o sebe povedal: <em>\u201cJa som cesta i pravda i \u017eivot. Nik neprich\u00e1dza k Otcovi, ak len nie skrze M\u0148a.\u201d<\/em><\/p>\n\n\n\n<p>&nbsp; &nbsp; Aj v dne\u0161n\u00fa 1. nede\u013eu po Novom roku po\u010dujeme to ist\u00e9 oslovenie, ktor\u00fdm boli osloven\u00ed a pozvan\u00ed prv\u00ed u\u010den\u00edci Je\u017ei\u0161a Krista, ktor\u00fdm zaznelo Jeho slovo: <em>\u201c<\/em><strong><em>Nasleduj ma\u201d!<\/em><\/strong><\/p>\n\n\n\n<p>\u00a0 \u00a0 P\u00e1n Je\u017ei\u0161 na jednej strane hovoril celkom jednoducho a priamo o tom, pre\u010do pri\u0161iel na svet a ak\u00fd je Jeho z\u00e1mer. Pri\u0161iel pozva\u0165 \u010dloveka k n\u00e1vratu k P\u00e1nu Bohu a v kone\u010dnom d\u00f4sledku k ve\u010dnej sp\u00e1se. Preto Je\u017ei\u0161 i\u0161iel za \u013eu\u010fmi a oslovil mnoh\u00fdch priamo pri ich pr\u00e1ci v ich ka\u017edodennom \u017eivote. Mo\u017eno preto bolo prv\u00e9 stretnutie s N\u00edm pre mnoh\u00fdch ve\u013ek\u00fdm a ne\u010dakan\u00fdm prekvapen\u00edm. Ako prv\u00fdch pozval svojich bud\u00facich \u017eiakov, z ktor\u00fdch chcel ma\u0165 hl\u00e1sate\u013eov svojho posolstva a svedkov pravdy o sebe a o svojich zas\u013e\u00fabeniach. Medzi nich patrili: \u0160imon Peter a jeho brat Ondrej a Filip<strong>,<\/strong> ktor\u00fd poch\u00e1dzali z galilejskej Betsaidy.<\/p>\n\n\n\n<p>\u00a0\u00a0 Nem\u00f4\u017eeme prehliadnu\u0165, \u017ee potom aj Filip \u2013 zrejme plne zaujat\u00fd osobnos\u0165ou P\u00e1na Je\u017ei\u0161a oslovil a zavolal k Nemu svojho priate\u013ea, s ktor\u00fdm u\u017e nie\u010do pre\u017eil a mal s n\u00edm zrejme v mnohom podobn\u00e9 n\u00e1zory. \u00a0 Preto Natanaelovi povedal: <em>\u201cNa\u0161li sme Toho, o ktorom p\u00edsal Moj\u017ei\u0161 v z\u00e1kone a proroci, Je\u017ei\u0161a, syna Jozefovho z Nazareta\u201d. \u00a0<\/em> \u00a0<\/p>\n\n\n\n<p>&nbsp; &nbsp; Je to bystr\u00fd postreh, i ke\u010f e\u0161te nie aj spr\u00e1vne hodnotenie a poznanie. Je\u017ei\u0161a. Je to d\u00f4kaz, \u017ee bol dobre zorientovan\u00fd v P\u00edsmach SZ. Jeho svedectvo preto zaujalo aj jeho priate\u013ea. Natanael, na ktor\u00e9ho sa obr\u00e1til, nebol menej zdatn\u00fd a menej zorientovan\u00fd v P\u00edsme. Ve\u013emi pohotovo a presne zareagoval v\u00fdrokom, ktor\u00fdm \u201etrafil klin\u010dek po hlavi\u010dke\u201c, ke\u010f pripomenul:<em> \u201c\u010ci z Nazareta m\u00f4\u017ee by\u0165 nie\u010do dobr\u00e9ho?\u201d <\/em>Proroci toti\u017e Nazaret v s\u00favise s Mesi\u00e1\u0161om nikde nespom\u00ednali. Navy\u0161e Nazaret mal, podobne ako cel\u00e1 Galilea, nie najlep\u0161iu poves\u0165, pokia\u013e i\u0161lo o oblas\u0165 n\u00e1bo\u017eenstva. Galilea bola zn\u00e1ma povrchnou zbo\u017enos\u0165ou, ktor\u00e1 niesla siln\u00e9 stopy pohanstva.&nbsp;<\/p>\n\n\n\n<p>&nbsp; &nbsp; Napriek t\u00fdmto v\u00fdhrad\u00e1m Filip odpovedal Natanaelovi pozvan\u00edm k Je\u017ei\u0161ovi:<strong><em>\u201cPo\u010f a vi\u010f!\u201d<\/em><\/strong>&nbsp; &#8211; T\u00fdm akoby povedal: &#8211; Po\u010f a presved\u010d sa s\u00e1m, akou osobou a osobnos\u0165ou je Je\u017ei\u0161. Spoznaj Je\u017ei\u0161a a presved\u010d sa, \u010di je zbo\u017en\u00fdm Prorokom a azda aj zas\u013e\u00faben\u00fdm Mesi\u00e1\u0161om.<\/p>\n\n\n\n<p>&nbsp; &nbsp; Bratia a sestry! &nbsp; &nbsp;<\/p>\n\n\n\n<p>\u00a0 Osobn\u00e9 poznanie vtedaj\u0161\u00edch u\u010den\u00edkov a neskor\u0161\u00edch apo\u0161tolov, ale aj na\u0161e poznanie P\u00e1na ktor\u00e9 je zalo\u017een\u00e9 na ich svedectve ako o\u010dit\u00fdch svedkov, malo a m\u00e1 aj dnes svoj v\u00fdznam. Spom\u00ednam si v tomto s\u00favise na v\u00fdzvu, ktor\u00e1 pred nieko\u013ek\u00fdmi rokmi bola aktu\u00e1lna a zd\u00f4raz\u0148ovan\u00e1 v na\u0161ej cirkvi, ale pomerne skoro sa prestalo s jej propagovan\u00edm. T\u00e1 v\u00fdzva znela: <strong><em>\u201cPrive\u010f priate\u013ea do cirkvi!\u201d<\/em><\/strong><\/p>\n\n\n\n<p>\u00a0\u00a0 \u00a0 V na\u0161ich CZ, vr\u00e1tane n\u00e1\u0161ho myjavsk\u00e9ho, odznievaj\u00fa novoro\u010dn\u00e9 \u0161tatistick\u00e9 \u00fadaje. Vieme, \u017ee nie s\u00fa priazniv\u00e9, \u017ee sa umen\u0161ujeme postupn\u00fdm vymieran\u00edm, ale aj n\u00e1bo\u017eenskou vla\u017enos\u0165ou a duchovn\u00fdm odumieran\u00edm. Pr\u00e1vom sa dnes p\u00fdtame, \u010di pova\u017eujeme nov\u00fa misiu a evanjeliz\u00e1ciu za svoju trval\u00fa \u00falohu a poverenie. Mo\u017eno sa tie\u017e v duchu p\u00fdtame, ak\u00e1 je na\u0161a \u00faloha aj v tomto roku a ak\u00e9 s\u00fa na\u0161e mo\u017enosti na zmenu s\u00fa\u010dasn\u00e9ho neute\u0161en\u00e9ho stavu!?\u00a0<\/p>\n\n\n\n<p>&nbsp;&nbsp; Cesta k zmene je a m\u00f4\u017ee by\u0165 aj v tej spomenutej v\u00fdzve: <em>\u201cPrive\u010f priate\u013ea do cirkvi\u201d<\/em>. Mo\u017eno aj v jej modifik\u00e1cii:<em> \u201cPozvi priate\u013ea na Slu\u017eby Bo\u017eie!\u201d <\/em>V tejto v\u00fdzve a \u00falohe je vlastne v\u00fdzva k nasledovaniu pr\u00edkladu apo\u0161tola Filipa, ktor\u00fd povedal Natanaelovi: <strong><em>\u201cPo\u010f a vi\u010f\u201d! <\/em><\/strong>Pozvan\u00fdm \u010dlovekom m\u00f4\u017ee by\u0165 celkom pokojne niekto z na\u0161ej vlastnej rodiny, alebo z okruhu zn\u00e1mych, ktor\u00ed z nejak\u00e9ho d\u00f4vodu zabudli, mo\u017eno aj zanevreli na cesty do chr\u00e1mu \u2026Ak by ka\u017ed\u00fd z pozval k P\u00e1novi Je\u017ei\u0161ovi a do spolo\u010denstva Jeho cirkvi aspo\u0148 jedn\u00e9ho \u010dloveka, nemuseli by sme sa so sm\u00fatkom pozera\u0165 na \u00fabytok a umen\u0161ovania n\u00e1\u0161ho spolo\u010denstva.&nbsp;<\/p>\n\n\n\n<p>Ke\u010f bud\u00fa v tomto roku zverejnen\u00e9 po\u010dty s\u010d\u00edtania obyvate\u013estva a cirkevnej pr\u00edslu\u0161nosti, netreba by\u0165 prorokom na to, \u017ee za s\u00fa\u010dasn\u00e9ho stavu a pri &#8211; \u017eia\u013e- dlhodobom trende v na\u0161ej cirkvi to bude m\u00e1lo povzbudiv\u00e9 \u010d\u00edslo. Preto vi\u010fme a h\u013eadajme cestu k zmene a n\u00e1prave priamo v Bo\u017eom slove.<\/p>\n\n\n\n<p>&nbsp; Mil\u00ed bratia a sestry!<\/p>\n\n\n\n<p>\u00a0 To rozhoduj\u00face nast\u00e1va priamo pri stretnut\u00ed pozvan\u00e9ho \u010dloveka s Je\u017ei\u0161om a Jeho slovom. Je samozrejm\u00e9, \u017ee On s\u00e1m mus\u00ed \u010dloveka oslovi\u0165, aby nielen raz &#8211; \u010di dva razy za rok, \u010di dokonca za \u201euhorsk\u00fd rok\u201c, pri\u0161iel do kostola na Slu\u017eby Bo\u017eie, ale aby sa skuto\u010dne stal vern\u00fdm vyznava\u010dom a svedkom P\u00e1na Je\u017ei\u0161a, ochotn\u00fdm spolup\u00f4sobi\u0165 v tom istom smere ako On.<\/p>\n\n\n\n<p>&nbsp;&nbsp; P\u00e1n Je\u017ei\u0161 ka\u017ed\u00e9ho \u010dloveka pozn\u00e1 osobne a po mene tak, ako poznal aj Natanaela. K jeho prednostiam a dobrej str\u00e1nke patrilo, \u017ee to bol mu\u017e priamy, otvoren\u00fd, aj ke\u010f s jeho duchovnou str\u00e1nkou nebolo ani z\u010faleka v\u0161etko v poriadku. P\u00e1n Je\u017ei\u0161 vedel, \u017ee s t\u00fdmto Izraelitom to bude \u0165a\u017ek\u00e9. Bol priamej povahy, ale aj tvrdo\u0161ijn\u00fd a silne sa prid\u0155\u017eaj\u00faci vlastn\u00fdch predst\u00e1v o Mesi\u00e1\u0161ovi. <em>\u201cPrav\u00fd Izraelita, v ktorom nieto lesti\u201d.<\/em><\/p>\n\n\n\n<p>\u00a0 \u00a0 P\u00e1n Je\u017ei\u0161 v\u0161ak ocenil, \u017ee je \u010dlovek priamy, \u017ee Natanael nebol dvojtv\u00e1rny,\u00a0 aj ke\u010f to je niekedy pre \u010dloveka nev\u00fdhodou. Mal teda ur\u010dit\u00e9 d\u00f4le\u017eit\u00e9 mor\u00e1lne predpoklady, ale \u2013 ako to u\u017e b\u00fdva \u2013 mal aj m\u00ednusy. P\u00e1n Je\u017ei\u0161 mu preto povedal: <em>\u201cVidel som \u0165a, ke\u010f si bol pod figovn\u00edkom\u201d<\/em>. T\u00fdm nazna\u010dil, \u017ee ho pozn\u00e1 a \u017ee vie o jeho vn\u00fatre a srdci v\u0161etko.<\/p>\n\n\n\n<p>\u00a0 \u00a0 P\u00e1n Je\u017ei\u0161 vedel a poznal srdcia \u013eud\u00ed v Galiley i v Judsku a vedel, \u017ee aj \u013eud Izraela sk\u013azaval k nevere, ale aj k pover\u00e1m. Bol \u013eudom <em>\u201ena \u00fateku pred P\u00e1nom Bohom\u201c a tak\u00fd bol aj Natanael. <\/em>Kol\u00edsal medzi vierou a neverou, medzi dobrom a zlom&#8230;Izraelci sa nechodili modli\u0165 pod figovn\u00edkov\u00e9 stromy, neh\u013eadali tam P\u00e1na Boha, ale sk\u00f4r pr\u00edtomnos\u0165 zl\u00fdch duchov a falo\u0161n\u00fdch bohov. Aj Natanael pod figovn\u00edkov\u00fdm stromom chcel h\u013eada\u0165 rie\u0161enie svojich vlastn\u00fdch duchovn\u00e9 probl\u00e9mov, o ktor\u00fdch s\u00edce konkr\u00e9tne nevieme z P\u00edsma ni\u010d bli\u017e\u0161ie, ale d\u00e1 sa vyc\u00edti\u0165, \u017ee sa c\u00edtil ako usved\u010den\u00fd hrie\u0161nik. \u00a0 \u00a0<\/p>\n\n\n\n<p>&nbsp;&nbsp; P\u00e1n Je\u017ei\u0161 ale nikoho nechce necha\u0165 v nevere, v pochybnostiach, v bl\u00faden\u00ed a na \u00fateku od viery. P\u00e1n Boh u\u017e v raji podobne pristavil a oslovil Adama a Evu po ich p\u00e1de do hriechu, ke\u010f sa skr\u00fdvali pred Jeho tv\u00e1rou: <em>\u201cAdam, kde si?<\/em>\u201d! T\u00e1to Bo\u017eia ot\u00e1zka a oslovenie zaznieva aj nad nami.<\/p>\n\n\n\n<p>Podobne Je\u017ei\u0161ov hlas bude zaznieva\u0165 znova a znova vo zvesti Jeho slova. V r\u00f4znych \u017eivotn\u00fdch situ\u00e1ciach, ktor\u00e9 budeme pre\u017e\u00edva\u0165, do ktor\u00fdch sa dostaneme a v ktor\u00fdch, alebo skrze ktor\u00e9 n\u00e1s P\u00e1n Boh&nbsp; slovom P\u00e1na Je\u017ei\u0161a bude h\u013eada\u0165 a vola\u0165 k sebe do \u010dasn\u00e9ho i ve\u010dn\u00e9ho spolo\u010denstva.<\/p>\n\n\n\n<p>&nbsp; &nbsp; Vieme, \u017ee aj Adam a Eva si v hanbe a strachu pred P\u00e1nom Bohom urobili odev z figov\u00e9ho l\u00edstia v rajskej z\u00e1hrade, d\u00fafaj\u00fac, \u017ee skryj\u00fa svoju \u201cnahotu\u201d &#8211; dok\u00e1zan\u00fa neposlu\u0161nos\u0165 vo\u010di P\u00e1nu Bohu. Ale cez tak\u00fato, \u010di podobn\u00fa iniciat\u00edvu \u010dloveka cesta k z\u00e1chrane a k sp\u00e1se nevedie. Nebola schodn\u00e1 ani pre Natanaela. &nbsp;<\/p>\n\n\n\n<p>\u00a0\u00a0 \u00a0 Tak\u00e1 cesta vedie iba cez Je\u017ei\u0161a, cez poznanie Jeho osoby a diela a cez Jeho vern\u00e9 nasledovanie. Na Natanaela zap\u00f4sobilo to, \u017ee hoci ho Je\u017ei\u0161 videl a spr\u00e1vne poznal jeho srdce, predsa sa k nemu sklonil a povolal ho za svojho u\u010den\u00edka. V tom videl P\u00e1novu moc, ale aj milos\u0165 ktorej sa mu dostalo. Vtedy, zo slova P\u00e1novho sa za\u010dala rodi\u0165 v \u0148om aj prav\u00e1 viera, spr\u00e1vne poznanie i vyznanie: <em>\u201cMajstre, ty si Syn Bo\u017e\u00ed, Ty si \u00a0kr\u00e1\u013e izraelsk\u00fd!\u201d<\/em><\/p>\n\n\n\n<p>&nbsp; &nbsp; &nbsp; O takomto vyznan\u00ed plat\u00ed, \u017ee patr\u00ed do kateg\u00f3rie t\u00fdch, ktor\u00e9 nie je z \u013eudsk\u00e9ho rozumu, ale je darom milosti a darom Ducha Sv\u00e4t\u00e9ho.<\/p>\n\n\n\n<p>Tam, kde Je\u017ei\u0161a spr\u00e1vne pozn\u00e1vame a oce\u0148ujeme Jeho pr\u00edchod k n\u00e1m a\u00a0Jeho nebesk\u00fa misiu, ke\u010f n\u00e1s h\u013ead\u00e1, ke\u010f chce n\u00e1s pozva\u0165 k sebe a zachova\u0165 pre nebesk\u00e9 kr\u00e1\u013eovstvo, tam plat\u00ed Jeho zas\u013e\u00fabenie:<em> \u201d Uvid\u00ed\u0161 v\u00e4\u010d\u0161ie veci ako tieto!\u201d <\/em>Tou v\u00e4\u010d\u0161ou vecou je otvoren\u00e9 nebo a sl\u00e1vna bud\u00facnos\u0165 Bo\u017e\u00edch det\u00ed. To je cie\u013e, ktor\u00fd je pred nami. Cie\u013e nielen na jeden rok, ale trval\u00fd cie\u013e na\u0161ich \u017eivotov.<\/p>\n\n\n\n<p>&nbsp;&nbsp; Bratia a sestry!<\/p>\n\n\n\n<p>\u00a0 \u00a0 Povedali sme v \u00favode, \u017ee je ve\u013ea vec\u00ed skryt\u00fdch pred nami a nevieme, \u010do n\u00e1s v novom roku \u010dak\u00e1. O tejto jednej veci v\u0161ak vieme: \u017ee P\u00e1n Boh i n\u00e1s skrze svojho Syna h\u013ead\u00e1 a bude h\u013eada\u0165, bude s nami a pri n\u00e1s aj pri na\u0161ich \u00fatekoch, aj pri na\u0161ich p\u00e1doch, ale aj pri na\u0161om duchovnom znovuzroden\u00ed a raste, a potom aj v slu\u017ebe, do ktorej sme v\u0161etci pokrsten\u00ed povolan\u00ed. Amen \u00a0<\/p>\n\n\n\n<p>\u00a0 \u00a0 \u00a0 \u00a0 \u00a0 Nede\u013ea po Novom roku 2022 \u00a0 &#8211; CZ Myjava\u00a0 &#8211; Mgr. \u013dubom\u00edr Batka st. \u00a0 \u00a0 \u00a0 \u00a0<\/p>\n","protected":false},"excerpt":{"rendered":"<p>&nbsp;&nbsp; &nbsp; &nbsp; Pr\u00edjmime Je\u017ei\u0161ovo pozvanie k nasledovaniu Kde Ty, Pane, i my tams Tebou chceme preb\u00fdva\u0165,vzn\u00e1\u0161a\u0165 zrak svoj k v\u00fd\u0161in\u00e1m,srdcia pravdou zm\u00fdva\u0165,v Tebe \u017ei\u0165 a v Tebe r\u00e1s\u0165 &#8211;a\u017e raz du\u0161a sples\u00e1ke\u010f n\u00e1s pojme\u0161 v nov\u00fa vlas\u0165k sebe na nebes\u00e1.\u00a0 Amen\u00a0 (M.R.) J 1, 43 &#8211; 51: \u201cDruh\u00e9ho d\u0148a chcel Je\u017ei\u0161 od\u00eds\u0165 do Galiley &#8230; <a title=\"Pr\u00edjmime Je\u017ei\u0161ovi pozvanie k nasledovaniu\" class=\"read-more\" href=\"https:\/\/www.e-anjelik.sk\/index.php\/2022\/01\/07\/prijmime-jezisovi-pozvanie-k-nasledovaniu\/\" aria-label=\"Pre\u010d\u00edtajte si viac o Pr\u00edjmime Je\u017ei\u0161ovi pozvanie k nasledovaniu\">\u010c\u00edta\u0165 viac<\/a><\/p>\n","protected":false},"author":4,"featured_media":0,"comment_status":"open","ping_status":"open","sticky":false,"template":"","format":"standard","meta":{"footnotes":""},"categories":[121,118,543,95],"tags":[],"class_list":["post-35310","post","type-post","status-publish","format-standard","hentry","category-kazne","category-myjava","category-nedela-po-novom-roku","category-sobotiste"],"_links":{"self":[{"href":"https:\/\/www.e-anjelik.sk\/index.php\/wp-json\/wp\/v2\/posts\/35310","targetHints":{"allow":["GET"]}}],"collection":[{"href":"https:\/\/www.e-anjelik.sk\/index.php\/wp-json\/wp\/v2\/posts"}],"about":[{"href":"https:\/\/www.e-anjelik.sk\/index.php\/wp-json\/wp\/v2\/types\/post"}],"author":[{"embeddable":true,"href":"https:\/\/www.e-anjelik.sk\/index.php\/wp-json\/wp\/v2\/users\/4"}],"replies":[{"embeddable":true,"href":"https:\/\/www.e-anjelik.sk\/index.php\/wp-json\/wp\/v2\/comments?post=35310"}],"version-history":[{"count":2,"href":"https:\/\/www.e-anjelik.sk\/index.php\/wp-json\/wp\/v2\/posts\/35310\/revisions"}],"predecessor-version":[{"id":37011,"href":"https:\/\/www.e-anjelik.sk\/index.php\/wp-json\/wp\/v2\/posts\/35310\/revisions\/37011"}],"wp:attachment":[{"href":"https:\/\/www.e-anjelik.sk\/index.php\/wp-json\/wp\/v2\/media?parent=35310"}],"wp:term":[{"taxonomy":"category","embeddable":true,"href":"https:\/\/www.e-anjelik.sk\/index.php\/wp-json\/wp\/v2\/categories?post=35310"},{"taxonomy":"post_tag","embeddable":true,"href":"https:\/\/www.e-anjelik.sk\/index.php\/wp-json\/wp\/v2\/tags?post=35310"}],"curies":[{"name":"wp","href":"https:\/\/api.w.org\/{rel}","templated":true}]}}