{"id":35315,"date":"2022-01-12T18:00:46","date_gmt":"2022-01-12T17:00:46","guid":{"rendered":"https:\/\/e-anjelik.sk\/?p=35315"},"modified":"2022-01-12T18:00:46","modified_gmt":"2022-01-12T17:00:46","slug":"sluzby-bozie-od-12-januara-2022","status":"publish","type":"post","link":"https:\/\/www.e-anjelik.sk\/index.php\/2022\/01\/12\/sluzby-bozie-od-12-januara-2022\/","title":{"rendered":"Slu\u017eby Bo\u017eie od 12.janu\u00e1ra 2022"},"content":{"rendered":"\n<h1 class=\"wp-block-heading\">Vyhl\u00e1\u0161ka k organiz\u00e1cii bohoslu\u017eieb od 12. janu\u00e1ra 2021<\/h1>\n\n\n\n<ul class=\"wp-block-list\"><li>&nbsp;12.01.22<\/li><li>&nbsp;&nbsp;Predsedn\u00edctvo ECAV<\/li><li>&nbsp;<a href=\"https:\/\/www.ecav.sk\/aktuality\/oznamy\">&nbsp;Oznamy<\/a><\/li><\/ul>\n\n\n\n<figure class=\"wp-block-image\"><a href=\"https:\/\/www.ecav.sk\/rails\/active_storage\/blobs\/eyJfcmFpbHMiOnsibWVzc2FnZSI6IkJBaHBBbmk4IiwiZXhwIjpudWxsLCJwdXIiOiJibG9iX2lkIn19--ad0d5788774297e367a90002fa545a6e13b2c58c\/Lutherova_Ruzaa.png\"><img decoding=\"async\" src=\"https:\/\/www.ecav.sk\/rails\/active_storage\/representations\/eyJfcmFpbHMiOnsibWVzc2FnZSI6IkJBaHBBbmk4IiwiZXhwIjpudWxsLCJwdXIiOiJibG9iX2lkIn19--ad0d5788774297e367a90002fa545a6e13b2c58c\/eyJfcmFpbHMiOnsibWVzc2FnZSI6IkJBaDdCam9MY21WemFYcGxTU0lJT1RBd0Jqb0dSVlE9IiwiZXhwIjpudWxsLCJwdXIiOiJ2YXJpYXRpb24ifX0=--f83398908a42570f1be2d2870fc3e62f317d893b\/Lutherova_Ruzaa.png\" alt=\"Vyhl\u00e1\u0161ka k organiz\u00e1cii bohoslu\u017eieb od 12. janu\u00e1ra 2021\"\/><\/a><\/figure>\n\n\n\n<p>Bratia a sestry, prin\u00e1\u0161ame V\u00e1m pravidl\u00e1 pre organizovanie na\u0161ich cirkevn\u00fdch hromadn\u00fdch podujat\u00ed, platn\u00e9 od&nbsp;<strong>12. 1. 2022.<\/strong><br>Vyhl\u00e1\u0161ka v plnom znen\u00ed tu:<br><a href=\"https:\/\/www.minv.sk\/swift_data\/source\/verejna_sprava\/vestnik_vlady_sr_rok_2022\/vyhlaska_2.pdf\">https:\/\/www.minv.sk\/swift_data\/source\/verejna_sprava\/vestnik_vlady_sr_rok_2022\/vyhlaska_2.pdf<\/a><\/p>\n\n\n\n<p>Hromadn\u00e9 podujatia sa po novom delia do troch skup\u00edn pod\u013ea rizikovosti. V z\u00e1vislosti od rizikovosti s\u00fa n\u00e1sledne ur\u010den\u00e9 maxim\u00e1lne limity \u00fa\u010dastn\u00edkov.<\/p>\n\n\n\n<p><strong><u>1. N\u00edzko rizikov\u00e9 podujatia<\/u><\/strong><br>&#8211; \u00fa\u010dastn\u00edci maj\u00fa prekryt\u00e9 horn\u00e9 d\u00fdchacie cesty respir\u00e1torom,<br>&#8211; plat\u00ed z\u00e1kaz konzum\u00e1cie pokrmov a n\u00e1pojov,<br>&#8211; povinn\u00e9 sedenie,<br>&#8211; hromadn\u00e9 podujatie prebieha bez spevu.<\/p>\n\n\n\n<p>&nbsp; &nbsp; &nbsp; &nbsp; &nbsp; &nbsp; &nbsp;&nbsp;<strong>Podmienky:<\/strong><br>&#8211; re\u017eim OP,<br>&#8211; najviac 50 % kapacity priestoru alebo maxim\u00e1lne 100 os\u00f4b.<\/p>\n\n\n\n<p><em>Pr\u00edklad: medzi n\u00edzkorizikov\u00e9 podujatia mo\u017eno bohoslu\u017eby bez spevu, biblick\u00e1 hodina bez spevu \u010di in\u00e9 stretnutia v r\u00e1mci cirkevn\u00e9ho zboru bez spevu, bez konzum\u00e1cie, s respir\u00e1torom a so seden\u00edm<\/em><\/p>\n\n\n\n<p><strong><u>2. Stredne rizikov\u00e9 podujatia<\/u><\/strong><br>&#8211; \u00fa\u010dastn\u00edci hromadn\u00e9ho podujatia maj\u00fa prekryt\u00e9 horn\u00e9 d\u00fdchacie cesty respir\u00e1torom,<br>&#8211; na hromadnom podujat\u00ed je fixn\u00e9 sedenie alebo st\u00e1tie.<\/p>\n\n\n\n<p><strong>Podmienky:<\/strong><br><strong>&#8211;&nbsp;<\/strong>re\u017eim OP,<br>&#8211; najviac 25 % kapacity priestoru alebo maxim\u00e1lne 100 os\u00f4b.<em>&nbsp;<\/em><\/p>\n\n\n\n<p><em>Pr\u00edklad: medzi stredne rizikov\u00e9 podujatia mo\u017eno zaradi\u0165 slu\u017eby Bo\u017eie so spevom \u010di in\u00e9 vn\u00fatromisijn\u00e9 aktivity so spevom<\/em><\/p>\n\n\n\n<p><strong><u>3. Vysoko rizikov\u00e9 podujatia<\/u><\/strong><br>&#8211; tento typ podujat\u00ed sa slu\u017eieb Bo\u017e\u00edch net\u00fdka<\/p>\n\n\n\n<p><strong><u>V\u0161eobecn\u00e9 opatrenia pre hromadn\u00e9 podujatia (paragraf 3 vyhl\u00e1\u0161ky)<\/u><\/strong><br>&#8211; vyhradenie miesta konania podujatia a vyzna\u010denie vstupu a v\u00fdstupu,<br>&#8211; umo\u017eni\u0165 vstup len s prekryt\u00fdmi horn\u00fdmi d\u00fdchac\u00edmi cestami,<br>&#8211; organiz\u00e1tor mus\u00ed by\u0165 v ka\u017edej chv\u00edli schopn\u00fd preuk\u00e1za\u0165 po\u010det \u00fa\u010dastn\u00edkov podujatia&nbsp;<strong>(pozn. zabezpe\u010di\u0165 poveren\u00fa osobu, ktor\u00e1 m\u00e1 na starosti spo\u010d\u00edtanie pr\u00edtomn\u00fdch),&nbsp;<\/strong><br>&#8211; zaisti\u0165 pri vstupe dezinfekciu r\u00fak n\u00e1v\u0161tevn\u00edkov,<br>&#8211; \u010dasto vetra\u0165, vykon\u00e1va\u0165 \u010dast\u00fa dezinfekciu priestorov, hlavne dotykov\u00fdch pl\u00f4ch, k\u013eu\u010diek, podl\u00e1h v interi\u00e9ri a predmetov,<br>&#8211; hygienick\u00e9 zariadenia vybavi\u0165 tekut\u00fdm mydlom a papierov\u00fdmi utierkami,<br>&#8211; zabezpe\u010di\u0165 dvojmetrov\u00e9 rozostupy \u00fa\u010dastn\u00edkov, to neplat\u00ed napr\u00edklad pre osoby zo spolo\u010dnej dom\u00e1cnosti, partnerov, osoby vykon\u00e1vaj\u00face \u0161portov\u00fa \u010dinnos\u0165, osoby na hromadnom podujat\u00ed v re\u017eime OP, osoby usaden\u00e9 v h\u013eadisku podujatia, umelcov vykon\u00e1vaj\u00facich umeleck\u00fa \u010dinnos\u0165 a pod.<br>&#8211; zabezpe\u010di\u0165 vyvesenie oznamov o povolenom po\u010dte \u00fa\u010dastn\u00edkov, o potrebe prekrytia horn\u00fdch d\u00fdchac\u00edch ciest a \u010fal\u0161ie oznamy \u2013 podrobnej\u0161ie podmienky s\u00fa uveden\u00e9 vo vyhl\u00e1\u0161ke,<br>&#8211; tam, kde je to mo\u017en\u00e9, zabezpe\u010di\u0165 sedenie v ka\u017edom druhom rade.<\/p>\n\n\n\n<p><strong>Slu\u017eby Bo\u017eie, sob\u00e1\u0161ne obrady a obrady krstu<\/strong><br>&#8211; dezinfikova\u0165 pou\u017eit\u00e9 predmety sl\u00fa\u017eiace \u00fa\u010delom obradu,<br>&#8211; v pr\u00edpade kontaktu rozd\u00e1vaj\u00faceho s \u00fastami veriaceho si mus\u00ed rozd\u00e1vaj\u00faci zaka\u017ed\u00fdm vydezinfikova\u0165 ruky&nbsp;<strong>(obl\u00e1tku d\u00e1vame na ruku)<\/strong>, pri prij\u00edman\u00ed pod oboj\u00edm pou\u017ei\u0165 pri ka\u017edom prij\u00edmaj\u00facom v\u017edy nov\u00fa ly\u017ei\u010dku,&nbsp;<strong>(rozumej, v\u00edno pod\u00e1vame pre ka\u017ed\u00e9mu prij\u00edmaj\u00facemu zo samostatn\u00e9ho kal\u00ed\u0161teka),&nbsp;<\/strong><br>&#8211; zakazuje sa pou\u017e\u00edva\u0165 obrady pitia z jednej n\u00e1doby viac ako jednou osobou,<br>&#8211; z\u00e1rove\u0148 platia aj v\u0161eobecn\u00e9 podmienky pre organiz\u00e1ciu hromadn\u00fdch podujat\u00ed, ktor\u00e9 je mo\u017en\u00e9 na tieto typy podujat\u00ed aplikova\u0165 (vymenovan\u00e9 vy\u0161\u0161ie).<strong><em>&nbsp;<\/em><\/strong><\/p>\n\n\n\n<p><strong><em>Sob\u00e1\u0161ne obrady vr\u00e1tane civiln\u00fdch a obrady krstu m\u00f4\u017eu by\u0165 v re\u017eime OTP bez kapacitn\u00fdch obmedzen\u00ed. Pohrebn\u00e9 obrady s\u00fa v re\u017eime z\u00e1klad a nevz\u0165ahuj\u00fa sa na ne kapacitn\u00e9 obmedzenia.<\/em><\/strong><\/p>\n\n\n\n<p>S pozdravom<\/p>\n\n\n\n<p>Ing. Ren\u00e1ta Vinczeov\u00e1 &nbsp; &nbsp; &nbsp; &nbsp; &nbsp; &nbsp; &nbsp; &nbsp; &nbsp; &nbsp; &nbsp; &nbsp; &nbsp; &nbsp; &nbsp; &nbsp; &nbsp; &nbsp; &nbsp; &nbsp; &nbsp; &nbsp; &nbsp; &nbsp; &nbsp; &nbsp; &nbsp; &nbsp; &nbsp; &nbsp; &nbsp; &nbsp; &nbsp; &nbsp; &nbsp; &nbsp; &nbsp;Mgr. Ivan E\u013eko<br>z\u00e1stupky\u0148a gener\u00e1lneho dozorcu &nbsp; &nbsp; &nbsp; &nbsp; &nbsp; &nbsp; &nbsp; &nbsp; &nbsp; &nbsp; &nbsp; &nbsp; &nbsp; &nbsp; &nbsp; &nbsp; &nbsp; &nbsp; &nbsp; &nbsp; &nbsp; &nbsp; &nbsp; &nbsp; &nbsp; &nbsp; &nbsp; &nbsp;gener\u00e1lny biskup<a href=\"https:\/\/www.ecav.sk\/aktuality\/oznamy\/vyhlaska-k-organizacii-bohosluzieb-od-12-januara-2021?fbclid=IwAR2jGhTh02k4RUGFhrQpFxVqV3hCUzIGgRkRwUjPV6-3zFS3ZuEyoFmDJgw#\"><\/a><\/p>\n","protected":false},"excerpt":{"rendered":"<p>Vyhl\u00e1\u0161ka k organiz\u00e1cii bohoslu\u017eieb od 12. janu\u00e1ra 2021 &nbsp;12.01.22 &nbsp;&nbsp;Predsedn\u00edctvo ECAV &nbsp;&nbsp;Oznamy Bratia a sestry, prin\u00e1\u0161ame V\u00e1m pravidl\u00e1 pre organizovanie na\u0161ich cirkevn\u00fdch hromadn\u00fdch podujat\u00ed, platn\u00e9 od&nbsp;12. 1. 2022.Vyhl\u00e1\u0161ka v plnom znen\u00ed tu:https:\/\/www.minv.sk\/swift_data\/source\/verejna_sprava\/vestnik_vlady_sr_rok_2022\/vyhlaska_2.pdf Hromadn\u00e9 podujatia sa po novom delia do troch skup\u00edn pod\u013ea rizikovosti. V z\u00e1vislosti od rizikovosti s\u00fa n\u00e1sledne ur\u010den\u00e9 maxim\u00e1lne limity \u00fa\u010dastn\u00edkov. 1. N\u00edzko &#8230; <a title=\"Slu\u017eby Bo\u017eie od 12.janu\u00e1ra 2022\" class=\"read-more\" href=\"https:\/\/www.e-anjelik.sk\/index.php\/2022\/01\/12\/sluzby-bozie-od-12-januara-2022\/\" aria-label=\"Pre\u010d\u00edtajte si viac o Slu\u017eby Bo\u017eie od 12.janu\u00e1ra 2022\">\u010c\u00edta\u0165 viac<\/a><\/p>\n","protected":false},"author":4,"featured_media":0,"comment_status":"open","ping_status":"open","sticky":false,"template":"","format":"standard","meta":{"footnotes":""},"categories":[177,561],"tags":[],"class_list":["post-35315","post","type-post","status-publish","format-standard","hentry","category-gbu","category-pandemia"],"_links":{"self":[{"href":"https:\/\/www.e-anjelik.sk\/index.php\/wp-json\/wp\/v2\/posts\/35315","targetHints":{"allow":["GET"]}}],"collection":[{"href":"https:\/\/www.e-anjelik.sk\/index.php\/wp-json\/wp\/v2\/posts"}],"about":[{"href":"https:\/\/www.e-anjelik.sk\/index.php\/wp-json\/wp\/v2\/types\/post"}],"author":[{"embeddable":true,"href":"https:\/\/www.e-anjelik.sk\/index.php\/wp-json\/wp\/v2\/users\/4"}],"replies":[{"embeddable":true,"href":"https:\/\/www.e-anjelik.sk\/index.php\/wp-json\/wp\/v2\/comments?post=35315"}],"version-history":[{"count":1,"href":"https:\/\/www.e-anjelik.sk\/index.php\/wp-json\/wp\/v2\/posts\/35315\/revisions"}],"predecessor-version":[{"id":35316,"href":"https:\/\/www.e-anjelik.sk\/index.php\/wp-json\/wp\/v2\/posts\/35315\/revisions\/35316"}],"wp:attachment":[{"href":"https:\/\/www.e-anjelik.sk\/index.php\/wp-json\/wp\/v2\/media?parent=35315"}],"wp:term":[{"taxonomy":"category","embeddable":true,"href":"https:\/\/www.e-anjelik.sk\/index.php\/wp-json\/wp\/v2\/categories?post=35315"},{"taxonomy":"post_tag","embeddable":true,"href":"https:\/\/www.e-anjelik.sk\/index.php\/wp-json\/wp\/v2\/tags?post=35315"}],"curies":[{"name":"wp","href":"https:\/\/api.w.org\/{rel}","templated":true}]}}