{"id":3532,"date":"2011-05-02T11:11:06","date_gmt":"2011-05-02T11:11:06","guid":{"rendered":"http:\/\/e-anjelik.sk\/?p=3532"},"modified":"2011-05-02T11:11:06","modified_gmt":"2011-05-02T11:11:06","slug":"oddavna-som-mlcal-bol-som-nemy-iz-4314","status":"publish","type":"post","link":"https:\/\/www.e-anjelik.sk\/index.php\/2011\/05\/02\/oddavna-som-mlcal-bol-som-nemy-iz-4314\/","title":{"rendered":"&#8222;Odd\u00e1vna som ml\u010dal, bol som nem\u00fd&#8230;&#8220; Iz 43,14"},"content":{"rendered":"<p>S&uacute; \u010dasy, kedy Boh ml\u010d&iacute;. Potom to vyzer&aacute; tak, ako keby nejestvoval.Hovor&iacute; sa o \u0147om predsa sn&aacute;\u010f v k&aacute;z\u0148ach a v diskusi&aacute;ch. Ale Boh je pritom iba len ako my&scaron;lienka, predstava, z ktorej nevych&aacute;dza nijak&aacute; sila, ktor&aacute; nami h&yacute;be.<\/p>\n<p>Ka\u017ed&eacute; bezmy&scaron;lienkovit&eacute; pou\u017eitie slova &quot;Boh&quot; ukazuje, \u017ee &#8211; ten kto tak rozpr&aacute;va &#8211; netu&scaron;&iacute;, o \u010dom rozpr&aacute;va. Je sties\u0148uj&uacute;co,&nbsp; ak Boh takto ml\u010d&iacute;, \u010di pre jednotliv&eacute;ho \u010dloveka alebo cel&uacute; kult&uacute;ru. Toto ml\u010danie n&aacute;s m&ocirc;\u017ee zahali\u0165 ako nejak&aacute; hmla. Potom sa sami seba&nbsp;p&yacute;tame , \u010di je Boh iba nejak&aacute; \u013eudsk&aacute; predstava .Vn&uacute;torn&aacute; pr&aacute;zdnota a pocit bezzmyselnosti, ktor&eacute; pozna mnoho \u013eud&iacute;, a ktor&eacute; asi ka\u017ed&yacute; tu a tam nanovo poci\u0165uje, roz&scaron;iruje sa, ke\u010f Boh ml\u010d&iacute;. Ale my by sme si mali hovori\u0165: Je to s&aacute;m Boh, ktor&yacute; ml\u010d&iacute;. On kon&aacute; aj po\u010das svojho ml\u010dania. O to viacej mus&iacute;me sa modli\u0165 k Nemu a \u010d&iacute;ta\u0165 v Biblii. Potom jedn&eacute;ho d\u0148a zak&uacute;sime: Boh sa d&aacute;va spozn&aacute;va\u0165. Hovor&iacute; k n&aacute;m cez Bibliu, cez dobr&uacute; radu priate\u013ea, cez otrasn&eacute; ,sn&aacute;\u010f aj hrozn&eacute; udalosti, ale aj cez nezasl&uacute;\u017een&eacute; &scaron;\u0165astie.<\/p>\n<p>Boh hovor&iacute; a ukazuje svoju moc v hrozn&yacute;ch udalostiach , ako aj v t&yacute;ch ob&scaron;\u0165ast\u0148uj&uacute;cich, zachra\u0148uj&uacute;cich&nbsp; a oslobodzuj&uacute;cich. Je roz&scaron;&iacute;ren&yacute;m omylom myslie\u0165 si, \u017ee kon&aacute; len v udalostiach , ktor&eacute; zodpovedaj&uacute; na&scaron;im \u017eelaniam a prin&aacute;&scaron;aj&uacute; n&aacute;m to, \u010do sa n&aacute;m p&aacute;\u010di. Nie, aj v tom, \u010do n&aacute;m prin&aacute;&scaron;a ne&scaron;\u0165astie, on kon&aacute;. Ale potom je ne&scaron;\u0165astie ,ktor&eacute; n&aacute;s bol&iacute;, v skuto\u010dnosti nijak&eacute; ne&scaron;\u0165astie. Ale v tomto pr&iacute;pade n&aacute;s Boh vedie na cestu, ktor&uacute; nepozn&aacute;me, k tomu, \u010do n&aacute;m posl&uacute;\u017ei najlep&scaron;ie. A potom sa n&aacute;m tma st&aacute;va svetlom, v ktorom poznav&aacute;me: <em><strong>V&scaron;emoh&uacute;ci Bo\u017ee, \u010fakujeme Ti, \u017ee m&ocirc;\u017eeme ku Tebe hopvori\u0165 a menova\u0165 \u0164a svojim Otcom. Pom&ocirc;\u017e n&aacute;m, aby sme t&uacute;to nezasl&uacute;\u017een&uacute; dobrotu nezneu\u017eili, ale aby sme ku Tebe hovorili ako deti ku svojmu otcovi..Amen.<\/strong><\/em><\/p>\n<p>(Die feste Burg, ev.far&aacute;r Dr. Eberhard Leppin, Marburg)<\/p>\n","protected":false},"excerpt":{"rendered":"<p>S&uacute; \u010dasy, kedy Boh ml\u010d&iacute;. Potom to vyzer&aacute; tak, ako keby nejestvoval.Hovor&iacute; sa o \u0147om predsa sn&aacute;\u010f v k&aacute;z\u0148ach a v diskusi&aacute;ch. Ale Boh je pritom iba len ako my&scaron;lienka, predstava, z ktorej nevych&aacute;dza nijak&aacute; sila, ktor&aacute; nami h&yacute;be. Ka\u017ed&eacute; bezmy&scaron;lienkovit&eacute; pou\u017eitie slova &quot;Boh&quot; ukazuje, \u017ee &#8211; ten kto tak rozpr&aacute;va &#8211; netu&scaron;&iacute;, o \u010dom &#8230; <a title=\"&#8222;Odd\u00e1vna som ml\u010dal, bol som nem\u00fd&#8230;&#8220; Iz 43,14\" class=\"read-more\" href=\"https:\/\/www.e-anjelik.sk\/index.php\/2011\/05\/02\/oddavna-som-mlcal-bol-som-nemy-iz-4314\/\" aria-label=\"Pre\u010d\u00edtajte si viac o &#8222;Odd\u00e1vna som ml\u010dal, bol som nem\u00fd&#8230;&#8220; Iz 43,14\">\u010c\u00edta\u0165 viac<\/a><\/p>\n","protected":false},"author":22,"featured_media":0,"comment_status":"open","ping_status":"open","sticky":false,"template":"","format":"standard","meta":{"footnotes":""},"categories":[121],"tags":[],"class_list":["post-3532","post","type-post","status-publish","format-standard","hentry","category-kazne"],"_links":{"self":[{"href":"https:\/\/www.e-anjelik.sk\/index.php\/wp-json\/wp\/v2\/posts\/3532","targetHints":{"allow":["GET"]}}],"collection":[{"href":"https:\/\/www.e-anjelik.sk\/index.php\/wp-json\/wp\/v2\/posts"}],"about":[{"href":"https:\/\/www.e-anjelik.sk\/index.php\/wp-json\/wp\/v2\/types\/post"}],"author":[{"embeddable":true,"href":"https:\/\/www.e-anjelik.sk\/index.php\/wp-json\/wp\/v2\/users\/22"}],"replies":[{"embeddable":true,"href":"https:\/\/www.e-anjelik.sk\/index.php\/wp-json\/wp\/v2\/comments?post=3532"}],"version-history":[{"count":0,"href":"https:\/\/www.e-anjelik.sk\/index.php\/wp-json\/wp\/v2\/posts\/3532\/revisions"}],"wp:attachment":[{"href":"https:\/\/www.e-anjelik.sk\/index.php\/wp-json\/wp\/v2\/media?parent=3532"}],"wp:term":[{"taxonomy":"category","embeddable":true,"href":"https:\/\/www.e-anjelik.sk\/index.php\/wp-json\/wp\/v2\/categories?post=3532"},{"taxonomy":"post_tag","embeddable":true,"href":"https:\/\/www.e-anjelik.sk\/index.php\/wp-json\/wp\/v2\/tags?post=3532"}],"curies":[{"name":"wp","href":"https:\/\/api.w.org\/{rel}","templated":true}]}}