{"id":35322,"date":"2022-01-16T12:58:31","date_gmt":"2022-01-16T11:58:31","guid":{"rendered":"https:\/\/e-anjelik.sk\/?p=35322"},"modified":"2024-07-05T11:59:32","modified_gmt":"2024-07-05T09:59:32","slug":"chodme-v-svetle-hospodinovom-2","status":"publish","type":"post","link":"https:\/\/www.e-anjelik.sk\/index.php\/2022\/01\/16\/chodme-v-svetle-hospodinovom-2\/","title":{"rendered":"Cho\u010fme v svetle Hospodinovom!"},"content":{"rendered":"\n<p><strong>&nbsp;&nbsp; &nbsp; Cho\u010fme v svetle Hospodinovom !<\/strong><\/p>\n\n\n\n<p><em>Hoc svet i v temne hriechu trv\u00e1,<\/em><br><em>t\u00e1 chv\u00ed\u013ea sv\u00e4t\u00e1 jednaj pr\u00edde,<\/em><br><em>ke\u010f v jednom duchu, v jednom cite<\/em><br><em>sa v\u0161etci pohneme ku Kristu<\/em><br><em>a zahor\u00edme jednou l\u00e1skou\u2026<\/em><br><em>\u00d3, zaskvej sa hviezda sp\u00e1sy<\/em><br><em>nad p\u00fa\u0165ou \u017eitia &#8211; trpkou, \u0165a\u017ekou. Amen (M.R.)<\/em><\/p>\n\n\n\n<p><strong>Iz 2, 2 &#8211; 5:<\/strong><\/p>\n\n\n\n<p><em>\u201cV posledn\u00fdch d\u0148och pevne bude st\u00e1\u0165 vrch domu Hospodinovho na vrchole h\u00f4r, vyv\u00fd\u0161en\u00fd bude nad pahorky. Pohrn\u00fa sa k nemu v\u0161etky n\u00e1rody (3) a poputuj\u00fa mnoh\u00e9 kmene a povedia: Po\u010fte, vyst\u00fapme na vrch Hospodinov k domu Boha J\u00e1kobovho. On n\u00e1s bude u\u010di\u0165 svojim cest\u00e1m, aby sme chodili po Jeho chodn\u00edkoch. Lebo zo Siona vyjde nau\u010denie a slovo Hospodinovo z Jeruzalema. (4) On bude s\u00fadi\u0165 medzi n\u00e1rodmi, vyn\u00e1\u0161a\u0165 v\u00fdrok mnoh\u00fdm kme\u0148om. Prekuj\u00fa svoje me\u010de na pluhov\u00e9 radlice a svoje o\u0161tepy na vin\u00e1rske no\u017ee; n\u00e1rod nepozdvihne proti n\u00e1rodu me\u010d a u\u017e sa nebud\u00fa u\u010di\u0165 vojne. (5) Hor sa, dom J\u00e1kobov! Cho\u010fme v svetle Hospodinovom!\u201d Amen<\/em><\/p>\n\n\n\n<p>&nbsp;Bratia a sestry v P\u00e1novi!<\/p>\n\n\n\n<p>\u00a0\u00a0 K dne\u0161n\u00e9mu sviatku Zjavenia Krista P\u00e1na mudrcom ktor\u00fd v cirkvi sl\u00e1vime ako posledn\u00fd viano\u010dn\u00fd sviatok, sa via\u017eu hne\u010f tri zauj\u00edmavosti. Prvou je skuto\u010dnos\u0165, \u017ee pr\u00e1ve tento sviatok bol v prvotnej cirkvi prv\u00fdm a hlavn\u00fdm viano\u010dn\u00fdm sviatkom. Dnes sa dostal v z\u00e1padn\u00fdch cirkv\u00e1ch na z\u00e1ver viano\u010dn\u00fdch sl\u00e1vnost\u00ed.<\/p>\n\n\n\n<p>&nbsp;&nbsp; Druhou zauj\u00edmavos\u0165ou je skuto\u010dnos\u0165, \u017ee cirkev v\u00fdchodn\u00e1, pravosl\u00e1vna (ortodoxn\u00e1), ktor\u00e1 sa st\u00e1le riadi pod\u013ea star\u00e9ho juli\u00e1nskeho kalend\u00e1ra, sl\u00e1vi pr\u00e1ve dnes Vianoce. Dne\u0161n\u00fd de\u0148 je tak ekumenick\u00fdm sviatkom v\u0161etk\u00fdch kres\u0165anov.<\/p>\n\n\n\n<p>\u00a0\u00a0 Tre\u0165ou zauj\u00edmavos\u0165ou je<em> pomenovanie <\/em>tohoto sviatku. Napr\u00edklad v nemeckej W\u00fcrtenberskej cirkvi ho d\u00f4sledne naz\u00fdvaj\u00fa: <em>Zjavenie Krista P\u00e1na.<\/em> U n\u00e1s, na Slovensku sa aj v evanjelickom prostred\u00ed\u00a0 hovor\u00ed o sviatku Troch kr\u00e1\u013eov. V s\u00favise s t\u00fdmto pomenovan\u00edm si spom\u00ednam na \u010das, ke\u010f n\u00e1m ako \u0161tudentom teol\u00f3gie p\u00e1n prof.K. G\u00e1bri\u017e na jednej predn\u00e1\u0161ke povedal: \u201d Bratia, zapam\u00e4tajte si, \u017ee traja kr\u00e1li od v\u00fdchodu neboli: kr\u00e1li! Pravdepodobn\u00e9 je, \u017ee neboli ani traja a je mo\u017en\u00e9, \u017ee neboli ani \u201cod v\u00fdchodu\u201d.<\/p>\n\n\n\n<p>&nbsp;&nbsp; Ak chceme zosta\u0165 \u201cna p\u00f4de Novej zmluvy\u201d, tak skuto\u010dne sa v zn\u00e1mom evanjeliu Mat\u00fa\u0161ovom (2 K) nehovor\u00ed o mu\u017eoch, ktor\u00ed sa poklonili novonaroden\u00e9mu betlehemsk\u00e9mu Die\u0165a\u0165u \u017ee to boli kr\u00e1li, ale<em> \u201cm\u00e1govia\u201d (gr.magoi\u201d)<\/em>, \u010do v dne\u0161nom ch\u00e1pan\u00ed mo\u017eno prelo\u017ei\u0165 sk\u00f4r slovom <strong>\u201cmudrci\u201d.<\/strong> \u010ci\u017ee i\u0161lo o \u013eud\u00ed m\u00fadrych, vzdelan\u00fdch v astron\u00f3mii a s\u00fa\u010dasne v astrol\u00f3gii. Mohli sn\u00e1\u010f p\u00f4sobi\u0165 na kr\u00e1\u013eovskom dvore, alebo by\u0165 aj vyslancami kr\u00e1\u013ea, ale <strong>neboli kr\u00e1li.<\/strong><\/p>\n\n\n\n<p><strong>&nbsp;&nbsp; <\/strong>Evanjelista Mat\u00fa\u0161 hovor\u00ed, \u017ee mudrci Je\u017ei\u0161kovi obetovali: <strong>zlato, kadidlo a myrhu.<\/strong> Dary boli s\u00edce tri, ale mudrci mohli by\u0165 aj dvaja, \u0161tyria, alebo viacer\u00ed. &#8211; Ke\u010f evanjelista hovor\u00ed o hviezde, ktor\u00e1 sa <em>\u201cuk\u00e1zala v\u00fdchode a ktor\u00e1 ich viedla\u201d<\/em>, m\u00f4\u017ee to znamena\u0165 aj pojem odborn\u00fd, ktor\u00fd znamen\u00e1 to\u013eko, \u017ee ju spozorovali u\u017e v stave jej vzniku.<\/p>\n\n\n\n<p>\u00a0 \u00a0 Ak si e\u0161te raz pozorne v\u0161imneme svedectvo evanjelistu Mat\u00fa\u0161a, on spom\u00edna iba <strong>dvoch kr\u00e1\u013eov<\/strong>. Jedn\u00e9ho v Jeruzaleme, toti\u017e despotu <strong>Herodesa <\/strong>a druh\u00e9ho, ktor\u00e9ho ako Die\u0165a dr\u017eala matka M\u00e1ria v n\u00e1ru\u010d\u00ed. Ako by evanjelium nazna\u010dovalo to, \u010do SZ Jozue povedal svojmu \u013eudu v S\u00edcheme: <em>\u201cVyvo\u013ete si dnes, komu budete sl\u00fa\u017ei\u0165 &#8211;\u00a0 \u010di kr\u00e1\u013eom zemsk\u00fdm, alebo Hospodinu\u201d<\/em>. Pre n\u00e1s je to v\u00fdzva k takej vo\u013ebe, v ktorej za svojho P\u00e1na a Kr\u00e1\u013ea pr\u00edjmeme Toho, ktor\u00fd sa po\u010dal z Ducha Sv\u00e4t\u00e9ho a narodil sa z M\u00e1rie Panny.<\/p>\n\n\n\n<p>&nbsp;&nbsp; V tomto rozhodnut\u00ed prija\u0165 Je\u017ei\u0161a ako P\u00e1na a Spasite\u013ea je podstata a v\u00fdznam dne\u0161n\u00e9ho sviatku Zjavenia. Kristus P\u00e1n sa narodil pod\u013ea prorock\u00fdch zas\u013e\u00faben\u00ed.Splnilo sa to, \u010do predpovedal aj prorok Izai\u00e1\u0161: <em>\u201cPo\u010fte, vyst\u00fapme na vrch Hospodinov k domu Boha J\u00e1kobovho. On n\u00e1s bude u\u010di\u0165 svoj\u00edm cest\u00e1m, aby sme chodili po Jeho chodn\u00edkoch\u201d<\/em>.<\/p>\n\n\n\n<p>\u00a0 \u00a0 \u00a0 Chodi\u0165 po cest\u00e1ch Je\u017ei\u0161a Krista znamen\u00e1 nasledova\u0165 Ho ako \u201c<strong>U\u010dite\u013ea\u201d pravdy<\/strong> pre v\u0161etky n\u00e1rody. Je\u017ei\u0161 sa stal u\u017e ako Die\u0165a U\u010dite\u013eom aj pre svojich zemsk\u00fdch rodi\u010dov, ale aj pre vzdelan\u00fdch z\u00e1konn\u00edkov a v\u0161etk\u00fdch svojich s\u00fa\u010dasn\u00edkov. Jeho zves\u0165 a Jeho u\u010denie sa uk\u00e1zalo ako pravda. Aj On s\u00e1m o sebe povedal: <em>\u201dJa som cesta, pravda i \u017eivot\u2026\u201d.<\/em> Jeho evanjelium bezpe\u010dne vedie k poznaniu pravdy o \u010dloveku, o P\u00e1na Bohu a ceste k Nemu a k \u017eivotu blahoslaven\u00e9mu v \u010dasnosti i vo ve\u010dnosti.<\/p>\n\n\n\n<p>\u00a0 \u00a0 P\u00e1n Je\u017ei\u0161 n\u00e1m <em>\u201cvyjavil Otca\u201d.<\/em> Dal n\u00e1m pozna\u0165 svojho a n\u00e1\u0161ho Otca nebesk\u00e9ho. Takto sved\u010d\u00ed jednozna\u010dne aj evanjelista J\u00e1n, ktor\u00fd nap\u00edsal:<em> \u201dBoha nikto nikdy nevidel, jednoroden\u00fd Syn Bo\u017e\u00ed, ktor\u00fd je v lone Otcovom, Ten Ho zn\u00e1mym u\u010dinil\u201d.( J 1, 18) <\/em>Sviatok Zjavenia Krista P\u00e1na mudrcom znamen\u00e1 vyjavenie, \u010di\u017ee uk\u00e1zanie pravdy &#8211; ak\u00fd je P\u00e1n Boh vo vz\u0165ahu k tomuto svetu a k \u010dloveku. Prin\u00e1\u0161a poznanie pravdy, \u017ee Boh je L\u00e1ska.<\/p>\n\n\n\n<p>&nbsp; &nbsp; S\u00fa\u010dasne Je\u017ei\u0161 vyjavuje aj pravdu o n\u00e1s, hrie\u0161nych \u013eu\u010foch. Skuto\u010dnos\u0165, \u017ee bez Boha nie sme ni\u010d, len prach a popol. Z Bo\u017eej l\u00e1sky a milosti sa v\u0161ak st\u00e1vame Bo\u017e\u00edmi de\u0165mi a dedi\u010dmi Jeho ve\u013ek\u00fdch zas\u013e\u00faben\u00ed.&nbsp;<\/p>\n\n\n\n<p>&nbsp; &nbsp; Bratia a sestry v P\u00e1novi!&nbsp;<\/p>\n\n\n\n<p>\u00a0 \u00a0 Pravda o n\u00e1s a <strong>Bo\u017eom s\u00fade nad nami a nad v\u0161etk\u00fdmi n\u00e1rodmi<\/strong> je tak\u00e1, \u017ee prijatie Je\u017ei\u0161a ako Spasite\u013ea znamen\u00e1 mo\u017enos\u0165 n\u00e1\u0161ho ospravedlnenia i posv\u00e4tenia na\u0161ej hrie\u0161nej podstaty a premeny n\u00e1\u0161ho myslenia i n\u00e1sledn\u00e9ho konania.\u00a0<\/p>\n\n\n\n<p>&nbsp;&nbsp; T\u00fato pravdu o s\u00fade Kristovom maj\u00fa pozna\u0165 v\u0161etci \u013eudia. Aj t\u00ed tzv.mocn\u00ed tohoto sveta. Je\u017ei\u0161ovo u\u010denie zasahuje aj do r\u00ed\u0161e sveta, ktor\u00fd sa nechce vzda\u0165 n\u00e1silia, panovania, \u00fatlaku a nespravodlivosti, ktor\u00fd pozn\u00e1 len moc zbran\u00ed a organizovan\u00e9ho n\u00e1silia. Aj dne\u0161n\u00fd svet je trvalo ohrozen\u00fd nahromaden\u00fdmi zbra\u0148ami mocnost\u00ed a s obavami vzhliada na t\u00fdch, ktor\u00ed maj\u00fa v ruke \u201ckufr\u00edk\u201d s k\u00f3dom na vydanie povelu k \u00fatoku.&nbsp;<\/p>\n\n\n\n<p>\u00a0\u00a0 P\u00e1n Je\u017ei\u0161 Kristus n\u00e1m pon\u00faka v\u00edziu pokoja a mieru. Mo\u017enos\u0165 pokoja v \u017eivote osobnom, vn\u00fatornom, ale aj v tom vonkaj\u0161om, v mieri, v spolupr\u00e1ci a koexistencii n\u00e1rodov. Prorok Izai\u00e1\u0161 zvestuje dobu sp\u00e1sy a pr\u00edchodu prav\u00e9ho svetla do tohoto sveta. Dobu a \u010das, ke\u010f <em>\u201cn\u00e1rody prekuj\u00fa svoje me\u010de na pluhov\u00e9 radlice a svoje o\u0161tepy na vin\u00e1rske no\u017ee; n\u00e1rod nepozdvihne proti n\u00e1rodu me\u010d a u\u017e sa nebud\u00fa u\u010di\u0165 vojne\u201d. T\u00e1to n\u00e1dej na zmenu toho naj\u0165a\u017e\u0161ieho &#8211; toti\u017e na zmenu \u013eudsk\u00fdch s\u0155dc, \u00fapln\u00fa zmenu myslenia a konania \u010dloveka sp\u00e1ja v\u0161ak prorok s <\/em><strong><em>choden\u00edm vo svetle Hospodinovom<\/em><\/strong><em>. V tom Svetle, ktor\u00e9 pri\u0161lo na svet a ktor\u00e9 svet doteraz m\u00e1lo poznal, alebo ho nepoznal v\u00f4bec.<\/em><\/p>\n\n\n\n<p><em>&nbsp; &nbsp; <\/em>Preto je d\u00f4le\u017eit\u00e9 vyjavova\u0165 Krista P\u00e1na tomuto svetu. U\u010di\u0165 \u013eud\u00ed&nbsp; pozna\u0165 Krista a odvahe nasledova\u0165 Ho. Pr\u00edkladom nov\u00e9ho myslenia, poznania a novej poslu\u0161nosti s\u00fa aj t\u00ed <strong>m\u00fadri mu\u017eovia<\/strong>, ktor\u00ed spoznali Jeho hviezdu na nebeskej oblohe, vyh\u013eadali Ho ako nov\u00e9ho kr\u00e1\u013ea a pok\u013eakli pred N\u00edm. Preto ne\u0161li viac k Herodesovi, aby mu sl\u00fa\u017eili, ale i\u0161li inou, novou cestou do svojej krajiny.&nbsp;<\/p>\n\n\n\n<p>&nbsp; &nbsp; T\u00e1to ich cesta, alebo p\u00fa\u0165 k Je\u017ei\u0161ovi a n\u00e1vrat s poznan\u00edm Je\u017ei\u0161a je vlastne za\u010diatok nesenia Krista P\u00e1na ako Pravdy, ako Svetla a Kr\u00e1\u013ea pokoja aj in\u00fdm n\u00e1rodom, nie len \u017didom. Je to <strong>za\u010diatok Kristovej misie<\/strong> v tomto svete, ktor\u00e1 m\u00e1 pokra\u010dova\u0165 \u010falej.&nbsp;<\/p>\n\n\n\n<p>\u00a0\u00a0 K tejto Bo\u017eej misii sme pozvan\u00ed aj my v\u0161etci. T\u00ed, ktor\u00ed v Je\u017ei\u0161a uverili a prijali Ho u\u017e d\u00e1vno, i t\u00ed, ktor\u00ed sa stali vo\u010di Nemu vla\u017en\u00fdmi a potrebuj\u00fa sa vr\u00e1ti\u0165 k tejto \u201dprvej l\u00e1ske\u201d. Napokon aj t\u00ed, ktor\u00ed Ho doteraz omietali, alebo o \u0147om ani v\u00f4bec nevedia. Naroden\u00fd a svetu zjaven\u00fd Boh v Je\u017ei\u0161ovi je za\u010diatok Bo\u017eej misie vo svete, ktor\u00e1 st\u00e1le trv\u00e1.<\/p>\n\n\n\n<p>&nbsp;&nbsp; To je v\u00fdznamn\u00fd odkaz sviatku Zjavenia Krista P\u00e1na aj z\u00e1stupcom pohansk\u00e9ho sveta. Vianoce skuto\u010dne znamenali a znamenaj\u00fa prijatie Izai\u00e1\u0161ovej v\u00fdzvy a povzbudenia k \u017eivotu s Kristom v srdci. Preto plat\u00ed aj n\u00e1m Izai\u00e1\u0161ova v\u00fdzva: <em>\u201cHor sa, dom J\u00e1kobov! Cho\u010fme v svetle Hospodinovom\u201d.<\/em> Amen<\/p>\n\n\n\n<p>&nbsp;Sviatok Zjavenia Krista P\u00e1na (97) &#8211; Myjava 2022 &#8211; Mgr.\u013dubom\u00edr Batka st.<\/p>\n","protected":false},"excerpt":{"rendered":"<p>&nbsp;&nbsp; &nbsp; Cho\u010fme v svetle Hospodinovom ! Hoc svet i v temne hriechu trv\u00e1,t\u00e1 chv\u00ed\u013ea sv\u00e4t\u00e1 jednaj pr\u00edde,ke\u010f v jednom duchu, v jednom citesa v\u0161etci pohneme ku Kristua zahor\u00edme jednou l\u00e1skou\u2026\u00d3, zaskvej sa hviezda sp\u00e1synad p\u00fa\u0165ou \u017eitia &#8211; trpkou, \u0165a\u017ekou. Amen (M.R.) Iz 2, 2 &#8211; 5: \u201cV posledn\u00fdch d\u0148och pevne bude st\u00e1\u0165 vrch domu &#8230; <a title=\"Cho\u010fme v svetle Hospodinovom!\" class=\"read-more\" href=\"https:\/\/www.e-anjelik.sk\/index.php\/2022\/01\/16\/chodme-v-svetle-hospodinovom-2\/\" aria-label=\"Pre\u010d\u00edtajte si viac o Cho\u010fme v svetle Hospodinovom!\">\u010c\u00edta\u0165 viac<\/a><\/p>\n","protected":false},"author":4,"featured_media":0,"comment_status":"open","ping_status":"open","sticky":false,"template":"","format":"standard","meta":{"footnotes":""},"categories":[121,118,122,95,544],"tags":[],"class_list":["post-35322","post","type-post","status-publish","format-standard","hentry","category-kazne","category-myjava","category-pravoslavna-cirkev","category-sobotiste","category-zjavenie-epifania"],"_links":{"self":[{"href":"https:\/\/www.e-anjelik.sk\/index.php\/wp-json\/wp\/v2\/posts\/35322","targetHints":{"allow":["GET"]}}],"collection":[{"href":"https:\/\/www.e-anjelik.sk\/index.php\/wp-json\/wp\/v2\/posts"}],"about":[{"href":"https:\/\/www.e-anjelik.sk\/index.php\/wp-json\/wp\/v2\/types\/post"}],"author":[{"embeddable":true,"href":"https:\/\/www.e-anjelik.sk\/index.php\/wp-json\/wp\/v2\/users\/4"}],"replies":[{"embeddable":true,"href":"https:\/\/www.e-anjelik.sk\/index.php\/wp-json\/wp\/v2\/comments?post=35322"}],"version-history":[{"count":3,"href":"https:\/\/www.e-anjelik.sk\/index.php\/wp-json\/wp\/v2\/posts\/35322\/revisions"}],"predecessor-version":[{"id":37009,"href":"https:\/\/www.e-anjelik.sk\/index.php\/wp-json\/wp\/v2\/posts\/35322\/revisions\/37009"}],"wp:attachment":[{"href":"https:\/\/www.e-anjelik.sk\/index.php\/wp-json\/wp\/v2\/media?parent=35322"}],"wp:term":[{"taxonomy":"category","embeddable":true,"href":"https:\/\/www.e-anjelik.sk\/index.php\/wp-json\/wp\/v2\/categories?post=35322"},{"taxonomy":"post_tag","embeddable":true,"href":"https:\/\/www.e-anjelik.sk\/index.php\/wp-json\/wp\/v2\/tags?post=35322"}],"curies":[{"name":"wp","href":"https:\/\/api.w.org\/{rel}","templated":true}]}}