{"id":35334,"date":"2022-01-20T10:33:20","date_gmt":"2022-01-20T09:33:20","guid":{"rendered":"https:\/\/e-anjelik.sk\/?p=35334"},"modified":"2022-01-20T10:33:20","modified_gmt":"2022-01-20T09:33:20","slug":"scitanie-obyvatelstva-2021-k-ecav-sa-hlasi-5-3-obyvatelov-sr","status":"publish","type":"post","link":"https:\/\/www.e-anjelik.sk\/index.php\/2022\/01\/20\/scitanie-obyvatelstva-2021-k-ecav-sa-hlasi-5-3-obyvatelov-sr\/","title":{"rendered":"S\u010d\u00edtanie obyvate\u013estva 2021: k ECAV sa hl\u00e1si 5.3% obyvate\u013eov SR"},"content":{"rendered":"\n<p>Pod\u013ea prv\u00fdch publikovan\u00fdch <a href=\"https:\/\/www.scitanie.sk\/k-rimskokatolickemu-vyznaniu-sa-prihlasilo-56-obyvateov\">v\u00fdsledkov<\/a> \u0160\u00da SR:<br><br>Najviac obyvate\u013eov SR (3 mili\u00f3ny) si uviedlo r\u00edmskokatol\u00edcke n\u00e1bo\u017eensk\u00e9 vyznanie, pr\u00edslu\u0161nos\u0165 k nemu v roku 2021 deklarovalo 56 % obyvate\u013estva. Jeho podiel oproti roku 2011 v\u0161ak poklesol o vy\u0161e 6 percentu\u00e1lnych bodov.<br><br><strong>Druhou najpo\u010detnej\u0161ou skupinou obyvate\u013eov s\u00fa obyvatelia hl\u00e1siaci sa k evanjelickej cirkvi augsbursk\u00e9ho vyznania. Ich podiel predstavuje 5,3 % (287-tis\u00edc). <\/strong>Tretie najpo\u010detnej\u0161ie n\u00e1bo\u017eensk\u00e9 vyznanie predstavuj\u00fa pr\u00edslu\u0161n\u00edci gr\u00e9ckokatol\u00edckej cirkvi (218-tis\u00edc), tvoria 4 % popul\u00e1cie, \u0161tvrt\u00e9 miesto patr\u00ed kalv\u00ednskemu vyznaniu (1,6 %). V\u0161etky ostatn\u00e9 n\u00e1bo\u017eensk\u00e9 vyznania maj\u00fa podiely men\u0161ie ako 1 %.<\/p>\n\n\n\n<p><\/p>\n\n\n\n<p><\/p>\n","protected":false},"excerpt":{"rendered":"<p>Pod\u013ea prv\u00fdch publikovan\u00fdch v\u00fdsledkov \u0160\u00da SR: Najviac obyvate\u013eov SR (3 mili\u00f3ny) si uviedlo r\u00edmskokatol\u00edcke n\u00e1bo\u017eensk\u00e9 vyznanie, pr\u00edslu\u0161nos\u0165 k nemu v roku 2021 deklarovalo 56 % obyvate\u013estva. Jeho podiel oproti roku 2011 v\u0161ak poklesol o vy\u0161e 6 percentu\u00e1lnych bodov. Druhou najpo\u010detnej\u0161ou skupinou obyvate\u013eov s\u00fa obyvatelia hl\u00e1siaci sa k evanjelickej cirkvi augsbursk\u00e9ho vyznania. Ich podiel predstavuje 5,3 &#8230; <a title=\"S\u010d\u00edtanie obyvate\u013estva 2021: k ECAV sa hl\u00e1si 5.3% obyvate\u013eov SR\" class=\"read-more\" href=\"https:\/\/www.e-anjelik.sk\/index.php\/2022\/01\/20\/scitanie-obyvatelstva-2021-k-ecav-sa-hlasi-5-3-obyvatelov-sr\/\" aria-label=\"Pre\u010d\u00edtajte si viac o S\u010d\u00edtanie obyvate\u013estva 2021: k ECAV sa hl\u00e1si 5.3% obyvate\u013eov SR\">\u010c\u00edta\u0165 viac<\/a><\/p>\n","protected":false},"author":1,"featured_media":0,"comment_status":"open","ping_status":"open","sticky":false,"template":"","format":"standard","meta":{"footnotes":""},"categories":[1],"tags":[],"class_list":["post-35334","post","type-post","status-publish","format-standard","hentry","category-adventna-modlitba"],"_links":{"self":[{"href":"https:\/\/www.e-anjelik.sk\/index.php\/wp-json\/wp\/v2\/posts\/35334","targetHints":{"allow":["GET"]}}],"collection":[{"href":"https:\/\/www.e-anjelik.sk\/index.php\/wp-json\/wp\/v2\/posts"}],"about":[{"href":"https:\/\/www.e-anjelik.sk\/index.php\/wp-json\/wp\/v2\/types\/post"}],"author":[{"embeddable":true,"href":"https:\/\/www.e-anjelik.sk\/index.php\/wp-json\/wp\/v2\/users\/1"}],"replies":[{"embeddable":true,"href":"https:\/\/www.e-anjelik.sk\/index.php\/wp-json\/wp\/v2\/comments?post=35334"}],"version-history":[{"count":2,"href":"https:\/\/www.e-anjelik.sk\/index.php\/wp-json\/wp\/v2\/posts\/35334\/revisions"}],"predecessor-version":[{"id":35342,"href":"https:\/\/www.e-anjelik.sk\/index.php\/wp-json\/wp\/v2\/posts\/35334\/revisions\/35342"}],"wp:attachment":[{"href":"https:\/\/www.e-anjelik.sk\/index.php\/wp-json\/wp\/v2\/media?parent=35334"}],"wp:term":[{"taxonomy":"category","embeddable":true,"href":"https:\/\/www.e-anjelik.sk\/index.php\/wp-json\/wp\/v2\/categories?post=35334"},{"taxonomy":"post_tag","embeddable":true,"href":"https:\/\/www.e-anjelik.sk\/index.php\/wp-json\/wp\/v2\/tags?post=35334"}],"curies":[{"name":"wp","href":"https:\/\/api.w.org\/{rel}","templated":true}]}}