{"id":35349,"date":"2022-01-27T00:09:00","date_gmt":"2022-01-26T23:09:00","guid":{"rendered":"https:\/\/e-anjelik.sk\/?p=35349"},"modified":"2022-01-22T19:07:00","modified_gmt":"2022-01-22T18:07:00","slug":"luther-a-holokaust","status":"publish","type":"post","link":"https:\/\/www.e-anjelik.sk\/index.php\/2022\/01\/27\/luther-a-holokaust\/","title":{"rendered":"Luther a holokaust"},"content":{"rendered":"\n<p>V&nbsp;reform\u00e1cii s\u00fa oblasti, ktor\u00e9 s\u00fa kr\u00e1sne neproblematick\u00e9. Niektor\u00e9 s\u00fa neoby\u010dajne smel\u00e9 a&nbsp;odv\u00e1\u017ene. Revolu\u010dn\u00e9. Ale je oblas\u0165, ktorej by sme sa najrad\u0161ej vyhli. Jednou z&nbsp;nich je Lutherov vz\u0165ah k&nbsp;\u017didom, hlavne jeho mal\u00fd spis (pribli\u017ene 80 str\u00e1n A4) <em>\u201eO \u017didoch a&nbsp;ich klamstv\u00e1ch\u201c<\/em> (Von den Juden und ihren L\u00fcgen). V&nbsp;\u0148om naozaj nab\u00e1dal k&nbsp;p\u00e1leniu kn\u00edh a&nbsp;vyh\u00e1\u0148anie \u017didov. D\u00e1 sa to nejako ospravedlni\u0165 alebo aspo\u0148 pochopi\u0165?<br>Ospravedlnen\u00edm Luthera nie je jeho v\u00fdbu\u0161n\u00fd charakter. Ned\u00e1 sa poveda\u0165: on bol proste tak\u00fd, ke\u010f sa napapr\u010dil, nevyberal pr\u00edli\u0161 vhodn\u00e9 slov\u00e1. Tie\u017e nem\u00f4\u017ee by\u0165 ospravedlnenie skuto\u010dnos\u0165, \u017ee medzi 121 zv\u00e4zkami, ktor\u00e9 maj\u00fa vy\u0161e 80000 str\u00e1n v\u00e4\u010d\u0161\u00edch ako form\u00e1t A4 vymarsk\u00e9ho vydania Lutherov\u00e9ho diela ide o&nbsp;absol\u00fatne bezv\u00fdznamn\u00fd zlomok. Tie\u017e sa ned\u00e1 argumentova\u0165 t\u00fdm, \u017ee sa Talmud nevyberavo vyjadruje o&nbsp;kres\u0165anoch a&nbsp;obsahuje ur\u00e1\u017eliv\u00e9 v\u00fdroky o&nbsp;Kristovi. Rovnako neobstoj\u00ed tvrdenie, \u017ee by sa \u017didia chovali rovnako vo\u010di kres\u0165anom, keby mali politick\u00fa moc. Toto nie s\u00fa argumenty. Dejiny sa na \u201ekeby\u201c nehraj\u00fa. Za ist\u00fdch okolnost\u00ed sa daj\u00fa previes\u0165 verb\u00e1lne \u00fatoky z&nbsp;ak\u00fdchko\u013evek kn\u00edh do politickej agit\u00e1cie. Takto sa d\u00e1 vyu\u017ei\u0165 a&nbsp;zneu\u017ei\u0165 pri zvr\u00e1tenej manipul\u00e1cii \u010doko\u013evek. Chce to len vhodn\u00fa atmosf\u00e9ru v&nbsp;spolo\u010dnosti.<\/p>\n\n\n\n<p>Lutherove vyjadrenie bolo nevhodn\u00e9 a&nbsp;ne\u0161\u0165astn\u00e9. Nikdy nemali by\u0165 vysloven\u00e9. A&nbsp;mali tragick\u00e9 d\u00f4sledky. Ani nie tak v&nbsp;jeho dobe, ale nesk\u00f4r. Nie \u017eeby sa Hitler rozhodoval na z\u00e1klade Lutherov\u00fdch spisov, to by bolo krajne naivn\u00e9. Ale t\u00fdmto mal aj vo\u010di evanjelikom lutersk\u00fd argument. Nacistick\u00e1 propaganda tento spis pou\u017eila. Dikcia mnoh\u00fdch kres\u0165ansk\u00fdch textov bola a&nbsp;je niekedy ve\u013emi konfronta\u010dn\u00e1. A&nbsp;je to na \u0161kodu, preto\u017ee u\u017e raz nie\u010do povedan\u00e9 a&nbsp;nap\u00edsan\u00e9 sa ned\u00e1 vr\u00e1ti\u0165. A&nbsp;tak si tieto slov\u00e1 \u017eij\u00fa a&nbsp;driemu \u010falej mo\u017eno aj nieko\u013eko storo\u010d\u00ed.<\/p>\n\n\n\n<p>Jednozna\u010dn\u00fdm argumentom je, \u017ee s&nbsp;Lutherom sa reform\u00e1cia nekon\u010d\u00ed. On nie je sv\u00e4t\u00fdm, ani nem\u00e1 status neomylnosti. V&nbsp;tomto konkr\u00e9tnom bode sa bohu\u017eia\u013e tragicky m\u00fdlil.<\/p>\n\n\n\n<p>A&nbsp;teraz to najpodstatnej\u0161ie: <strong>nikdy<\/strong> sa tieto ani podobn\u00e9 v\u00fdroky nedostali do spisov, ktor\u00e9 tvoria na\u0161u identitu. Na\u0161u identitu tvoria a&nbsp;vyty\u010duj\u00fa Symbolick\u00e9 knihy obsiahnut\u00e9 v&nbsp;Knihe svornosti. A&nbsp;\u017eiadny zo spisov, ktor\u00e9 tvoria tento vyzn\u00e1va\u010dsk\u00fd z\u00e1klad cirkvi, neobsahuje ani n\u00e1znak proti\u017eidovskej nen\u00e1visti, alebo nen\u00e1vis\u0165 k&nbsp;in\u00fdm ras\u00e1m \u010di n\u00e1bo\u017eenstvu.<\/p>\n\n\n\n<p>V\u00fdznamn\u00ed teol\u00f3govia Karl Barth, Paul Tillich a&nbsp;hlavne Dietrich Bonhoeffer sa jednozna\u010dne postavili proti nacizmu. Prv\u00ed dvaja svoj\u00edm dielom, posledn\u00fd svojim \u017eivotom.<\/p>\n\n\n\n<p>Na\u0161a identita nie je kv\u00f4li Lutherovmu spisu proti\u017eidovsk\u00e1 ani protiizraelsk\u00e1. Naopak, je vo\u010di \u017didom a&nbsp;Izraelu otvoren\u00e1 a&nbsp;praj\u00faca. Vr\u00e1tane priania, aby v\u0161etci \u013eudia poznali Krista a boli spasen\u00ed. Aj \u017didia.<\/p>\n","protected":false},"excerpt":{"rendered":"<p>V&nbsp;reform\u00e1cii s\u00fa oblasti, ktor\u00e9 s\u00fa kr\u00e1sne neproblematick\u00e9. Niektor\u00e9 s\u00fa neoby\u010dajne smel\u00e9 a&nbsp;odv\u00e1\u017ene. Revolu\u010dn\u00e9. Ale je oblas\u0165, ktorej by sme sa najrad\u0161ej vyhli. Jednou z&nbsp;nich je Lutherov vz\u0165ah k&nbsp;\u017didom, hlavne jeho mal\u00fd spis (pribli\u017ene 80 str\u00e1n A4) \u201eO \u017didoch a&nbsp;ich klamstv\u00e1ch\u201c (Von den Juden und ihren L\u00fcgen). V&nbsp;\u0148om naozaj nab\u00e1dal k&nbsp;p\u00e1leniu kn\u00edh a&nbsp;vyh\u00e1\u0148anie \u017didov. D\u00e1 sa &#8230; <a title=\"Luther a holokaust\" class=\"read-more\" href=\"https:\/\/www.e-anjelik.sk\/index.php\/2022\/01\/27\/luther-a-holokaust\/\" aria-label=\"Pre\u010d\u00edtajte si viac o Luther a holokaust\">\u010c\u00edta\u0165 viac<\/a><\/p>\n","protected":false},"author":3,"featured_media":0,"comment_status":"open","ping_status":"open","sticky":false,"template":"","format":"standard","meta":{"footnotes":""},"categories":[73,40,69],"tags":[],"class_list":["post-35349","post","type-post","status-publish","format-standard","hentry","category-ecav","category-historia","category-spominame"],"_links":{"self":[{"href":"https:\/\/www.e-anjelik.sk\/index.php\/wp-json\/wp\/v2\/posts\/35349","targetHints":{"allow":["GET"]}}],"collection":[{"href":"https:\/\/www.e-anjelik.sk\/index.php\/wp-json\/wp\/v2\/posts"}],"about":[{"href":"https:\/\/www.e-anjelik.sk\/index.php\/wp-json\/wp\/v2\/types\/post"}],"author":[{"embeddable":true,"href":"https:\/\/www.e-anjelik.sk\/index.php\/wp-json\/wp\/v2\/users\/3"}],"replies":[{"embeddable":true,"href":"https:\/\/www.e-anjelik.sk\/index.php\/wp-json\/wp\/v2\/comments?post=35349"}],"version-history":[{"count":3,"href":"https:\/\/www.e-anjelik.sk\/index.php\/wp-json\/wp\/v2\/posts\/35349\/revisions"}],"predecessor-version":[{"id":35353,"href":"https:\/\/www.e-anjelik.sk\/index.php\/wp-json\/wp\/v2\/posts\/35349\/revisions\/35353"}],"wp:attachment":[{"href":"https:\/\/www.e-anjelik.sk\/index.php\/wp-json\/wp\/v2\/media?parent=35349"}],"wp:term":[{"taxonomy":"category","embeddable":true,"href":"https:\/\/www.e-anjelik.sk\/index.php\/wp-json\/wp\/v2\/categories?post=35349"},{"taxonomy":"post_tag","embeddable":true,"href":"https:\/\/www.e-anjelik.sk\/index.php\/wp-json\/wp\/v2\/tags?post=35349"}],"curies":[{"name":"wp","href":"https:\/\/api.w.org\/{rel}","templated":true}]}}