{"id":35371,"date":"2022-02-01T10:27:22","date_gmt":"2022-02-01T09:27:22","guid":{"rendered":"https:\/\/e-anjelik.sk\/?p=35371"},"modified":"2022-04-25T15:07:44","modified_gmt":"2022-04-25T13:07:44","slug":"rozhovor-evanjelicky-biskup-elko-v-postoj-sk","status":"publish","type":"post","link":"https:\/\/www.e-anjelik.sk\/index.php\/2022\/02\/01\/rozhovor-evanjelicky-biskup-elko-v-postoj-sk\/","title":{"rendered":"Rozhovor: evanjelick\u00fd biskup E\u013eko v postoj.sk"},"content":{"rendered":"\n<p>&#8222;M\u00f4j otec by neveril, ako \u010faleko sa cirkvi vo vz\u00e1jomn\u00fdch vz\u0165ahoch dostali&#8220;. <\/p>\n\n\n\n<p>&#8222;\u010cak\u00e1 n\u00e1s ve\u013ek\u00e1 re\u0161trukturaliz\u00e1cia a sp\u00e1janie cirkevn\u00fdch zborov,&#8220; hovor\u00ed evanjelick\u00fd gener\u00e1lny biskup Ivan E\u013eko.<br><br>&#8222;U\u010dme sa jedni od druh\u00fdch a nevn\u00edmajme sa ako konkurencia. V dobre jedn\u00e9ho je ukryt\u00e9 dobro ostatn\u00fdch. Ak jeden rastie, \u00fa\u017eitok z toho maj\u00fa v\u0161etci.&#8220;<br><br>&#8222;Dnes sa ob\u010das ocit\u00e1me v situ\u00e1cii, \u017ee v cirkevnom zbore, ktor\u00fd bol v minulosti \u017eiadan\u00fd, sa uvo\u013en\u00ed miesto a nikto o\u0148 nejav\u00ed z\u00e1ujem. Rovnako sa oproti minulosti \u010dastej\u0161ie st\u00e1va, \u017ee far\u00e1r \u010di kapl\u00e1n vyhoria a rozhodn\u00fa sa od\u00eds\u0165 do civiln\u00e9ho povolania.&#8220;<br><br>Viac tu: <a href=\"https:\/\/svetkrestanstva.postoj.sk\/98090\/moj-otec-by-neveril-ako-daleko-sa-cirkvi-vo-vzajomnych-vztahoch-dostali\">https:\/\/svetkrestanstva.postoj.sk\/98090\/moj-otec-by-neveril-ako-daleko-sa-cirkvi-vo-vzajomnych-vztahoch-dostali<\/a><\/p>\n","protected":false},"excerpt":{"rendered":"<p>&#8222;M\u00f4j otec by neveril, ako \u010faleko sa cirkvi vo vz\u00e1jomn\u00fdch vz\u0165ahoch dostali&#8220;. &#8222;\u010cak\u00e1 n\u00e1s ve\u013ek\u00e1 re\u0161trukturaliz\u00e1cia a sp\u00e1janie cirkevn\u00fdch zborov,&#8220; hovor\u00ed evanjelick\u00fd gener\u00e1lny biskup Ivan E\u013eko. &#8222;U\u010dme sa jedni od druh\u00fdch a nevn\u00edmajme sa ako konkurencia. V dobre jedn\u00e9ho je ukryt\u00e9 dobro ostatn\u00fdch. Ak jeden rastie, \u00fa\u017eitok z toho maj\u00fa v\u0161etci.&#8220; &#8222;Dnes sa ob\u010das ocit\u00e1me &#8230; <a title=\"Rozhovor: evanjelick\u00fd biskup E\u013eko v postoj.sk\" class=\"read-more\" href=\"https:\/\/www.e-anjelik.sk\/index.php\/2022\/02\/01\/rozhovor-evanjelicky-biskup-elko-v-postoj-sk\/\" aria-label=\"Pre\u010d\u00edtajte si viac o Rozhovor: evanjelick\u00fd biskup E\u013eko v postoj.sk\">\u010c\u00edta\u0165 viac<\/a><\/p>\n","protected":false},"author":1,"featured_media":0,"comment_status":"open","ping_status":"open","sticky":false,"template":"","format":"standard","meta":{"footnotes":""},"categories":[1,78],"tags":[],"class_list":["post-35371","post","type-post","status-publish","format-standard","hentry","category-adventna-modlitba","category-zbor-biskupov-ecav"],"_links":{"self":[{"href":"https:\/\/www.e-anjelik.sk\/index.php\/wp-json\/wp\/v2\/posts\/35371","targetHints":{"allow":["GET"]}}],"collection":[{"href":"https:\/\/www.e-anjelik.sk\/index.php\/wp-json\/wp\/v2\/posts"}],"about":[{"href":"https:\/\/www.e-anjelik.sk\/index.php\/wp-json\/wp\/v2\/types\/post"}],"author":[{"embeddable":true,"href":"https:\/\/www.e-anjelik.sk\/index.php\/wp-json\/wp\/v2\/users\/1"}],"replies":[{"embeddable":true,"href":"https:\/\/www.e-anjelik.sk\/index.php\/wp-json\/wp\/v2\/comments?post=35371"}],"version-history":[{"count":2,"href":"https:\/\/www.e-anjelik.sk\/index.php\/wp-json\/wp\/v2\/posts\/35371\/revisions"}],"predecessor-version":[{"id":35374,"href":"https:\/\/www.e-anjelik.sk\/index.php\/wp-json\/wp\/v2\/posts\/35371\/revisions\/35374"}],"wp:attachment":[{"href":"https:\/\/www.e-anjelik.sk\/index.php\/wp-json\/wp\/v2\/media?parent=35371"}],"wp:term":[{"taxonomy":"category","embeddable":true,"href":"https:\/\/www.e-anjelik.sk\/index.php\/wp-json\/wp\/v2\/categories?post=35371"},{"taxonomy":"post_tag","embeddable":true,"href":"https:\/\/www.e-anjelik.sk\/index.php\/wp-json\/wp\/v2\/tags?post=35371"}],"curies":[{"name":"wp","href":"https:\/\/api.w.org\/{rel}","templated":true}]}}