{"id":3539,"date":"2011-05-03T10:47:05","date_gmt":"2011-05-03T10:47:05","guid":{"rendered":"http:\/\/e-anjelik.sk\/?p=3539"},"modified":"2011-05-03T10:47:05","modified_gmt":"2011-05-03T10:47:05","slug":"kazani-o-zapase-viry","status":"publish","type":"post","link":"https:\/\/www.e-anjelik.sk\/index.php\/2011\/05\/03\/kazani-o-zapase-viry\/","title":{"rendered":"K\u00e1z\u00e1n\u00ed o z\u00e1pase v\u00edry"},"content":{"rendered":"<p>&nbsp;<u><span style=\"font-size:14.0pt;line-height:150%;font-family:&quot;Times New Roman&quot;,&quot;serif&quot;\">Prvn&iacute; \u010dten&iacute;:<\/span><\/u><span style=\"font-size:14.0pt;line-height:150%;font-family:\n&quot;Times New Roman&quot;,&quot;serif&quot;\"> Genesis 17,1 &#8211; 8: &bdquo;Kdy\u017e bylo Abramovi dev\u011btadevades&aacute;t let, uk&aacute;zal se mu Hospodin a \u0159ekl: &quot;J&aacute; jsem B\u016fh v&scaron;emohouc&iacute;, cho\u010f st&aacute;le p\u0159ede mnou, bu\u010f bez&uacute;honn&yacute;! Mezi sebe a tebe kladu svou smlouvu; p\u0159evelice t\u011b rozmno\u017e&iacute;m.&quot; Tu padl Abram na tv&aacute;\u0159 a B\u016fh k n\u011bmu mluvil: &quot;J&aacute; jsem! A toto je m&aacute; smlouva<span style=\"mso-spacerun:yes\">&nbsp;&nbsp;<\/span>s tebou: Stane&scaron; se praotcem hlu\u010d&iacute;c&iacute;ho davu pron&aacute;rod\u016f. Nebude&scaron; se u\u017e naz&yacute;vat Abram; tv&eacute; jm&eacute;no bude Abraham. Ur\u010dil jsem t\u011b za otce hlu\u010d&iacute;c&iacute;ho davu pron&aacute;rod\u016f. P\u0159evelice t\u011b rozplod&iacute;m a u\u010din&iacute;m z tebe pron&aacute;rody, i kr&aacute;lov&eacute; z tebe vzejdou. Smlouvu mezi sebou a tebou i tv&yacute;m potomstvem ve v&scaron;ech pokolen&iacute;ch \u010din&iacute;m toti\u017e smlouvou v\u011b\u010dnou, \u017ee budu Bohem tob\u011b i tv&eacute;mu potomstvu. A tob\u011b i tv&eacute;mu potomstvu d&aacute;v&aacute;m do v\u011b\u010dn&eacute;ho vlastnictv&iacute; zemi, v n&iacute;\u017e jsi hostem, tu celou zemi kenaanskou. A budu jim Bohem.&quot;<\/span><\/p>\n<p class=\"MsoNormal\" style=\"text-align: justify; \">\n<u><span style=\"font-size:14.0pt;mso-bidi-font-size:10.0pt;line-height:150%;font-family:\n&quot;Times New Roman&quot;,&quot;serif&quot;;mso-fareast-font-family:&quot;Times New Roman&quot;;mso-font-kerning:\n.5pt;mso-fareast-language:CS\">\u010cten&iacute; ke k&aacute;z&aacute;n&iacute;:<\/span><\/u><span style=\"font-size:14.0pt;mso-bidi-font-size:10.0pt;line-height:150%;font-family:\n&quot;Times New Roman&quot;,&quot;serif&quot;;mso-fareast-font-family:&quot;Times New Roman&quot;;mso-font-kerning:\n.5pt;mso-fareast-language:CS\"> Ju 1,3: &bdquo;Milovan&iacute;, velmi jsem si p\u0159&aacute;l ps&aacute;t v&aacute;m o na&scaron;em spole\u010dn&eacute;m spasen&iacute;, ale te\u010f pokl&aacute;d&aacute;m za nutn&eacute; napomenout v&aacute;s, abyste z&aacute;pasili o v&iacute;ru, jednou prov\u017edy odevzdanou Bo\u017e&iacute;mu lidu.&ldquo;<o:p><\/o:p><\/span><\/p>\n<p class=\"MsoNormal\" style=\"text-align:justify;line-height:150%\"><span style=\"font-size:14.0pt;line-height:150%;font-family:&quot;Times New Roman&quot;,&quot;serif&quot;\"><o:p>&nbsp;<\/o:p><\/span><\/p>\n<p class=\"MsoNormal\" style=\"margin-left:1.2pt;text-align:justify;line-height:\n150%\"><u><span style=\"font-size:14.0pt;mso-bidi-font-size:10.0pt;line-height:\n150%;font-family:&quot;Times New Roman&quot;,&quot;serif&quot;;mso-fareast-font-family:&quot;Times New Roman&quot;;\nmso-font-kerning:.5pt;mso-fareast-language:CS\">K&aacute;z&aacute;n&iacute;<\/span><\/u><span style=\"font-size:14.0pt;mso-bidi-font-size:10.0pt;line-height:150%;font-family:\n&quot;Times New Roman&quot;,&quot;serif&quot;;mso-fareast-font-family:&quot;Times New Roman&quot;;mso-font-kerning:\n.5pt;mso-fareast-language:CS\">:<o:p><\/o:p><\/span><\/p>\n<p class=\"MsoNormal\" style=\"margin-bottom:0cm;margin-bottom:.0001pt;text-align:\njustify;line-height:150%;mso-pagination:none;mso-hyphenate:none;mso-layout-grid-align:\nnone;punctuation-wrap:simple;text-autospace:none;vertical-align:baseline\"><span style=\"font-size:12.0pt;mso-bidi-font-size:10.0pt;line-height:150%;font-family:\n&quot;Times New Roman&quot;,&quot;serif&quot;;mso-fareast-font-family:&quot;Times New Roman&quot;;mso-font-kerning:\n.5pt;mso-fareast-language:CS\"><o:p>&nbsp;<\/o:p><\/span><\/p>\n<p class=\"MsoNormal\" style=\"margin-bottom:0cm;margin-bottom:.0001pt;text-align:\njustify;line-height:150%;mso-pagination:none;mso-hyphenate:none;mso-layout-grid-align:\nnone;punctuation-wrap:simple;text-autospace:none;vertical-align:baseline\"><span style=\"font-size:14.0pt;mso-bidi-font-size:10.0pt;line-height:150%;font-family:\n&quot;Times New Roman&quot;,&quot;serif&quot;;mso-fareast-font-family:&quot;Times New Roman&quot;;mso-font-kerning:\n.5pt;mso-fareast-language:CS\"><span style=\"mso-spacerun:yes\">&nbsp;&nbsp;&nbsp;&nbsp; <\/span>Mil&eacute; sestry a draz&iacute; brat\u0159i,<o:p><\/o:p><\/span><\/p>\n<p class=\"MsoNormal\" style=\"margin-bottom:0cm;margin-bottom:.0001pt;text-align:\njustify;line-height:150%;mso-pagination:none;mso-hyphenate:none;mso-layout-grid-align:\nnone;punctuation-wrap:simple;text-autospace:none;vertical-align:baseline\"><span style=\"font-size:14.0pt;mso-bidi-font-size:10.0pt;line-height:150%;font-family:\n&quot;Times New Roman&quot;,&quot;serif&quot;;mso-fareast-font-family:&quot;Times New Roman&quot;;mso-font-kerning:\n.5pt;mso-fareast-language:CS\"><span style=\"mso-spacerun:yes\">&nbsp;<\/span><o:p><\/o:p><\/span><\/p>\n<p class=\"MsoNormal\" style=\"margin-bottom:0cm;margin-bottom:.0001pt;text-align:\njustify;line-height:150%;mso-pagination:none;mso-hyphenate:none;mso-layout-grid-align:\nnone;punctuation-wrap:simple;text-autospace:none;vertical-align:baseline\"><span style=\"font-size:14.0pt;mso-bidi-font-size:10.0pt;line-height:150%;font-family:\n&quot;Times New Roman&quot;,&quot;serif&quot;;mso-fareast-font-family:&quot;Times New Roman&quot;;mso-font-kerning:\n.5pt;mso-fareast-language:CS\"><span style=\"mso-spacerun:yes\">&nbsp;&nbsp;&nbsp; <\/span>dne&scaron;n&iacute; ned\u011ble je t\u0159et&iacute; postn&iacute; ned\u011bl&iacute;, zvanou Oculi. K postn&iacute; dob\u011b pat\u0159&iacute; modlitby, p\u016fst, d&aacute;v&aacute;n&iacute; almu\u017een a pok&aacute;n&iacute;. C&iacute;lem toho v&scaron;eho je prohlouben&iacute; na&scaron;eho vztahu k Bohu, tedy prohlouben&iacute; na&scaron;i v&iacute;ry. Proto bych se i dnes v\u011bnoval ot&aacute;zk&aacute;m kolem na&scaron;&iacute; v&iacute;ry. Konkr&eacute;tn\u011b tomu, \u017ee o v&iacute;ru m&aacute;me z&aacute;pasit, jak jsme sly&scaron;eli v na&scaron;em \u010dten&iacute; ke k&aacute;z&aacute;n&iacute;. <o:p><\/o:p><\/span><\/p>\n<p class=\"MsoNormal\" style=\"margin-bottom:0cm;margin-bottom:.0001pt;text-align:\njustify;line-height:150%;mso-pagination:none;mso-hyphenate:none;mso-layout-grid-align:\nnone;punctuation-wrap:simple;text-autospace:none;vertical-align:baseline\"><span style=\"font-size:14.0pt;mso-bidi-font-size:10.0pt;line-height:150%;font-family:\n&quot;Times New Roman&quot;,&quot;serif&quot;;mso-fareast-font-family:&quot;Times New Roman&quot;;mso-font-kerning:\n.5pt;mso-fareast-language:CS\"><span style=\"mso-spacerun:yes\">&nbsp;&nbsp;&nbsp; <\/span>V&iacute;me, \u017ee v&iacute;ra je Bo\u017e&iacute; dar, \u010clov\u011bk s&aacute;m o sob\u011b nem\u016f\u017ee uv\u011b\u0159it. V&iacute;ru v jeho srdci m\u016f\u017ee vzbudit jenom B\u016fh. Jak n&aacute;m to sd\u011bluje s&aacute;m Je\u017e&iacute;&scaron;: &ldquo;Nikdo nem\u016f\u017ee p\u0159ij&iacute;t ke mn\u011b, jestli\u017ee ho nep\u0159it&aacute;hne Otec, kter&yacute; m\u011b poslal; a j&aacute; ho vzk\u0159&iacute;s&iacute;m v posledn&iacute; den.&rdquo; (J 6,44) Zd&aacute;lo by se tedy, \u017ee v&iacute;ra je n\u011bco pasivn&iacute;ho. \u017de v&iacute;ru n&aacute;m daruje B\u016fh a \u017ee pak v&iacute;ra v n&aacute;s sama roste Bo\u017e&iacute;m p\u0159i\u010din\u011bn&iacute;m. A te\u010f najednou n&aacute;s Juda, p\u0159&iacute;buzn&yacute; Je\u017e&iacute;&scaron;\u016fv, nab&aacute;d&aacute;, abychom o v&iacute;ru z&aacute;pasili. Chce tedy, abychom nebyli pasivn&iacute;, ale naopak projevili aktivn&iacute; postoj. Po vzoru apo&scaron;tola Pavla, kter&yacute; o sob\u011b pr&aacute;vem napsal: &bdquo;Dobr&yacute; boj jsem bojoval, b\u011bh jsem dokon\u010dil, v&iacute;ru zachoval.&ldquo; (2 Tm 4,6)<span style=\"mso-spacerun:yes\">&nbsp;&nbsp; <\/span><o:p><\/o:p><\/span><\/p>\n<p class=\"MsoNormal\" style=\"margin-bottom:0cm;margin-bottom:.0001pt;text-align:\njustify;line-height:150%;mso-pagination:none;mso-hyphenate:none;mso-layout-grid-align:\nnone;punctuation-wrap:simple;text-autospace:none;vertical-align:baseline\"><span style=\"font-size:14.0pt;mso-bidi-font-size:10.0pt;line-height:150%;font-family:\n&quot;Times New Roman&quot;,&quot;serif&quot;;mso-fareast-font-family:&quot;Times New Roman&quot;;mso-font-kerning:\n.5pt;mso-fareast-language:CS\"><span style=\"mso-spacerun:yes\">&nbsp;&nbsp;&nbsp; <\/span>Samoz\u0159ejm\u011b vznik&aacute; zaj&iacute;mav&aacute; ot&aacute;zka, jak ch&aacute;pat po\u017eadavek, abychom z&aacute;pasili<span style=\"mso-spacerun:yes\">&nbsp;<\/span>o v&iacute;ru. Zde mne napadaj&iacute; dv\u011b mo\u017enosti. Za prv&eacute; m&aacute;me z&aacute;pasit \u010dili bojovat o \u010distotu na&scaron;&iacute; v&iacute;ry. I k\u0159es\u0165ansk&aacute; v&iacute;ra byla od sv&eacute;ho po\u010d&aacute;tku ohro\u017eov&aacute;na r\u016fzn&yacute;mi &uacute;chylkami, kter&eacute; k Bo\u017e&iacute;mu slovu n\u011bco p\u0159id&aacute;valy \u010di od n\u011bho n\u011bco uj&iacute;maly, p\u0159esto\u017ee P&iacute;smo svat&eacute; p\u0159edt&iacute;m lidi v&aacute;\u017en\u011b varuje, nap\u0159&iacute;klad v knize Zjeven&iacute; \u010dteme: &bdquo;J&aacute; dosv\u011bd\u010duji ka\u017ed&eacute;mu, kdo sly&scaron;&iacute; slova proroctv&iacute; t&eacute;to knihy: Kdo k nim n\u011bco p\u0159id&aacute;, tomu p\u0159id&aacute; B\u016fh ran popsan&yacute;ch v t&eacute;to knize. A jestli\u017ee kdo ubere ze slov knihy tohoto proroctv&iacute;, tomu B\u016fh odejme pod&iacute;l na stromu \u017eivota a m&iacute;sto ve svat&eacute;m m\u011bst\u011b, jak se o nich p&iacute;&scaron;e v t&eacute;to knize.&ldquo; (Zj 22,18 -19) <o:p><\/o:p><\/span><\/p>\n<p class=\"MsoNormal\" style=\"margin-bottom:0cm;margin-bottom:.0001pt;text-align:\njustify;line-height:150%;mso-pagination:none;mso-hyphenate:none;mso-layout-grid-align:\nnone;punctuation-wrap:simple;text-autospace:none;vertical-align:baseline\"><span style=\"font-size:14.0pt;mso-bidi-font-size:10.0pt;line-height:150%;font-family:\n&quot;Times New Roman&quot;,&quot;serif&quot;;mso-fareast-font-family:&quot;Times New Roman&quot;;mso-font-kerning:\n.5pt;mso-fareast-language:CS\"><span style=\"mso-spacerun:yes\">&nbsp;&nbsp;&nbsp;&nbsp;&nbsp;&nbsp; <\/span>Obrana v&iacute;ry v Je\u017e&iacute;&scaron;e Krista je nutn&aacute;, nebo\u0165: &bdquo;V nikom jin&eacute;m nen&iacute; sp&aacute;sy; nen&iacute; pod nebem jin&eacute;ho jm&eacute;na, zjeven&eacute;ho lidem, j&iacute;m\u017e bychom mohli b&yacute;t spaseni.&quot; (Sk 4,12) Apo&scaron;tol Pavel dokonce nev&aacute;h&aacute; pou\u017e&iacute;t tato varovn&aacute; slova: &bdquo;Jin&eacute; evangelium ov&scaron;em nen&iacute;; jsou jen n\u011bkte\u0159&iacute; lid&eacute;, kte\u0159&iacute; v&aacute;s zneklid\u0148uj&iacute; a cht\u011bj&iacute; evangelium Kristovo obr&aacute;tit v prav&yacute; opak. Ale i kdybychom my nebo s&aacute;m and\u011bl z nebe p\u0159i&scaron;el hl&aacute;sat jin&eacute; evangelium ne\u017e to, kter&eacute; jsme v&aacute;m zv\u011bstovali, budi\u017e proklet! Jak jsem pr&aacute;v\u011b \u0159ekl, a znovu to opakuji: Jestli\u017ee v&aacute;m n\u011bkdo hl&aacute;s&aacute; jin&eacute; evangelium ne\u017e to, kter&eacute; jste p\u0159ijali, budi\u017e proklet!&ldquo;<span style=\"mso-spacerun:yes\">&nbsp; <\/span>(Ga 1,7 &#8211; 9) <o:p><\/o:p><\/span><\/p>\n<p class=\"MsoNormal\" style=\"margin-bottom: 0.0001pt; text-align: justify; vertical-align: baseline; \"><span style=\"font-size:14.0pt;mso-bidi-font-size:10.0pt;line-height:150%;font-family:\n&quot;Times New Roman&quot;,&quot;serif&quot;;mso-fareast-font-family:&quot;Times New Roman&quot;;mso-font-kerning:\n.5pt;mso-fareast-language:CS\"><span style=\"mso-spacerun:yes\">&nbsp;&nbsp;&nbsp;<\/span>Ov&scaron;em z&aacute;pas o \u010distotu v&iacute;ry se m\u016f\u017ee zvrhnout v pron&aacute;sledov&aacute;n&iacute; jinak sm&yacute;&scaron;lej&iacute;c&iacute;ch brat\u0159&iacute; a sester, v k\u0159&iacute;\u017eov&eacute; v&yacute;pravy a v inkvizici. Protestanti zde vych&aacute;zej&iacute; ze z&aacute;sady &bdquo;Sola scriptura&ldquo; \u010dili &bdquo;pouze P&iacute;smo&ldquo;, kdy jen P&iacute;smo svat&eacute; je krit&eacute;riem spr&aacute;vnosti obsahu na&scaron;i v&iacute;ry. Nikoliv tradice, v&iacute;ra p\u0159edk\u016f, v&yacute;klady kn\u011b\u017e&iacute; \u010di teolog\u016f. V samotn&eacute; Bibli najdeme v&yacute;\u010det toho, co v&scaron;e pat\u0159&iacute; mezi z&aacute;kladn&iacute; \u010dl&aacute;nky k\u0159es\u0165ansk&eacute; v&iacute;ry: u\u010den&iacute; o pok&aacute;n&iacute; z mrtv&yacute;ch skutk\u016f, u\u010den&iacute; o v&iacute;\u0159e<span style=\"mso-spacerun:yes\">&nbsp;&nbsp;<\/span>v Boha, u\u010den&iacute; o k\u0159tu a vzkl&aacute;d&aacute;n&iacute; rukou, u\u010den&iacute; o vzk\u0159&iacute;&scaron;en&iacute; z mrtv&yacute;ch a u\u010den&iacute;<span style=\"mso-spacerun:yes\">&nbsp;<\/span>o posledn&iacute;m soudu (viz \u017dd 6,1 &#8211; 2). <o:p><\/o:p><\/span><\/p>\n<p class=\"MsoNormal\" style=\"margin-bottom:0cm;margin-bottom:.0001pt;text-align:\njustify;line-height:150%;mso-pagination:none;mso-hyphenate:none;mso-layout-grid-align:\nnone;punctuation-wrap:simple;text-autospace:none;vertical-align:baseline\"><span style=\"font-size:14.0pt;mso-bidi-font-size:10.0pt;line-height:150%;font-family:\n&quot;Times New Roman&quot;,&quot;serif&quot;;mso-fareast-font-family:&quot;Times New Roman&quot;;mso-font-kerning:\n.5pt;mso-fareast-language:CS\"><span style=\"mso-spacerun:yes\">&nbsp;&nbsp;&nbsp;&nbsp; <\/span>Krom\u011b z&aacute;pasu o \u010distotu v&iacute;ry lze ov&scaron;em z&aacute;pasit o v&iacute;ru je&scaron;t\u011b na jin&eacute;m poli. V&iacute;ra je, jak ji\u017e v&iacute;me, d\u016fv\u011bra v Boha. D\u016fv\u011bra v Bo\u017e&iacute; veden&iacute;, d\u016fv\u011bra v Bo\u017e&iacute; rady i d\u016fv\u011bra v Bo\u017e&iacute; zasl&iacute;ben&iacute;. Bible obsahuje a\u017e 7 874 Bo\u017e&iacute;ch zasl&iacute;ben&iacute;. Mnoha z nich jsou bezpodm&iacute;ne\u010dn&aacute;, jin&aacute;<span style=\"mso-spacerun:yes\">&nbsp; <\/span>se vypln&iacute;, jen pokud p\u0159&iacute;mo pros&iacute;me: &bdquo;A za\u010dkoli budete prosit ve jm&eacute;nu m&eacute;m, u\u010din&iacute;m to, aby byl Otec oslaven v Synu. Budete-li mne o n\u011bco prosit ve jm&eacute;nu m&eacute;m, j&aacute; to u\u010din&iacute;m&ldquo;, \u0159&iacute;k&aacute; i n&aacute;m Je\u017e&iacute;&scaron; (J 14.13 -14). N\u011bkter&aacute; zasl&iacute;ben&iacute; se t&yacute;kaj&iacute; v&scaron;ech lid&iacute; \u010di v&scaron;ech v\u011b\u0159&iacute;c&iacute;ch, jin&aacute; dal B\u016fh pouze n&aacute;m osobn\u011b. Ka\u017edop&aacute;dn\u011b v\u017edy mus&iacute;me Bohu v\u011b\u0159it, \u017ee sv&aacute; zasl&iacute;ben&iacute; napln&iacute;.<span style=\"mso-spacerun:yes\">&nbsp; <\/span><o:p><\/o:p><\/span><\/p>\n<p class=\"MsoNormal\" style=\"margin-bottom:0cm;margin-bottom:.0001pt;text-align:\njustify;line-height:150%;mso-pagination:none;mso-hyphenate:none;mso-layout-grid-align:\nnone;punctuation-wrap:simple;text-autospace:none;vertical-align:baseline\"><span style=\"font-size:14.0pt;mso-bidi-font-size:10.0pt;line-height:150%;font-family:\n&quot;Times New Roman&quot;,&quot;serif&quot;;mso-fareast-font-family:&quot;Times New Roman&quot;;mso-font-kerning:\n.5pt;mso-fareast-language:CS\"><span style=\"mso-spacerun:yes\">&nbsp;&nbsp;&nbsp;&nbsp;&nbsp;&nbsp; <\/span>Vzorem n&aacute;m v tomto ohledu m\u016f\u017ee b&yacute;t z&aacute;pas v&iacute;ry praotce Abrahama. B\u016fh mu dal \u010detn&aacute; zasl&iacute;ben&iacute;, jak jsme sly&scaron;eli v na&scaron;em prvn&iacute;m \u010dten&iacute;: Abraham, p\u016fvodn&iacute;m jm&eacute;nem Abram, se m\u011bl st&aacute;t praotcem mnoha pron&aacute;rod\u016f, i kr&aacute;lov&eacute; z n\u011bho m\u011bli vzej&iacute;t a jeho potomstva m\u011blo do v\u011b\u010dn&eacute;ho vlastnictv&iacute; z&iacute;skat zemi kenaanskou.<span style=\"mso-spacerun:yes\">&nbsp; <\/span>Abraham musel zde projevit mnoho trp\u011blivosti a d\u016fv\u011bry v Boha. Nap\u0159. Abrahamovi bylo a\u017e sto let, kdy\u017e se mu narodil Iz&aacute;k, syn zasl&iacute;ben&iacute;<span style=\"mso-spacerun:yes\">&nbsp;&nbsp;&nbsp;<\/span>(Gn 21,5). A toho syna zasl&iacute;ben&iacute; mu poru\u010dil B\u016fh ob\u011btovat. A Abraham nezav&aacute;hal, jak n&aacute;m p\u0159ipom&iacute;n&aacute; autor Listu \u017did\u016fm: &bdquo;Abraham v\u011b\u0159il, a proto &scaron;el ob\u011btovat Iz&aacute;ka, kdy\u017e byl podroben zkou&scaron;ce. Sv&eacute;ho jedin&eacute;ho syna byl hotov ob\u011btovat, a\u010dkoli se mu dostalo zasl&iacute;ben&iacute; a bylo mu \u0159e\u010deno:`Z Iz&aacute;ka bude poch&aacute;zet tv&eacute; potomstvo. &acute; Po\u010d&iacute;tal s t&iacute;m, \u017ee B\u016fh je mocen vzk\u0159&iacute;sit i mrtv&eacute;. Proto dostal Iz&aacute;ka zp\u011bt jako p\u0159edobraz budouc&iacute;ho vzk\u0159&iacute;&scaron;en&iacute;.&ldquo; (\u017dd 11, 17 &#8211; 19) <o:p><\/o:p><\/span><\/p>\n<p class=\"MsoNormal\" style=\"margin-bottom:0cm;margin-bottom:.0001pt;text-align:\njustify;line-height:150%;mso-pagination:none;mso-hyphenate:none;mso-layout-grid-align:\nnone;punctuation-wrap:simple;text-autospace:none;vertical-align:baseline\"><span style=\"font-size:14.0pt;mso-bidi-font-size:10.0pt;line-height:150%;font-family:\n&quot;Times New Roman&quot;,&quot;serif&quot;;mso-fareast-font-family:&quot;Times New Roman&quot;;mso-font-kerning:\n.5pt;mso-fareast-language:CS\"><span style=\"mso-spacerun:yes\">&nbsp;&nbsp;<\/span><\/span><span style=\"font-size:14.0pt;mso-bidi-font-size:10.0pt;line-height:150%;font-family:\n&quot;Times New Roman&quot;,&quot;serif&quot;;mso-fareast-font-family:&quot;Times New Roman&quot;;mso-font-kerning:\n.5pt;mso-fareast-language:CS\"><span style=\"mso-spacerun:yes\">&nbsp;<\/span><span style=\"mso-spacerun:yes\">&nbsp;&nbsp;&nbsp;&nbsp; <\/span>Abraham tak&eacute; v\u011bd\u011bl, \u017ee jeho potomstvo nez&iacute;sk&aacute; zasl&iacute;benou zemi hned. B\u016fh mu \u0159ekl, \u017ee po jeho smrti bude jeho potomstvu \u010dty\u0159i sta let otro\u010dit v ciz&iacute; zemi a \u017ee do kenaansk&eacute; zem\u011b se vr&aacute;t&iacute; teprve \u010dtvrt&eacute; pokolen&iacute; (Gn 15,13 &#8211; 16). B\u016fh Abrahamovi (Abramovi) sl&iacute;bil rovn\u011b\u017e, \u017ee jeho potomstvo ovl&aacute;dne zemi od \u0159eky Egyptsk&eacute; \u010dili Nilu a\u017e k \u0159ece Eufratu (Gn 15, &#8211; 16), co\u017e se snad asi je&scaron;t\u011b nenaplnilo (z&aacute;le\u017e&iacute; zde na tom, zda toto zasl&iacute;ben&eacute; vzt&aacute;hneme jen na Iz&aacute;ka \u010di na v&scaron;echny Abrahamovy syny, p\u0159ipome\u0148me si, \u017ee Abraham m\u011bl celkem osm syn\u016f &#8211; Izmaele s Hagar, Iz&aacute;ka se S&aacute;rou, Zimr&aacute;na, Jok&scaron;&aacute;na, Med&aacute;na, Midj&aacute;na, Ji&scaron;b&aacute;ka a<span style=\"mso-spacerun:yes\">&nbsp; <\/span>&Scaron;&uacute;acha<span style=\"mso-spacerun:yes\">&nbsp; <\/span>s Ket&uacute;rou). Abraham a jeho \u017eena S&aacute;ra to nem\u011bli lehk&eacute;, o svoji d\u016fv\u011bru v Bo\u017e&iacute; zasl&iacute;ben&iacute; museli z&aacute;pasit, v tomto z&aacute;pase v&scaron;ak obst&aacute;li. Podobn\u011b i ostatn&iacute; sv\u011bdkov&eacute; v&iacute;ry, o kter&yacute;ch se zmi\u0148uje ji\u017e jednou citovan&yacute; List \u017did\u016fm (v 11. kapitole). <o:p><\/o:p><\/span><\/p>\n<p class=\"MsoNormal\" style=\"margin-bottom:0cm;margin-bottom:.0001pt;text-align:\njustify;line-height:150%;mso-pagination:none;mso-hyphenate:none;mso-layout-grid-align:\nnone;punctuation-wrap:simple;text-autospace:none;vertical-align:baseline\"><span style=\"font-size:14.0pt;mso-bidi-font-size:10.0pt;line-height:150%;font-family:\n&quot;Times New Roman&quot;,&quot;serif&quot;;mso-fareast-font-family:&quot;Times New Roman&quot;;mso-font-kerning:\n.5pt;mso-fareast-language:CS\"><span style=\"mso-spacerun:yes\">&nbsp;&nbsp;&nbsp;&nbsp;&nbsp; <\/span>Jejich p\u0159&iacute;klad n&aacute;m n&aacute;zorn\u011b ukazuje, v \u010dem spo\u010d&iacute;v&aacute; prav&aacute; v&iacute;ra v Boha. A tak v List\u011b \u017did\u016fm \u010dteme n&aacute;sleduj&iacute;c&iacute; vymezen&iacute; v&iacute;ry: &bdquo;V\u011b\u0159it Bohu znamen&aacute; spolehnout se na to, v co douf&aacute;me, a b&yacute;t si jist t&iacute;m, co nevid&iacute;me.&ldquo; (\u017dd 11,1) V&iacute;ra m&aacute; schopnost m\u011bnit lidi a tito lid&eacute; jsou pak schopni m\u011bnit sv\u011bt. A tak Abraham z&iacute;skal d&iacute;ky sv&eacute; v&iacute;\u0159e pevn&eacute; m&iacute;sto v d\u011bjin&aacute;ch sv\u011bta a hlavn\u011b v d\u011bjin&aacute;ch sp&aacute;sy. Abraham se konkr&eacute;tn\u011b odklonil od polyteismu (v&iacute;ry ve mnoho boh\u016f) a stal se pr\u016fkopn&iacute;kem monoteismu (v&iacute;ry v jednoho Boha). Proto Abraham p\u0159edstavuje pravzor v&iacute;ry pro \u017didy, k\u0159es\u0165any a muslimy (jde o tzv. abrah&aacute;movsk&aacute; n&aacute;bo\u017eenstv&iacute;).<span style=\"mso-spacerun:yes\">&nbsp; <\/span><o:p><\/o:p><\/span><\/p>\n<p class=\"MsoNormal\" style=\"margin-bottom:0cm;margin-bottom:.0001pt;text-align:\njustify;line-height:150%;mso-pagination:none;mso-hyphenate:none;mso-layout-grid-align:\nnone;punctuation-wrap:simple;text-autospace:none;vertical-align:baseline\"><span style=\"font-size:14.0pt;mso-bidi-font-size:10.0pt;line-height:150%;font-family:\n&quot;Times New Roman&quot;,&quot;serif&quot;;mso-fareast-font-family:&quot;Times New Roman&quot;;mso-font-kerning:\n.5pt;mso-fareast-language:CS\"><span style=\"mso-spacerun:yes\">&nbsp;&nbsp;&nbsp;&nbsp;&nbsp; <\/span>I my se d&iacute;ky v&iacute;\u0159e m\u016f\u017eeme zm\u011bnit a svoji zm\u011bnou m\u011bnit i sv\u011bt. Nebo\u0165 <span style=\"mso-spacerun:yes\">&nbsp;<\/span>z minula v&iacute;me, \u017ee pr&aacute;v\u011b v&iacute;ra p\u0159em&aacute;h&aacute; sv\u011bt (1 J 5,4) A tak nen&iacute; divu, \u017ee apo&scaron;tol Pavel n&aacute;s vyz&yacute;v&aacute;, abychom byli pevn&iacute; ve sv&eacute; v&iacute;\u0159e: &bdquo;A tak, moji milovan&iacute; brat\u0159&iacute;, bu\u010fte pevn&iacute;, nedejte se zviklat, bu\u010fte st&aacute;le horliv\u011bj&scaron;&iacute; v d&iacute;le P&aacute;n\u011b; v\u017edy\u0165 v&iacute;te, \u017ee va&scaron;e pr&aacute;ce nen&iacute; v P&aacute;nu marn&aacute;.&ldquo; (1 K 15,58) <o:p><\/o:p><\/span><\/p>\n<p class=\"MsoNormal\" style=\"margin-bottom:0cm;margin-bottom:.0001pt;text-align:\njustify;line-height:150%;mso-pagination:none;mso-hyphenate:none;mso-layout-grid-align:\nnone;punctuation-wrap:simple;text-autospace:none;vertical-align:baseline\"><span style=\"font-size:14.0pt;mso-bidi-font-size:10.0pt;line-height:150%;font-family:\n&quot;Times New Roman&quot;,&quot;serif&quot;;mso-fareast-font-family:&quot;Times New Roman&quot;;mso-font-kerning:\n.5pt;mso-fareast-language:CS\"><span style=\"mso-spacerun:yes\">&nbsp;&nbsp;&nbsp;&nbsp;&nbsp;&nbsp; <\/span>Satan se samoz\u0159ejm\u011b sna\u017e&iacute; n&aacute;s p\u0159ipravit o v&iacute;ru, bez v&iacute;ry jsme toti\u017e mu vyd&aacute;ni na pospas. Apo&scaron;tol Petr n&aacute;m p\u0159ipom&iacute;n&aacute;, \u017ee n&aacute;&scaron; a Bo\u017e&iacute; protivn&iacute;k, \u010f&aacute;bel, &bdquo;obch&aacute;z&iacute; jako `lev \u0159vouc&iacute;&acute; a hled&aacute;, koho by pohltil&ldquo; a pak apeluje na n&aacute;s, abychom se mu (to je \u010f&aacute;blu) vzep\u0159eli (1 P 5,8 &#8211; 9). I Jakub, bratr P&aacute;n\u011b (Ga 1,19), to po n&aacute;s \u017e&aacute;d&aacute;, a to t\u011bmito slovy: &bdquo;Vzep\u0159ete se \u010f&aacute;blu a ute\u010de od v&aacute;s, p\u0159ibli\u017ete se k Bohu a p\u0159ibl&iacute;\u017e&iacute; se k v&aacute;m.&ldquo; (Jk 4,7). Tedy \u017e&aacute;dn&aacute; pasivita, naopak v&yacute;razn&aacute; aktivita se po n&aacute;s \u017e&aacute;d&aacute;. <span style=\"mso-spacerun:yes\">&nbsp;<\/span><o:p><\/o:p><\/span><\/p>\n<p class=\"MsoNormal\" style=\"margin-bottom:0cm;margin-bottom:.0001pt;text-align:\njustify;line-height:150%;mso-pagination:none;mso-hyphenate:none;mso-layout-grid-align:\nnone;punctuation-wrap:simple;text-autospace:none;vertical-align:baseline\"><span style=\"font-size:14.0pt;mso-bidi-font-size:10.0pt;line-height:150%;font-family:\n&quot;Times New Roman&quot;,&quot;serif&quot;;mso-fareast-font-family:&quot;Times New Roman&quot;;mso-font-kerning:\n.5pt;mso-fareast-language:CS\"><span style=\"mso-spacerun:yes\">&nbsp;&nbsp;&nbsp;&nbsp;&nbsp;&nbsp; <\/span>Vyu\u017eijte proto aktivn\u011b postn&iacute; dobu k upevn\u011bn&iacute; a prohlouben&iacute; na&scaron;&iacute; v&iacute;ry, tedy na&scaron;&iacute; d\u016fv\u011bry v Boha, d\u016fv\u011bry v Bo\u017e&iacute; zasl&iacute;ben&iacute;, d\u016fv\u011bry v Bo\u017e&iacute; rady, d\u016fv\u011bry v Bo\u017e&iacute; veden&iacute;. Stoj&iacute; to za to, jeliko\u017e s&aacute;m Je\u017e&iacute;&scaron; slibuje, \u017ee budeme-li v\u011b\u0159it, tak uvid&iacute;me sl&aacute;vu Bo\u017e&iacute; (J 11,40). Amen.<span style=\"mso-spacerun:yes\">&nbsp; <\/span><o:p><\/o:p><\/span><\/p>\n<p class=\"MsoNormal\" style=\"margin-bottom:0cm;margin-bottom:.0001pt;text-align:\njustify;line-height:150%;mso-pagination:none;mso-hyphenate:none;mso-layout-grid-align:\nnone;punctuation-wrap:simple;text-autospace:none;vertical-align:baseline\"><span style=\"font-size:14.0pt;mso-bidi-font-size:10.0pt;line-height:150%;font-family:\n&quot;Times New Roman&quot;,&quot;serif&quot;;mso-fareast-font-family:&quot;Times New Roman&quot;;mso-font-kerning:\n.5pt;mso-fareast-language:CS\"><o:p>&nbsp;<\/o:p><\/span><\/p>\n<p class=\"MsoNormal\" style=\"margin-top:0cm;margin-right:0cm;margin-bottom:0cm;\nmargin-left:-.6pt;margin-bottom:.0001pt;text-align:justify;line-height:150%;\nmso-pagination:none;mso-hyphenate:none;mso-layout-grid-align:none;punctuation-wrap:\nsimple;text-autospace:none;vertical-align:baseline\"><u><span style=\"font-size:\n14.0pt;mso-bidi-font-size:10.0pt;line-height:150%;font-family:&quot;Times New Roman&quot;,&quot;serif&quot;;\nmso-fareast-font-family:&quot;Times New Roman&quot;;mso-font-kerning:.5pt;mso-fareast-language:\nCS\">Modlitba po k&aacute;z&aacute;n&iacute;<\/span><\/u><span style=\"font-size:14.0pt;mso-bidi-font-size:\n10.0pt;line-height:150%;font-family:&quot;Times New Roman&quot;,&quot;serif&quot;;mso-fareast-font-family:\n&quot;Times New Roman&quot;;mso-font-kerning:.5pt;mso-fareast-language:CS\">:<o:p><\/o:p><\/span><\/p>\n<p class=\"MsoNormal\" style=\"margin-bottom:0cm;margin-bottom:.0001pt;text-align:\njustify;line-height:150%;mso-pagination:none;mso-hyphenate:none;mso-layout-grid-align:\nnone;punctuation-wrap:simple;text-autospace:none;vertical-align:baseline\"><span style=\"font-size:14.0pt;mso-bidi-font-size:10.0pt;line-height:150%;font-family:\n&quot;Times New Roman&quot;,&quot;serif&quot;;mso-fareast-font-family:&quot;Times New Roman&quot;;mso-font-kerning:\n.5pt;mso-fareast-language:CS\"><o:p>&nbsp;<\/o:p><\/span><\/p>\n<p class=\"MsoNormal\" style=\"margin-bottom:0cm;margin-bottom:.0001pt;text-align:\njustify;line-height:150%;mso-pagination:none;mso-hyphenate:none;mso-layout-grid-align:\nnone;punctuation-wrap:simple;text-autospace:none;vertical-align:baseline\"><span style=\"font-size:14.0pt;mso-bidi-font-size:10.0pt;line-height:150%;font-family:\n&quot;Times New Roman&quot;,&quot;serif&quot;;mso-fareast-font-family:&quot;Times New Roman&quot;;mso-font-kerning:\n.5pt;mso-fareast-language:CS\"><span style=\"mso-spacerun:yes\">&nbsp;&nbsp;&nbsp; <\/span>Nebesk&yacute; Ot\u010de, <o:p><\/o:p><\/span><\/p>\n<p class=\"MsoNormal\" style=\"margin-bottom:6.0pt;text-align:justify;line-height:\n150%;mso-pagination:none;mso-hyphenate:none;mso-layout-grid-align:none;\npunctuation-wrap:simple;text-autospace:none;vertical-align:baseline\"><span style=\"font-size:14.0pt;mso-bidi-font-size:10.0pt;line-height:150%;font-family:\n&quot;Times New Roman&quot;,&quot;serif&quot;;mso-fareast-font-family:&quot;Times New Roman&quot;;mso-font-kerning:\n.5pt;mso-fareast-language:CS\"><span style=\"mso-spacerun:yes\">&nbsp;&nbsp; <\/span><o:p><\/o:p><\/span><\/p>\n<p class=\"MsoNormal\" style=\"margin-bottom:6.0pt;text-align:justify;line-height:\n150%;mso-pagination:none;mso-hyphenate:none;mso-layout-grid-align:none;\npunctuation-wrap:simple;text-autospace:none;vertical-align:baseline\"><span style=\"font-size:14.0pt;mso-bidi-font-size:10.0pt;line-height:150%;font-family:\n&quot;Times New Roman&quot;,&quot;serif&quot;;mso-fareast-font-family:&quot;Times New Roman&quot;;mso-font-kerning:\n.5pt;mso-fareast-language:CS\"><span style=\"mso-spacerun:yes\">&nbsp;&nbsp;&nbsp; <\/span>d\u011bkujeme Ti za dar v&iacute;ry, nebo\u0165 v&iacute;me, \u017ee jedin\u011b Ty s&aacute;m jsi n&aacute;s mohl p\u0159iv&eacute;st <span style=\"mso-spacerun:yes\">&nbsp;<\/span>k Je\u017e&iacute;&scaron;i Kristu, kter&yacute; je jedin&yacute;m, prav&yacute;m prost\u0159edn&iacute;kem mezi Bohem a lidmi. Jen d&iacute;ky na&scaron;i v&iacute;\u0159e jsme napojeni na Tvoji bo\u017eskou moc a m\u016f\u017eeme p\u0159em&aacute;hat sv\u011bt a v&iacute;t\u011bzit nad \u010f&aacute;blem.<o:p><\/o:p><\/span><\/p>\n<p class=\"MsoNormal\" style=\"margin-bottom:6.0pt;text-align:justify;line-height:\n150%;mso-pagination:none;mso-hyphenate:none;mso-layout-grid-align:none;\npunctuation-wrap:simple;text-autospace:none;vertical-align:baseline\"><span style=\"font-size:14.0pt;mso-bidi-font-size:10.0pt;line-height:150%;font-family:\n&quot;Times New Roman&quot;,&quot;serif&quot;;mso-fareast-font-family:&quot;Times New Roman&quot;;mso-font-kerning:\n.5pt;mso-fareast-language:CS\"><span style=\"mso-spacerun:yes\">&nbsp;&nbsp; <\/span>Odpus\u0165 n&aacute;m, nebesk&yacute; Ot\u010de, \u017ee o tento dar v&iacute;ry zbyte\u010dn\u011b p\u0159ich&aacute;z&iacute;me, jeliko\u017e zapom&iacute;n&aacute;me v&eacute;st pot\u0159ebn&yacute; z&aacute;pas o na&scaron;i v&iacute;ru. Jsme p\u0159&iacute;li&scaron; pasivn&iacute;. M&aacute;lo se modl&iacute;me, m&aacute;lo \u010dteme a studujeme P&iacute;smo svat&eacute;, m&aacute;lo se post&iacute;me, vynech&aacute;v&aacute;me spole\u010dn&aacute; shrom&aacute;\u017ed\u011bn&iacute;, nechod&iacute;me na biblick&eacute; hodiny a dostate\u010dn\u011b nebojujeme se sv&yacute;mi h\u0159&iacute;chy. Proto nen&iacute; divu, \u017ee sl&aacute;bne na&scaron;e d\u016fv\u011bra v Tv&eacute; veden&iacute;, ve Tv&aacute; zasl&iacute;ben&iacute; a ve Tv&eacute; rady. <o:p><\/o:p><\/span><\/p>\n<p class=\"MsoNormal\" style=\"text-align:justify;line-height:150%\"><span style=\"font-size:14.0pt;mso-bidi-font-size:10.0pt;line-height:150%;font-family:\n&quot;Times New Roman&quot;,&quot;serif&quot;;mso-fareast-font-family:&quot;Times New Roman&quot;;mso-font-kerning:\n.5pt;mso-fareast-language:CS\"><span style=\"mso-spacerun:yes\">&nbsp;&nbsp; <\/span>Dej n&aacute;m, nebesk&yacute; Ot\u010de, dostatek milosti a moudrosti, abychom se v\u010das vzpamatovali a za\u010dali v&aacute;\u017en\u011b br&aacute;t z&aacute;pas o \u010distotu na&scaron;&iacute; v&iacute;ry a z&aacute;pas o pevnou d\u016fv\u011bru v napln\u011bn&iacute; v&scaron;ech zasl&iacute;ben&iacute;, kter&eacute; jsi n&aacute;m dal. Abychom po vzoru apo&scaron;tola Pavla state\u010dn\u011b vedli duchovn&iacute; boj a zachovali svoji v&iacute;ru a\u017e do v&iacute;t\u011bzn&eacute;ho konce. Abychom nepromarnili zbyte\u010dn\u011b postn&iacute; obdob&iacute;, kter&eacute; pr&aacute;v\u011b prob&iacute;h&aacute; a vhodn\u011b vyu\u017eili tento \u010das k prohlouben&iacute; na&scaron;&iacute; v&iacute;ry a zbo\u017enosti. <\/span><\/p>\n<p class=\"MsoNormal\" style=\"text-align:justify;line-height:150%\"><span style=\"font-size:14.0pt;mso-bidi-font-size:10.0pt;line-height:150%;font-family:\n&quot;Times New Roman&quot;,&quot;serif&quot;;mso-fareast-font-family:&quot;Times New Roman&quot;;mso-font-kerning:\n.5pt;mso-fareast-language:CS\">&nbsp;&nbsp; &nbsp; &nbsp; &nbsp; &nbsp; &nbsp; &nbsp; &nbsp; &nbsp; &nbsp; &nbsp; &nbsp; &nbsp; &nbsp; &nbsp; &nbsp; &nbsp; &nbsp; &nbsp; &nbsp; &nbsp; &nbsp; &nbsp; &nbsp; &nbsp; &nbsp; &nbsp; &nbsp; &nbsp; &nbsp; &nbsp; &nbsp; &nbsp; &nbsp; &nbsp; <\/span><\/p>\n<p class=\"MsoNormal\" style=\"text-align:justify;line-height:150%\"><span style=\"font-size:14.0pt;mso-bidi-font-size:10.0pt;line-height:150%;font-family:\n&quot;Times New Roman&quot;,&quot;serif&quot;;mso-fareast-font-family:&quot;Times New Roman&quot;;mso-font-kerning:\n.5pt;mso-fareast-language:CS\">&nbsp;&nbsp; &nbsp; &nbsp; &nbsp; &nbsp; &nbsp; &nbsp; &nbsp; &nbsp; &nbsp; &nbsp; &nbsp; &nbsp; &nbsp; &nbsp; &nbsp; &nbsp; &nbsp; &nbsp; &nbsp; &nbsp; &nbsp; &nbsp;Stanislav Heczko <\/span><\/p>\n<p class=\"MsoNormal\" style=\"text-align:justify;line-height:150%\"><span style=\"font-size:14.0pt;mso-bidi-font-size:10.0pt;line-height:150%;font-family:\n&quot;Times New Roman&quot;,&quot;serif&quot;;mso-fareast-font-family:&quot;Times New Roman&quot;;mso-font-kerning:\n.5pt;mso-fareast-language:CS\">&nbsp;&nbsp; &nbsp; &nbsp; &nbsp; &nbsp; &nbsp; &nbsp; &nbsp; &nbsp; &nbsp; &nbsp; &nbsp; &nbsp; &nbsp; &nbsp; &nbsp; &nbsp; &nbsp; &nbsp; &nbsp; &nbsp; &nbsp; &nbsp; (LECAV Praha)<\/span><span style=\"font-size:14.0pt;\nline-height:150%;font-family:&quot;Times New Roman&quot;,&quot;serif&quot;\"><o:p><\/o:p><\/span><\/p>\n<p class=\"MsoNormal\" style=\"text-align:justify\"><span style=\"font-size:14.0pt;\nline-height:115%;font-family:&quot;Times New Roman&quot;,&quot;serif&quot;\"><o:p>&nbsp;<\/o:p><\/span><\/p>\n<p class=\"MsoNormal\" style=\"text-align:justify\"><span style=\"font-size:14.0pt;\nline-height:115%;font-family:&quot;Times New Roman&quot;,&quot;serif&quot;\"><o:p>&nbsp;<\/o:p><\/span><\/p>\n","protected":false},"excerpt":{"rendered":"<p>&nbsp;Prvn&iacute; \u010dten&iacute;: Genesis 17,1 &#8211; 8: &bdquo;Kdy\u017e bylo Abramovi dev\u011btadevades&aacute;t let, uk&aacute;zal se mu Hospodin a \u0159ekl: &quot;J&aacute; jsem B\u016fh v&scaron;emohouc&iacute;, cho\u010f st&aacute;le p\u0159ede mnou, bu\u010f bez&uacute;honn&yacute;! Mezi sebe a tebe kladu svou smlouvu; p\u0159evelice t\u011b rozmno\u017e&iacute;m.&quot; Tu padl Abram na tv&aacute;\u0159 a B\u016fh k n\u011bmu mluvil: &quot;J&aacute; jsem! A toto je m&aacute; smlouva&nbsp;&nbsp;s tebou: &#8230; <a title=\"K\u00e1z\u00e1n\u00ed o z\u00e1pase v\u00edry\" class=\"read-more\" href=\"https:\/\/www.e-anjelik.sk\/index.php\/2011\/05\/03\/kazani-o-zapase-viry\/\" aria-label=\"Pre\u010d\u00edtajte si viac o K\u00e1z\u00e1n\u00ed o z\u00e1pase v\u00edry\">\u010c\u00edta\u0165 viac<\/a><\/p>\n","protected":false},"author":1,"featured_media":0,"comment_status":"open","ping_status":"open","sticky":false,"template":"","format":"standard","meta":{"footnotes":""},"categories":[121,53,95],"tags":[],"class_list":["post-3539","post","type-post","status-publish","format-standard","hentry","category-kazne","category-post","category-sobotiste"],"_links":{"self":[{"href":"https:\/\/www.e-anjelik.sk\/index.php\/wp-json\/wp\/v2\/posts\/3539","targetHints":{"allow":["GET"]}}],"collection":[{"href":"https:\/\/www.e-anjelik.sk\/index.php\/wp-json\/wp\/v2\/posts"}],"about":[{"href":"https:\/\/www.e-anjelik.sk\/index.php\/wp-json\/wp\/v2\/types\/post"}],"author":[{"embeddable":true,"href":"https:\/\/www.e-anjelik.sk\/index.php\/wp-json\/wp\/v2\/users\/1"}],"replies":[{"embeddable":true,"href":"https:\/\/www.e-anjelik.sk\/index.php\/wp-json\/wp\/v2\/comments?post=3539"}],"version-history":[{"count":0,"href":"https:\/\/www.e-anjelik.sk\/index.php\/wp-json\/wp\/v2\/posts\/3539\/revisions"}],"wp:attachment":[{"href":"https:\/\/www.e-anjelik.sk\/index.php\/wp-json\/wp\/v2\/media?parent=3539"}],"wp:term":[{"taxonomy":"category","embeddable":true,"href":"https:\/\/www.e-anjelik.sk\/index.php\/wp-json\/wp\/v2\/categories?post=3539"},{"taxonomy":"post_tag","embeddable":true,"href":"https:\/\/www.e-anjelik.sk\/index.php\/wp-json\/wp\/v2\/tags?post=3539"}],"curies":[{"name":"wp","href":"https:\/\/api.w.org\/{rel}","templated":true}]}}