{"id":35391,"date":"2022-02-06T00:06:00","date_gmt":"2022-02-05T23:06:00","guid":{"rendered":"https:\/\/e-anjelik.sk\/?p=35391"},"modified":"2022-02-04T15:59:36","modified_gmt":"2022-02-04T14:59:36","slug":"vladimir-roy-moje-husle","status":"publish","type":"post","link":"https:\/\/www.e-anjelik.sk\/index.php\/2022\/02\/06\/vladimir-roy-moje-husle\/","title":{"rendered":"Vladim\u00edr Roy \u2014 Moje husle"},"content":{"rendered":"\n<p>Len zriedka siaham v&nbsp;struny va\u0161e ladn\u00e9,<br>len zriedka vyl\u00fadim z&nbsp;nich tiahly t\u00f3n,<br>chtiac pohn\u00fa\u0165 k&nbsp;pla\u010du \u0161tyri steny chladn\u00e9<br>bo samote hr\u00e1m r\u00e1d, ke\u010f st\u00edchnul v&nbsp;\u0161ere zvon.<\/p>\n\n\n\n<p>A\u00a0v\u00a0t\u00fdchto chv\u00ed\u013each cel\u00fdm mojim byt\u00edm<br>sa str\u00e1cam v\u00a0h\u013abkach rodn\u00fdch piesn\u00ed r\u00e1d,<br>s\u0165a pot\u00e1pa\u010d sa v\u00a0tajoch mora c\u00edtim,<br>\u010do na\u0161iel s\u00a0plesom kor\u00e1lov\u00fd hrad,<br>kde sprava, \u013eava perly svietia v\u00a0skryte,<br>pesten\u00e9 l\u00e1skou dlh\u00fdch storo\u010d\u00ed,<br>a b\u00e1ze\u0148 moja mizne okam\u017eite,<br>pred smr\u0165ou, ktor\u00e1 na hru\u010f \u00fato\u010d\u00ed . . .<\/p>\n\n\n\n<p> A\u00a0duch m\u00f4j t\u00f4\u0148ou v\u00a0priehlbisku,<br>sa mrakom str\u00e1ca v\u00a0oce\u00e1ne kr\u00e1s,<br>i zapad\u00e1, s\u0165a kolo \u017eitia disku,<br>\u010do mr\u0161til Vesm\u00edr v\u00a0prostoru a\u00a0\u010das . . .<\/p>\n","protected":false},"excerpt":{"rendered":"<p>Len zriedka siaham v&nbsp;struny va\u0161e ladn\u00e9,len zriedka vyl\u00fadim z&nbsp;nich tiahly t\u00f3n,chtiac pohn\u00fa\u0165 k&nbsp;pla\u010du \u0161tyri steny chladn\u00e9bo samote hr\u00e1m r\u00e1d, ke\u010f st\u00edchnul v&nbsp;\u0161ere zvon. A\u00a0v\u00a0t\u00fdchto chv\u00ed\u013each cel\u00fdm mojim byt\u00edmsa str\u00e1cam v\u00a0h\u013abkach rodn\u00fdch piesn\u00ed r\u00e1d,s\u0165a pot\u00e1pa\u010d sa v\u00a0tajoch mora c\u00edtim,\u010do na\u0161iel s\u00a0plesom kor\u00e1lov\u00fd hrad,kde sprava, \u013eava perly svietia v\u00a0skryte,pesten\u00e9 l\u00e1skou dlh\u00fdch storo\u010d\u00ed,a b\u00e1ze\u0148 moja mizne okam\u017eite,pred smr\u0165ou, &#8230; <a title=\"Vladim\u00edr Roy \u2014 Moje husle\" class=\"read-more\" href=\"https:\/\/www.e-anjelik.sk\/index.php\/2022\/02\/06\/vladimir-roy-moje-husle\/\" aria-label=\"Pre\u010d\u00edtajte si viac o Vladim\u00edr Roy \u2014 Moje husle\">\u010c\u00edta\u0165 viac<\/a><\/p>\n","protected":false},"author":3,"featured_media":0,"comment_status":"open","ping_status":"open","sticky":false,"template":"","format":"standard","meta":{"footnotes":""},"categories":[165],"tags":[],"class_list":["post-35391","post","type-post","status-publish","format-standard","hentry","category-poezia-2"],"_links":{"self":[{"href":"https:\/\/www.e-anjelik.sk\/index.php\/wp-json\/wp\/v2\/posts\/35391","targetHints":{"allow":["GET"]}}],"collection":[{"href":"https:\/\/www.e-anjelik.sk\/index.php\/wp-json\/wp\/v2\/posts"}],"about":[{"href":"https:\/\/www.e-anjelik.sk\/index.php\/wp-json\/wp\/v2\/types\/post"}],"author":[{"embeddable":true,"href":"https:\/\/www.e-anjelik.sk\/index.php\/wp-json\/wp\/v2\/users\/3"}],"replies":[{"embeddable":true,"href":"https:\/\/www.e-anjelik.sk\/index.php\/wp-json\/wp\/v2\/comments?post=35391"}],"version-history":[{"count":1,"href":"https:\/\/www.e-anjelik.sk\/index.php\/wp-json\/wp\/v2\/posts\/35391\/revisions"}],"predecessor-version":[{"id":35393,"href":"https:\/\/www.e-anjelik.sk\/index.php\/wp-json\/wp\/v2\/posts\/35391\/revisions\/35393"}],"wp:attachment":[{"href":"https:\/\/www.e-anjelik.sk\/index.php\/wp-json\/wp\/v2\/media?parent=35391"}],"wp:term":[{"taxonomy":"category","embeddable":true,"href":"https:\/\/www.e-anjelik.sk\/index.php\/wp-json\/wp\/v2\/categories?post=35391"},{"taxonomy":"post_tag","embeddable":true,"href":"https:\/\/www.e-anjelik.sk\/index.php\/wp-json\/wp\/v2\/tags?post=35391"}],"curies":[{"name":"wp","href":"https:\/\/api.w.org\/{rel}","templated":true}]}}