{"id":3543,"date":"2011-05-06T13:06:16","date_gmt":"2011-05-06T13:06:16","guid":{"rendered":"http:\/\/e-anjelik.sk\/?p=3543"},"modified":"2011-05-06T13:06:16","modified_gmt":"2011-05-06T13:06:16","slug":"varovanie-pred-zmenou-vztahu-statu-a-cirkvi-v-nemecku","status":"publish","type":"post","link":"https:\/\/www.e-anjelik.sk\/index.php\/2011\/05\/06\/varovanie-pred-zmenou-vztahu-statu-a-cirkvi-v-nemecku\/","title":{"rendered":"Varovanie pred zmenou vz\u0165ahu \u0161t\u00e1tu a cirkv\u00ed v Nemecku"},"content":{"rendered":"<p>Prezident cirkevn&eacute;ho &uacute;radu Evanjelickej cirkvi Nemecka (EKD) Hans Ulrich Anke oponoval snah&aacute;m &quot;revidova\u0165 z&aacute;kladn&yacute;&nbsp;z&aacute;kon &scaron;t&aacute;tu ,ktor&yacute; garantuje vz\u0165ah &scaron;t&aacute;tu a cirkv&iacute;&quot;.&nbsp;Z&aacute;kon ch&aacute;pe sveton&aacute;zorov&uacute;&nbsp;neutralitu &scaron;t&aacute;tu . Znamen&aacute; to, \u017ee v Nemecku &scaron;t&aacute;t nezasahuje do vec&iacute; cirkv&iacute;, cirkvi zasa neber&uacute; do r&uacute;k kompetencie &scaron;t&aacute;tu. V poslednom \u010dase vo v&auml;\u010d&scaron;ine politick&yacute;ch str&aacute;n sa oz&yacute;vaj&uacute; hlasy , \u017ee vz\u0165ah &scaron;t&aacute;tu a cirkv&iacute; by sa mal prehodnoti\u0165.&nbsp;<\/p>\n<p>(<a href=\"http:\/\/www.ekd.de\">www.ekd.de<\/a>)&nbsp;<\/p>\n","protected":false},"excerpt":{"rendered":"<p>Prezident cirkevn&eacute;ho &uacute;radu Evanjelickej cirkvi Nemecka (EKD) Hans Ulrich Anke oponoval snah&aacute;m &quot;revidova\u0165 z&aacute;kladn&yacute;&nbsp;z&aacute;kon &scaron;t&aacute;tu ,ktor&yacute; garantuje vz\u0165ah &scaron;t&aacute;tu a cirkv&iacute;&quot;.&nbsp;Z&aacute;kon ch&aacute;pe sveton&aacute;zorov&uacute;&nbsp;neutralitu &scaron;t&aacute;tu . Znamen&aacute; to, \u017ee v Nemecku &scaron;t&aacute;t nezasahuje do vec&iacute; cirkv&iacute;, cirkvi zasa neber&uacute; do r&uacute;k kompetencie &scaron;t&aacute;tu. V poslednom \u010dase vo v&auml;\u010d&scaron;ine politick&yacute;ch str&aacute;n sa oz&yacute;vaj&uacute; hlasy , \u017ee vz\u0165ah &#8230; <a title=\"Varovanie pred zmenou vz\u0165ahu \u0161t\u00e1tu a cirkv\u00ed v Nemecku\" class=\"read-more\" href=\"https:\/\/www.e-anjelik.sk\/index.php\/2011\/05\/06\/varovanie-pred-zmenou-vztahu-statu-a-cirkvi-v-nemecku\/\" aria-label=\"Pre\u010d\u00edtajte si viac o Varovanie pred zmenou vz\u0165ahu \u0161t\u00e1tu a cirkv\u00ed v Nemecku\">\u010c\u00edta\u0165 viac<\/a><\/p>\n","protected":false},"author":22,"featured_media":0,"comment_status":"open","ping_status":"open","sticky":false,"template":"","format":"standard","meta":{"footnotes":""},"categories":[9,10],"tags":[],"class_list":["post-3543","post","type-post","status-publish","format-standard","hentry","category-europa","category-zo-sveta"],"_links":{"self":[{"href":"https:\/\/www.e-anjelik.sk\/index.php\/wp-json\/wp\/v2\/posts\/3543","targetHints":{"allow":["GET"]}}],"collection":[{"href":"https:\/\/www.e-anjelik.sk\/index.php\/wp-json\/wp\/v2\/posts"}],"about":[{"href":"https:\/\/www.e-anjelik.sk\/index.php\/wp-json\/wp\/v2\/types\/post"}],"author":[{"embeddable":true,"href":"https:\/\/www.e-anjelik.sk\/index.php\/wp-json\/wp\/v2\/users\/22"}],"replies":[{"embeddable":true,"href":"https:\/\/www.e-anjelik.sk\/index.php\/wp-json\/wp\/v2\/comments?post=3543"}],"version-history":[{"count":0,"href":"https:\/\/www.e-anjelik.sk\/index.php\/wp-json\/wp\/v2\/posts\/3543\/revisions"}],"wp:attachment":[{"href":"https:\/\/www.e-anjelik.sk\/index.php\/wp-json\/wp\/v2\/media?parent=3543"}],"wp:term":[{"taxonomy":"category","embeddable":true,"href":"https:\/\/www.e-anjelik.sk\/index.php\/wp-json\/wp\/v2\/categories?post=3543"},{"taxonomy":"post_tag","embeddable":true,"href":"https:\/\/www.e-anjelik.sk\/index.php\/wp-json\/wp\/v2\/tags?post=3543"}],"curies":[{"name":"wp","href":"https:\/\/api.w.org\/{rel}","templated":true}]}}