{"id":35431,"date":"2022-03-05T21:14:27","date_gmt":"2022-03-05T20:14:27","guid":{"rendered":"https:\/\/e-anjelik.sk\/?p=35431"},"modified":"2024-07-05T11:50:37","modified_gmt":"2024-07-05T09:50:37","slug":"myslime-na-veci-bozie","status":"publish","type":"post","link":"https:\/\/www.e-anjelik.sk\/index.php\/2022\/03\/05\/myslime-na-veci-bozie\/","title":{"rendered":"Myslime na veci Bo\u017eie"},"content":{"rendered":"\n<p><em>&nbsp;&nbsp; &nbsp; &nbsp; &nbsp; &nbsp; &nbsp; &nbsp;<\/em><strong> &nbsp; Myslime na veci Bo\u017eie<\/strong><\/p>\n\n\n\n<p><em>Sv\u00e4t\u00fd Bo\u017ee, mil\u00fd Ot\u010de n\u00e1\u0161 nebesk\u00fd, \u010fakujeme Ti za to,\u00a0<\/em><br><em>\u017ee si n\u00e1s priviedol do nov\u00e9ho d\u0148a\u00a0<\/em><br><em>a s\u00fa\u010dasne aj do nov\u00e9ho obdobia cirkevn\u00e9ho roku.<\/em><br><em>Za to chv\u00e1lime Tvoje sv\u00e4t\u00e9 meno.<\/em><br><em>S\u00fa\u010dasne pros\u00edme, daj n\u00e1m pozna\u0165 Tvoju v\u00f4\u013eu pri n\u00e1s,\u00a0<\/em><br><em>ke\u010f op\u00e4\u0165 chceme h\u013eadie\u0165 na kr\u00ed\u017e Tvojho Syna, n\u00e1\u0161ho P\u00e1na.<\/em><br><em>Pom\u00e1haj n\u00e1m st\u00e1le viac prenika\u0165 do tajomstva Jeho\u00a0<\/em><br><em>utrpenia, smrti i vzkriesenia.<\/em><br><em>Svoj\u00edm Duchom Sv\u00e4t\u00fdm n\u00e1m otvor o\u010di, aby sme videli<\/em><br><em>nebezpe\u010denstvo zotrv\u00e1vania v hriechu\u00a0<\/em><br><em>a daj n\u00e1m silu a odvahu k prav\u00e9mu pok\u00e1niu.<\/em><br><em>T\u00fa\u017eime po Tvojej milosti a po Tvojom rozhre\u0161en\u00ed,<\/em><br><em>aby sme v slobode ducha, v l\u00e1ske a radosti<\/em><br><em>mohli \u017ei\u0165 v tejto \u010dasnosti a smerova\u0165<\/em><br><em>k ve\u010dn\u00e9mu blahoslavenstvu. Amen.\u00a0<\/em><\/p>\n\n\n\n<p><strong>Mt 16, 21 &#8211; 23: &nbsp;<\/strong><\/p>\n\n\n\n<p><em>\u201c Odvtedy za\u010dal Je\u017ei\u0161 Kristus svojim u\u010den\u00edkom poukazova\u0165, \u017ee mus\u00ed \u00eds\u0165 do Jeruzalema a \u017ee mus\u00ed mnoho trpie\u0165 od star\u0161\u00edch a ve\u013ek\u0148azov i z\u00e1konn\u00edkov a \u017ee mus\u00ed by\u0165 zabit\u00fd a v tret\u00ed de\u0148 vsta\u0165 z m\u0155tvych. (32) Tu Ho pojal Peter a za\u010dal Ho odhov\u00e1ra\u0165: Nech Ti je Boh milostiv\u00fd, Pane! To sa Ti nesmie sta\u0165! (23) On sa v\u0161ak obr\u00e1til a riekol Petrovi: Cho\u010f za m\u0148a, satan, na pohor\u0161enie si mi, preto\u017ee nemysl\u00ed\u0161 na veci Bo\u017eie, ale na \u013eudsk\u00e9\u201d. Amen<\/em><\/p>\n\n\n\n<p><em>&nbsp;&nbsp;<\/em> Mil\u00ed bratia a sestry!<\/p>\n\n\n\n<p>&nbsp;&nbsp; Dne\u0161nou nede\u013eou za\u010d\u00edname v behu cirkevn\u00e9ho roku nov\u00e9 obdobie naz\u00fdvan\u00e9 <strong>p\u00f4st. <\/strong>V\u00e4\u010d\u0161inov\u00e1 cirkev vedie svojich \u010dlenov tak, \u017ee p\u00f4stny za\u010d\u00edna u\u017e v tzv.popolcov\u00fa stredu, ktor\u00e1 m\u00e1 pripomen\u00fa\u0165 \u013eu\u010fom zn\u00e1me slov\u00e1 P\u00edsma sv\u00e4t\u00e9ho: <em>\u201cPam\u00e4taj, \u017ee si prach a do prachu sa vr\u00e1ti\u0161 \u201c. <\/em>Je to bezpochyby siln\u00fd apel a v\u00fdzva \u010dini\u0165&nbsp; pok\u00e1nie. &nbsp;<\/p>\n\n\n\n<p>\u00a0\u00a0 &#8211; Niekto si pod slovom <strong>pok\u00e1nie<\/strong> predstavuje dodr\u017eiavanie <strong>p\u00f4stu po\u010das 40 dn\u00ed<\/strong>, ako to vid\u00edme aj u P\u00e1na Je\u017ei\u0161a po Jeho krste v Jord\u00e1ne a n\u00e1slednom 40 d\u0148ov\u00fdm pobyte na p\u00fa\u0161ti, po ktorom Ho pok\u00fa\u0161al diabol.<\/p>\n\n\n\n<p>&nbsp; <em>V t\u00fato stredu sme mali v MYS k\u0148azsk\u00fa poradu a prekvapila n\u00e1s, aspo\u0148 m\u0148a, jedna ses.far\u00e1rka vyhl\u00e1sen\u00edm, \u017ee d\u00f4vodom ne\u00faspe\u0161n\u00e9ho duchovn\u00e9ho napredovania v na\u0161ich zboroch je to, \u017ee sa nepost\u00edme!? Preto sa v minul\u00fdch rokoch rozhodla pre 40 d\u0148ov\u00fd p\u00f4st, ale nena\u0161la nikoho, kto by sa k nej pripojil. Teraz po\u017eiadavku zmiernila na 1 de\u0148 a oslovila 10 \u013eud\u00ed, ale z desiatich sa k nej pripojil len jeden.&nbsp;<\/em><\/p>\n\n\n\n<p>&nbsp;&nbsp; &nbsp; Ak sa aj d\u00e1 s\u00fahlasi\u0165 s t\u00fdm, \u017ee na\u0161e cirkevn\u00e9 zbory nes\u00fa stopy stagn\u00e1cie, alebo aj duchovn\u00e9ho \u00fapadku, je viac ako ot\u00e1zne, \u010di je jeho d\u00f4vodom to, \u017ee my evanjelici zachov\u00e1vame len jeden, \u010di dva p\u00f4stne dni v roku.&nbsp;<\/p>\n\n\n\n<p>\u00a0\u00a0 \u00a0 Mo\u017eno poveda\u0165, \u017ee to, \u010do je a m\u00e1 pre n\u00e1s evanjelick\u00fdch kres\u0165anov hlavn\u00e9 a ur\u010duj\u00face v nast\u00e1vaj\u00facom p\u00f4stnom \u010dase, ktor\u00fd ozna\u010duje ako <em>\u201ctich\u00fd \u010das\u201d <\/em>&#8211; je a m\u00e1 by\u0165 sk\u00f4r vn\u00fatorn\u00e9, duchovn\u00e9 st\u00ed\u0161enie sa pred P\u00e1nom Bohom v zmysle t\u00fdch slov, ktor\u00e9 zazneli nielen u\u010den\u00edkovi Petrovi a dvan\u00e1stim, ale aj n\u00e1m z \u00fast P\u00e1na Je\u017ei\u0161a: <em>\u201c Na pohor\u0161enie si mi, preto\u017ee nemysl\u00ed\u0161 na veci Bo\u017eie, ale na \u013eudsk\u00e9\u201d. Pok\u00e1nie je zmena myslenia a konania v tom zmysle, aby sme viac mysleli na veci Bo\u017eie, na cesty Bo\u017eie ako na \u013eudsk\u00e9!<\/em><\/p>\n\n\n\n<p>\u00a0\u00a0 \u00a0 To, \u010do \u0161kod\u00ed \u010dloveku, to \u010do vytv\u00e1ra v srdci \u010dloveka priestor pre diabla a jeho zvody, je ob\u00eddenie, alebo zabudnutie Bo\u017eej v\u00f4le a Bo\u017e\u00edch vec\u00ed a zotrv\u00e1vanie v tom, <em>\u010do je iba \u013eudsk\u00e9<\/em>. \u013dudsk\u00fdm\u00a0 myslen\u00edm je myslenie star\u00e9ho Adama, \u013eudskou m\u00fadros\u0165ou je to, ak je \u010dlovek m\u00fadry len pre seba, \u013eudskou l\u00e1skou &#8211; je l\u00e1ska sebeck\u00e1, l\u00e1ska egoistick\u00e1 a egocentrick\u00e1.\u00a0&#8211; \u010clovek ako star\u00fd Adam z Bo\u017eieho prik\u00e1zania:<em> Milova\u0165 bude\u0161 P\u00e1na Boha a svojho bl\u00ed\u017eneho &#8211; m\u00e1 <\/em>v\u00f4\u013eu milova\u0165 iba seba sam\u00e9ho, pr\u00edpadne len svoju vlastn\u00fa rodinu.\u00a0<\/p>\n\n\n\n<p>&nbsp; &nbsp; Tak\u00fa l\u00e1sku maj\u00fa aj t\u00ed najv\u00e4\u010d\u0161\u00ed oligrachovia, megazlodeji a uzurp\u00e1tori sveta. &#8211;&nbsp; In\u00fdch, \u010di u\u017e je to jednotlivec, alebo aj cel\u00fd n\u00e1rod <em>\u201cza ni\u010d nemaj\u00fa\u201d<\/em> &#8211; a dok\u00e1\u017eu ich obetova\u0165 bezpr\u00e1viu, utrpeniu a ak sa br\u00e1nia, aj smrti.<\/p>\n\n\n\n<p>&nbsp; &nbsp; P\u00e1n Je\u017ei\u0161 aj u\u010den\u00edkovi Petrovi, \u00e1no,&nbsp; tomu ist\u00e9mu Petrovi, ktor\u00fd spr\u00e1vne vyznal z vnuknutia Bo\u017eieho o Je\u017ei\u0161ovi: <em>\u201cTy si Kristus, Syn Boha \u017eiv\u00e9ho\u201d <\/em>&#8211; hovor\u00ed jasne a otvorene : <em>\u201cCho\u010f za m\u0148a satan, na pohor\u0161enie si mi\u2026<\/em>\u201d Srdce \u010dloveka a jeho stav je rozhoduj\u00faci &#8211; nie na\u0161e vonkaj\u0161ie telesn\u00e9 prejavy a konanie (postenie sa). Bu\u010f patr\u00ed na\u0161e vn\u00fatro,<strong> na\u0161e srdce,<\/strong> <em>&#8211; na\u0161e myslenie, vo\u013ea a na\u0161a l\u00e1ska Bohu a Bo\u017e\u00edm cest\u00e1m, <\/em>alebo &#8211; patr\u00ed satanovi. Na\u0161e vn\u00fatro, n\u00e1\u0161 duch a du\u0161a nie je nejak\u00e1 auton\u00f3mna, nez\u00e1visl\u00e1 oblas\u0165. Bu\u010f patr\u00ed P\u00e1nu Bohu &#8211; alebo patr\u00ed tomu zl\u00e9mu! Lebo: <em>\u201c Nikto nem\u00f4\u017ee sl\u00fa\u017ei\u0165 dvom p\u00e1nom. Bu\u010fto bude jedn\u00e9ho milova\u0165 a druh\u00e9ho nen\u00e1vidie\u0165\u201d,<\/em> alebo naopak.<\/p>\n\n\n\n<p>&nbsp; &nbsp; <strong>Pok\u00e1nie<\/strong> preto znamen\u00e1 nie telesn\u00fa hygienu (telesn\u00e9 um\u00fdvanie), ani obmedzenie pr\u00edsunu kal\u00f3r\u00ed\u00ed telu, akoko\u013evek je to prospe\u0161n\u00e9 &#8211;&nbsp; ale obmedzenie takej duchovnej potravy, ktor\u00e1 ni\u010d\u00ed a kaz\u00ed nielen postavu, ale aj samotn\u00fd \u017eivot. N\u00e1\u0161 vlastn\u00fd &#8211; i \u017eivot na\u0161ich bl\u00ed\u017enych.&nbsp;<\/p>\n\n\n\n<p>&nbsp;&nbsp; &nbsp; Ak Peter myslel len na to, ako sa vyn\u00fa\u0165 utrpeniu, kr\u00ed\u017eu a vern\u00e9mu a pokorn\u00e9mu nasledovaniu Bo\u017eieho Bar\u00e1nka a sna\u017eil sa to ospravedlni\u0165 ochranou sam\u00e9ho Krista P\u00e1na hovoriac:<em> \u201cBo\u017ee chr\u00e1\u0148, Pane, to sa ti nesmie sta\u0165\u201d <\/em>&#8211; nemyslel na Bo\u017eie veci. Nemyslel na cestu vyk\u00fapenia skrze l\u00e1sku a obe\u0165 Kristovu &#8211; ale len na seba a svoje postavenie. Tak, ako to vyjadrili aj ostatn\u00ed u\u010den\u00edci v h\u00e1dke: <em>Kto z nich ozaj ten prv\u00fd a najv\u00e4\u010d\u0161\u00ed medzi nimi!?<\/em>&nbsp;<\/p>\n\n\n\n<p>&nbsp;&nbsp; Bratia a sestry!<\/p>\n\n\n\n<p>\u00a0\u00a0 Nedivme sa, \u017ee deti tohoto sveta s\u00fa nepou\u010dite\u013en\u00ed, \u017ee t\u00fa\u017eia len po vojne, koristi a pon\u00ed\u017een\u00ed in\u00fdch. Aj s\u00fa\u010dasn\u00e1 vojna, ako v\u0161etky predch\u00e1dzaj\u00face je a zost\u00e1va iba mas\u00edvnym prestupovan\u00edm Bo\u017eieho prik\u00e1zania a Bo\u017eej v\u00f4le: Nezabije\u0161! &#8211; Vieme a c\u00edtime to v\u0161etci. Vedel a c\u00edtil to n\u00e1\u0161 evanjelick\u00fd b\u00e1snik P. O. Hviezdoslav, ke\u010f p\u00edsal svoje <em>Krvav\u00e9 sonety.<\/em><\/p>\n\n\n\n<p>&nbsp; &nbsp; &nbsp; My si mus\u00edme polo\u017ei\u0165 ot\u00e1zku: \u010co by povedal P\u00e1n Je\u017ei\u0161 n\u00e1m &#8211; osobne. Ako by videl a hodnotil na\u0161e myslenie a na\u0161e konanie?!&nbsp;<\/p>\n\n\n\n<p>Malo by n\u00e1s oslovi\u0165 a zatrias\u0165 na\u0161\u00edm svedom\u00edm slovo povedan\u00e9 u\u010den\u00edkovi Petrovi:<em> \u201d Cho\u010f za m\u0148a satan &#8211; cho\u010f mi z o\u010d\u00ed satan, na pohor\u0161enie si mi\u2026.<\/em><\/p>\n\n\n\n<p>\u00a0 \u00a0 P\u00f4stny \u010das je pr\u00edhodn\u00fdm \u010dasom myslie\u0165 viac na Bo\u017eie veci. Zdr\u017eiava\u0165 sa m\u00e1me nie pokrmov &#8211;\u00a0 a ak, tak len preto, aby sme nimi posl\u00fa\u017eili t\u00fdm, \u010do s\u00fa s\u00fa\u010dasnou vojnou vyhnan\u00ed zo svojej \u00farodnej, bohatej \u010dernozeme na Ukrajine a s\u00fa len obetovan\u00fdmi exulantami, bez oh\u013eadu na to, \u017ee s\u00fa nimi \u017eeny a deti\u2026<\/p>\n\n\n\n<p>\u00a0\u00a0 \u00a0 Ak sa chceme pote\u0161i\u0165 n\u00e1dejou na v\u00ed\u0165azstvo dobra nad zlom, svetla nad tmou &#8211; utiekajme sa k V\u00ed\u0165azovi, ktor\u00fd <em>\u201cpohrdol potupou\u201d, <\/em>vzal na seba pokorne kr\u00ed\u017e a vyniesol na\u0148 hriechy sveta &#8211; i na\u0161e hriechy, aby n\u00e1m z\u00edskal z\u00e1chranu a ve\u010dn\u00fa sp\u00e1su.\u00a0<\/p>\n\n\n\n<p>\u00a0\u00a0 Bo\u017eou vecou je skuto\u010dn\u00e9 v\u00ed\u0165azstvo nad ka\u017edou zlou mocou, nad mocn\u00fdmi a namyslen\u00fdmi, ktor\u00fdch <em>On svoj\u00edm mocn\u00fdm ramenom\u00a0&#8222;rozpr\u00e1\u0161i\u201c a \u201czhadzuje z tr\u00f3nov\u201d <\/em>do prachu. (L 1,50- 53) On nedovol\u00ed, aby ktor\u00fdko\u013evek strom r\u00e1stol do neba\u2026Nebukadnecar zo\u0161alel a p\u00e1sol sa ako zviera &#8211; mocn\u00e1rov otr\u00e1vili ich najbli\u017e\u0161\u00ed, Musoliniho a Tisu obesil vlastn\u00fd n\u00e1rod, Hitler sa zabil s\u00e1m, Stalina pre gulagy vyhodili z kreme\u013esk\u00e9ho m\u00faru a odhalili jeho prav\u00fa tv\u00e1r tie\u017e jeho vlastn\u00ed \u2026Boh m\u00e1 cesty nad v\u0161etky cesty a prostriedkov tis\u00edc\u2026.<\/p>\n\n\n\n<p>&nbsp;&nbsp; &nbsp; Nech je a zost\u00e1va na\u0161ou n\u00e1dejou a istotou Ten, ktor\u00fd nielen trpel a zomrel na kr\u00ed\u017ei, ale aj vstal z m\u0155tvych. Ten, ktor\u00fd n\u00e1m d\u00e1va jes\u0165 prav\u00fd chlieb z neba &#8211; chlieb \u017eivota. A s n\u00edm aj odpustenie na\u0161ich v\u00edn a hriechov, rados\u0165 a pokoj v Duchu Sv\u00e4tom a s\u013eub \u017eivota ve\u010dn\u00e9ho v Jeho kr\u00e1\u013eovstve.&nbsp; Amen<\/p>\n\n\n\n<p>&nbsp; &nbsp; &nbsp; &nbsp; &nbsp; &nbsp; &nbsp; &nbsp; &nbsp; &nbsp; &nbsp; 1. p\u00f4stna nede\u013ea &nbsp; &#8211; CZ Myjava 2022&nbsp; &#8211; \u013dubom\u00edr Batka st.<\/p>\n","protected":false},"excerpt":{"rendered":"<p>&nbsp;&nbsp; &nbsp; &nbsp; &nbsp; &nbsp; &nbsp; &nbsp; &nbsp; Myslime na veci Bo\u017eie Sv\u00e4t\u00fd Bo\u017ee, mil\u00fd Ot\u010de n\u00e1\u0161 nebesk\u00fd, \u010fakujeme Ti za to,\u00a0\u017ee si n\u00e1s priviedol do nov\u00e9ho d\u0148a\u00a0a s\u00fa\u010dasne aj do nov\u00e9ho obdobia cirkevn\u00e9ho roku.Za to chv\u00e1lime Tvoje sv\u00e4t\u00e9 meno.S\u00fa\u010dasne pros\u00edme, daj n\u00e1m pozna\u0165 Tvoju v\u00f4\u013eu pri n\u00e1s,\u00a0ke\u010f op\u00e4\u0165 chceme h\u013eadie\u0165 na kr\u00ed\u017e Tvojho Syna, &#8230; <a title=\"Myslime na veci Bo\u017eie\" class=\"read-more\" href=\"https:\/\/www.e-anjelik.sk\/index.php\/2022\/03\/05\/myslime-na-veci-bozie\/\" aria-label=\"Pre\u010d\u00edtajte si viac o Myslime na veci Bo\u017eie\">\u010c\u00edta\u0165 viac<\/a><\/p>\n","protected":false},"author":4,"featured_media":0,"comment_status":"open","ping_status":"open","sticky":false,"template":"","format":"standard","meta":{"footnotes":""},"categories":[547,121,118,53,178],"tags":[],"class_list":["post-35431","post","type-post","status-publish","format-standard","hentry","category-1-postna-nedela","category-kazne","category-myjava","category-post","category-satanizmus"],"_links":{"self":[{"href":"https:\/\/www.e-anjelik.sk\/index.php\/wp-json\/wp\/v2\/posts\/35431","targetHints":{"allow":["GET"]}}],"collection":[{"href":"https:\/\/www.e-anjelik.sk\/index.php\/wp-json\/wp\/v2\/posts"}],"about":[{"href":"https:\/\/www.e-anjelik.sk\/index.php\/wp-json\/wp\/v2\/types\/post"}],"author":[{"embeddable":true,"href":"https:\/\/www.e-anjelik.sk\/index.php\/wp-json\/wp\/v2\/users\/4"}],"replies":[{"embeddable":true,"href":"https:\/\/www.e-anjelik.sk\/index.php\/wp-json\/wp\/v2\/comments?post=35431"}],"version-history":[{"count":3,"href":"https:\/\/www.e-anjelik.sk\/index.php\/wp-json\/wp\/v2\/posts\/35431\/revisions"}],"predecessor-version":[{"id":37003,"href":"https:\/\/www.e-anjelik.sk\/index.php\/wp-json\/wp\/v2\/posts\/35431\/revisions\/37003"}],"wp:attachment":[{"href":"https:\/\/www.e-anjelik.sk\/index.php\/wp-json\/wp\/v2\/media?parent=35431"}],"wp:term":[{"taxonomy":"category","embeddable":true,"href":"https:\/\/www.e-anjelik.sk\/index.php\/wp-json\/wp\/v2\/categories?post=35431"},{"taxonomy":"post_tag","embeddable":true,"href":"https:\/\/www.e-anjelik.sk\/index.php\/wp-json\/wp\/v2\/tags?post=35431"}],"curies":[{"name":"wp","href":"https:\/\/api.w.org\/{rel}","templated":true}]}}