{"id":35457,"date":"2022-03-21T20:58:54","date_gmt":"2022-03-21T19:58:54","guid":{"rendered":"https:\/\/e-anjelik.sk\/?p=35457"},"modified":"2024-07-05T11:45:36","modified_gmt":"2024-07-05T09:45:36","slug":"milujme-slavu-boziu-nie-slavu-ludi","status":"publish","type":"post","link":"https:\/\/www.e-anjelik.sk\/index.php\/2022\/03\/21\/milujme-slavu-boziu-nie-slavu-ludi\/","title":{"rendered":"Milujme sl\u00e1vu Bo\u017eiu, nie sl\u00e1vu \u013eud\u00ed."},"content":{"rendered":"\n<p><em>&nbsp; &nbsp; &nbsp; &nbsp; <\/em><strong><em>&nbsp; <\/em>Milujme sl\u00e1vu Bo\u017eiu, nie sl\u00e1vu \u013eud\u00ed&nbsp;<\/strong><\/p>\n\n\n\n<p><em>Jak synovia svetla<\/em><br><em>pevne a st\u00e1le<\/em><br><em>cho\u010fme a konajme<\/em><br><em>ku Bo\u017eej chv\u00e1le.<\/em><br><em>\u010c\u00edm je svet hor\u0161\u00ed &#8211; my<\/em><br><em>t\u00fdm v\u00e4\u010d\u0161mi bdejme,<\/em><br><em>a nik n\u00e1s nezvedie\u00a0<\/em><br><em>do kr\u00e1\u013eovstva tmy.\u00a0 Amen (M.R.)<\/em><\/p>\n\n\n\n<p><strong>J 12, 35 &#8211; 43:<\/strong><\/p>\n\n\n\n<p><em>\u201cRiekol im Je\u017ei\u0161: E\u0161te kr\u00e1tky \u010das je svetlo medzi vami. Cho\u010fte dokia\u013e m\u00e1te svetlo, aby v\u00e1s neprikva\u010dila tma; kto chod\u00ed v tme, nevie kam ide. (36) Dokia\u013e m\u00e1te sveto, verte v svetlo, aby ste neboli synovia svetla! To povedal je\u017ei\u0161, potom\u00a0 odi\u0161iel a ukryl sa pred nimi. (37) Aj ke\u010f to\u013eko ve\u013ek\u00fdch znamen\u00ed u\u010dinil pred nimi, neuverili v Neho, (38) aby sa naplnilo slovo proroka Izai\u00e1\u0161a, ktor\u00e9 povedal: Pane, kto uveril n\u00e1\u0161mu k\u00e1zaniu a rameno P\u00e1novo komu bolo zjaven\u00e9? Preto oni nemohli uveri\u0165, lebo\u00a0Izai\u00e1\u0161 zase hovor\u00ed: (40) Oslepil im o\u010di a zatvrdil srdcia, aby nevideli o\u010dami, a nepozn\u00e1vali srdcom, neobr\u00e1tili sa, a ja aby som ich neuzdravil. (41) To povedal Izai\u00e1\u0161, lebo videl Jeho sl\u00e1vu\u00a0 a hovoril o \u0147om. (42) Predsa v\u0161ak z poprednej\u0161\u00edch mnoh\u00ed\u00a0 uverili v Neho, ale nepriznali sa k tomu pre farizejov, aby ich t\u00ed nevyl\u00fa\u010dili zo synagogy; \u013eudsk\u00fa sl\u00e1vu milovali toti\u017e v\u00e4\u010d\u0161mi ako sl\u00e1vu Bo\u017eiu\u201d. Amen<\/em><\/p>\n\n\n\n<p>&nbsp;&nbsp; Bratia a sestry &#8211; ktor\u00ed milujete sl\u00e1vu Bo\u017eiu viac, ako sl\u00e1vu \u013eudsk\u00fa!<\/p>\n\n\n\n<p>\u00a0 <em>\u00a0 Pam\u00e4t\u00e1m sa na rozpr\u00e1vanie star\u0161\u00edch \u013eud\u00ed v mojej mladosti, ktor\u00ed za prvej republiky i\u0161li za u\u010d\u0148ov do \u010ciech, alebo tam i\u0161li sl\u00fa\u017ei\u0165 na po\u013enohospod\u00e1rske majetky. Tam sa po prv\u00fd kr\u00e1t v \u017eivote stretli s elektrinou. Na Slovensku to bola vtedy vec e\u0161te m\u00e1lo v\u00eddan\u00e1. Svietilo sa petrolejkami a v po\u013enohospod\u00e1rstve sa be\u017ene pou\u017e\u00edvala ru\u010dn\u00e1 pr\u00e1ca. Na v\u00e4\u010d\u0161\u00edch hospod\u00e1rstvach boli len parn\u00e9 stroje. Preto ke\u010f jeden ml\u00e1denec pri\u0161iel domov a rozpr\u00e1val kamar\u00e1tom, ako rezal se\u010dku pre dobytok elektrinou, dom\u00e1ci ho vysmiali a hovorili: Ako m\u00f4\u017ee elektrina reza\u0165 se\u010dku!? Ve\u010f to je dr\u00f4t!<\/em><\/p>\n\n\n\n<p>\u00a0 \u00a0 Dnes si u\u017e \u017eivot bez elektriny nevieme predstavi\u0165. Elektrinou nielen svietime, ale pou\u017e\u00edvame aj mnoho r\u00f4znych elektrick\u00fdch spotrebi\u010dov. Bez elektrick\u00e9ho svetla by bola zrazu v\u0161ade tma &#8211; v domoch i na uliciach. Vzda\u0165 sa tejto vymo\u017eenosti nikoho ani len nenapadne. \u00a0<\/p>\n\n\n\n<p>&nbsp; &nbsp; &nbsp; Evanjelisti n\u00e1m pripom\u00ednaj\u00fa slov\u00e1 P\u00e1na Je\u017ei\u0161a, ktor\u00fd o sebe povedal: <strong><em>Ja som svetlo sveta! <\/em><\/strong>&#8211; Z pre\u010d\u00edtan\u00e9 biblick\u00e9ho posolstva sme po\u010duli d\u00f4le\u017eit\u00e9 upozornenie: <em>\u201c E\u0161te kr\u00e1tky \u010das je svetlo medzi vami. Cho\u010fte, dokia\u013e m\u00e1te svetlo, aby v\u00e1s neprikva\u010dila tma; kto chod\u00ed v tme, nevie, kam ide\u201d.<\/em><\/p>\n\n\n\n<p><em>&nbsp; <\/em>&nbsp; V t\u00fdchto slov\u00e1ch je samozrejme re\u010d o inom svetle, ako je svetlo elektrick\u00e9 alebo slne\u010dn\u00e9. Tu je re\u010d o <strong>svetle duchovnom<\/strong>, ktor\u00e9 je v\u0161ak skuto\u010dnou <strong>podmienkou \u017eivota \u013eud\u00ed<\/strong> jednak tu, v \u010dasnosti a&nbsp; potom aj podmienkou \u017eivota ve\u010dn\u00e9ho. Probl\u00e9m je, \u017ee tohoto svetla sa \u013eudia vzd\u00e1vaj\u00fa neraz ve\u013emi \u013eahkov\u00e1\u017ene, ba a\u017e nezodpovedne.<\/p>\n\n\n\n<p>&nbsp; &nbsp; Aj v tohtoro\u010dnom p\u00f4stnom obdob\u00ed cirkevn\u00e9ho roku sme pozvan\u00ed k zamysleniu, <strong>\u010di v\u00f4bec a pre\u010do potrebujeme<\/strong> aj my toto nebesk\u00e9 svetlo, pre\u010do potrebujeme veri\u0165 v Je\u017ei\u0161a Krista. On opakovane hovor\u00ed \u013eu\u010fom<em>: \u201dDokia\u013e m\u00e1te svetlo, verte v svetlo, aby ste boli synovia svetla! <\/em>To povedal Je\u017ei\u0161 z\u00e1stupom a<em> \u201cpotom odi\u0161iel a ukryl sa pred nimi\u201d.&nbsp;<\/em><\/p>\n\n\n\n<p><em>&nbsp;&nbsp; <\/em>Bratia a sestry!&nbsp;<\/p>\n\n\n\n<p>&nbsp;&nbsp; V tomto posolstve nejde len o t\u00fdch \u013eud\u00ed, ktor\u00ed neprijali Je\u017ei\u0161a a neuverili v Neho ke\u010f sa im osobne prihov\u00e1ral. Izraelsk\u00fd \u013eud si dokonca dobrovo\u013ene vy\u017eiadal od vlad\u00e1ra, Pontsk\u00e9ho Pil\u00e1ta, aby Ho ods\u00fadil na smr\u0165 ukri\u017eovan\u00edm. Nerozumne sa vzdali Je\u017ei\u0161a, nielen ako u\u010dite\u013ea mravnosti a syna svojho n\u00e1roda, ale najm\u00e4 ako Syna Bo\u017eieho a Z\u00e1chrancu k \u017eivotu ve\u010dn\u00e9mu. Ich d\u00f4vody a argumenty proti Je\u017ei\u0161ovi boli vymyslen\u00e9 vtedaj\u0161ou propagandou farizejov, z\u00e1konn\u00edkov a ve\u013ek\u0148azov: <em>\u201cTento zv\u00e1dza z\u00e1stupy, b\u00fari \u013eud, zakazuje d\u00e1va\u0165 dane cis\u00e1rovi\u201d. <\/em>Naviac, tvrdili \u017ee sa chov\u00e1 ako hrie\u0161nik, \u017ee je&nbsp;<em> \u201c\u017er\u00e1\u010d a pian v\u00edna\u201d<\/em> a \u017ee sa priatel\u00ed s coln\u00edkmi a neviestkami. Nepriamo t\u00fdm priznali skuto\u010dn\u00fa pravdu: Je\u017ei\u0161 skuto\u010dne u\u010dil a k\u00e1zal, aby neboli a ne\u017eili ako otroci hriechu, ani \u017eiadnej zlej moci.&nbsp;<\/p>\n\n\n\n<p>&nbsp; &nbsp; Hriech je vpravde zlou mocou, ktor\u00e1 sp\u00fatava \u010dloveka a rob\u00ed ho neschopn\u00fdm kona\u0165 skuto\u010dn\u00e9 dobro. Preto \u201chre\u0161i\u0165\u201d m\u00f4\u017ee aj \u010dlovek ktor\u00fd miluje (m\u00e1 r\u00e1d) &#8211; <em>ale m\u00e1 r\u00e1d a miluje len seba sam\u00e9ho!<\/em>&nbsp; Ten, ktor\u00fd \u013eud\u00ed na hriech zv\u00e1dza, hovor\u00ed:<em> \u201cBu\u010f m\u00fadry &#8211; ale len pre seba!\u201d <\/em>Rob iba to, \u010do je dobr\u00e9 pre teba. Nemysli na nikoho druh\u00e9ho, nestaraj sa o dobro a \u017eivot bl\u00ed\u017eneho, o jeho blaho a \u0161\u0165astie\u2026(Pr\u00edklad: U\u017e v socializme sa udom\u00e1cnilo na Slovensku heslo: <em>Kto nekradne, okr\u00e1da svoju rodinu! <\/em>&#8211; aby sa tak\u00fdmto sp\u00f4sobom ospravedl\u0148oval hriech.)<\/p>\n\n\n\n<p>\u00a0\u00a0 \u00a0 Ak sa tak za\u010dne dia\u0165 st\u00e1le vo v\u00e4\u010d\u0161om mer\u00edtku, ak \u013eudia miluj\u00fa len seba, ak s\u00fa m\u00fadri len pre seba, ak \u017eij\u00fa a myslia egocentricky, vtedy- povedan\u00e9 biblicky: za\u010dn\u00fa \u013eudia \u017ei\u0165 a chodi\u0165 <strong>v tme.<\/strong> Najsk\u00f4r prestan\u00fa dokazova\u0165 \u00factu a l\u00e1sku k cudz\u00edm, potom aj k susedom a napokon aj k t\u00fdm najbli\u017e\u0161\u00edm. Napr\u00edklad k vlastnej man\u017eelke, man\u017eelovi, dokonca aj k vlastn\u00fdm de\u0165om\u2026 Hriech je v skuto\u010dnosti nedostatok <strong>svetla, ktor\u00fdm je l\u00e1ska k Bohu a potom k bl\u00ed\u017enemu. Hriech je egoizmus, sebal\u00e1ska a sebastrednos\u0165.<\/strong><\/p>\n\n\n\n<p><strong>&nbsp; <\/strong>&nbsp; Je\u017ei\u0161 miloval v\u0161etk\u00fdch \u013eud\u00ed, nielen svojich s\u00fakme\u0148ovcov, \u017didov, ale aj pohanov, nielen vysoko postaven\u00fdch a zbo\u017en\u00fdch farizejov, ale aj t\u00fdch zazn\u00e1van\u00fdch a \u013eud\u00ed, ktor\u00ed boli v tom \u010dase ozna\u010dovan\u00ed len za tzv. bu\u010diace n\u00e1stroje.<\/p>\n\n\n\n<p>\u00a0\u00a0 \u00a0 Pribli\u017eoval sa v\u0161ak \u010das, ke\u010f Jeho p\u00f4sobenie na zemi sa ch\u00fdlilo ku koncu, ke\u010f u\u017e odhalil h\u013abku p\u00e1du a nen\u00e1visti zakorenenej v \u013eudsk\u00fdch srdciach. Bl\u00ed\u017eila sa chv\u00ed\u013ea Golgoty. A o \u017eivote &#8211; dobrom, pokojnom, \u0161\u013eachetnom \u017eivote rozhodovala okolnos\u0165, \u010di \u013eudia bud\u00fa Je\u017ei\u0161a nasledova\u0165, \u010di Ho pr\u00edjmu ako najlep\u0161ieho u\u010dite\u013ea a duchovn\u00e9ho vodcu, Pastiera, alebo \u010di zostan\u00fa nasledovn\u00edkmi a vazalmi pozemsk\u00fdch vl\u00e1dcov, svojich vlastn\u00fdch pohoni\u010dov. \u010ci bud\u00fa po\u010d\u00fava\u0165 t\u00fdch, ktor\u00fdm z\u00e1le\u017e\u00ed iba na ich vlastnej prosperite a blahu, hoci mo\u017eno ich re\u010d a slov\u00e1 sa po\u010d\u00favaj\u00facim javili a javia ako sladk\u00e1 re\u010d a cukr\u00edk zabalen\u00fd v peknom obale, alebo pozl\u00e1tke.<\/p>\n\n\n\n<p>Tak\u00fdmto uverili Je\u017ei\u0161ovi s\u00fa\u010dasn\u00edci a t\u00e1to bieda a trag\u00e9dia sa opakuje v dejin\u00e1ch ve\u013emi \u010dasto, a\u017e podnes. Evanjelista J\u00e1n sved\u010d\u00ed:<\/p>\n\n\n\n<p><em>\u201d Aj ke\u010f to\u013eko ve\u013ek\u00fdch znamen\u00ed u\u010dinil pred nimi, neuverili v Neho\u201d.<\/em><\/p>\n\n\n\n<p>&nbsp;&nbsp; &nbsp; &nbsp; &nbsp; Preto sa aj naplnili slov\u00e1 <strong>proroka Izai\u00e1\u0161a, <\/strong>ktor\u00fd u\u017e pribli\u017ene 600 rokov pred Kristom nap\u00edsal o podobnej sk\u00fasenosti, ke\u010f verne zvestoval Bo\u017eie slovo a Bo\u017e\u00ed z\u00e1kon, ako <strong>\u201csvetlo\u201d<\/strong> a ako cestu pre \u013eud\u00ed. cestu nielen pre \u013eud Izraelsk\u00fd, ale svetlo a cestu pre v\u0161etky n\u00e1rody. Prorok si musel iba \u0165a\u017eko povzdychn\u00fa\u0165, ke\u010f videl neveru a hriech \u013eudu Judska a Jeruzalema:<em> \u201c V\u00f4l pozn\u00e1 svojho gazdu a osol jasle svojho p\u00e1na, ale &#8211; Izrael nepozn\u00e1, m\u00f4j \u013eud nechce ch\u00e1pa\u0165\u201d.&nbsp; &nbsp; &nbsp;<\/em><\/p>\n\n\n\n<p><em>\u00a0\u00a0 <\/em>Preto musel prorok Izai\u00e1\u0161 zvestova\u0165 skazozves\u0165 a hrozbu nadvl\u00e1dy cudzincov nad Jeruzalemom a obyvate\u013emi krajiny. Vtedy si musel\u00a0 \u0165a\u017eko povzdychn\u00fa\u0165: <em>\u201cPane, kto uveril n\u00e1\u0161mu k\u00e1zaniu a rameno P\u00e1novo komu bolo zjaven\u00e9?\u201d<\/em> &#8211; \u013dud bol tak ve\u013emi zaslepen\u00fd a neschopn\u00fd rozl\u00ed\u0161i\u0165 dobro od zla a neschopn\u00fd rozl\u00ed\u0161i\u0165 v\u00f4\u013eu P\u00e1novu a svojv\u00f4\u013eu preto, \u017ee sa nechcel da\u0165 usmerni\u0165 Bo\u017e\u00edm slovom. Preto privolal na seba napokon tvrd\u00fd trest, ktor\u00fd aspo\u0148 niektor\u00fdm otvoril o\u010di. Bo\u017e\u00ed trest siahal a\u017e po to najv\u00e4\u010d\u0161ie, nik\u00fdm ne\u010dakan\u00e9 pon\u00ed\u017eenie: okup\u00e1ciu krajiny a odvle\u010denie \u013eudu do babylonsk\u00e9ho otroctva. Hoci bola k\u00e1ze\u0148 a zves\u0165 proroka skuto\u010dne Bo\u017e\u00edm slovom, oni ju za Bo\u017eie slovo nepova\u017eovali a neprij\u00edmali. &#8211; \u201c<em>Preto nemohli uveri\u0165, oslepil im o\u010di a zatvrdil srdcia, aby nevideli o\u010dami a nepozn\u00e1vali srdcom, neobr\u00e1tili sa, a ja aby som ich neuzdravil.\u201d <\/em>To povedal Izai\u00e1\u0161, ktor\u00fd ohlasoval Bo\u017eiu sl\u00e1vu v osobe Mesi\u00e1\u0161a, pr\u00edchod ktor\u00e9ho predpovedal. \u00a0<\/p>\n\n\n\n<p>\u00a0\u00a0 Ke\u010f potom Je\u017ei\u0161 pri\u0161iel a k\u00e1zal Jeruzalemu, op\u00e4\u0165 <strong>sa neobr\u00e1tili<\/strong> k Hospodinu, ale postavili sa proti zvestovan\u00e9mu slovu a Je\u017ei\u0161a zavrhli. Preto P\u00e1n Je\u017ei\u0161, ako iste vieme, zaplakal nad neveriacim mestom a chr\u00e1mom a predpovedal jeho zni\u010denie. Je s\u00edce pravda, hovor\u00ed <strong>J\u00e1n<\/strong>, \u017ee niektor\u00ed z \u013eudu, a to aj z t\u00fdch poprednej\u0161\u00edch mu\u017eov uverili v Neho, ale verejne sa b\u00e1li prizna\u0165 k viere v Je\u017ei\u0161a, aby ich nevyl\u00fa\u010dili zo synag\u00f3gy. <em>\u201c\u013dudsk\u00fa sl\u00e1vu milovali viac ako sl\u00e1vu Bo\u017eiu\u201d.<\/em><\/p>\n\n\n\n<p><strong>\u00a0\u00a0 A ako je to dnes s nami? <\/strong>Za\u017eili sme, mil\u00ed priatelia, aj my dlh\u00fa dobu, o ktorej mo\u017eno poveda\u0165 to ist\u00e9.<em> \u201c\u013dudsk\u00fa sl\u00e1vu milovali \u013eudia viac ako sl\u00e1vu Bo\u017eiu\u201d. <\/em>Mnoh\u00ed s\u00edce hodnotu evanjelia v skrytosti uzn\u00e1vali, ale <em>\u201cpre strach \u017eidovsk\u00fd\u201d<\/em> sa k viere v Je\u017ei\u0161a verejne neprizn\u00e1vali a dodnes sa <strong>boja a ost\u00fdchaj\u00fa urobi\u0165 skuto\u010dn\u00e9 pok\u00e1nie. <\/strong>Ak sa v\u0161ak nedokazujeme ako veriaci a never\u00edme <em>\u201cv svetlo\u201d, <\/em>toti\u017e v Je\u017ei\u0161a,v ktorom je rie\u0161enie v\u0161etk\u00fdch vec\u00ed, pr\u00edtomn\u00fdch i bud\u00facich, nemo\u017eno sa divi\u0165, \u017ee sme v trvalej kr\u00edze. \u00a0 \u00a0<\/p>\n\n\n\n<p>&nbsp;&nbsp; Nemo\u017eno sa divi\u0165, \u017ee aj dnes kres\u0165ansk\u00e9 n\u00e1rody Eur\u00f3py, po to\u013ek\u00fdch v\u00e1\u017enych zlyhaniach, nepr\u00e1vostiach, vojn\u00e1ch &#8211; st\u00e1le nechc\u00fa by\u0165 svetlom Kristov\u00fdm. Aj mnoh\u00ed medzi nami nechc\u00fa svetlo evanjelia Je\u017ei\u0161a Krista odr\u00e1\u017ea\u0165 do sveta a \u017ei\u0165 ako skuto\u010dn\u00ed kres\u0165ania.&nbsp;<\/p>\n\n\n\n<p>&nbsp;&nbsp; Nev\u0161\u00edmame si znamenia doby a prich\u00e1dzaj\u00face Bo\u017eie s\u00fady. Darmo n\u00e1s valcuj\u00fa islamisti, darmo sme dva roky sme museli \u017ei\u0165 v izolovanosti po\u010das pand\u00e9mie Kovidu 19, ani tieto Bo\u017eie tresty nesta\u010dili na otvorenie o\u010d\u00ed, na duchovn\u00e9 prebudenie a videnie, \u017ee Bo\u017eie slovo nemo\u017eno bra\u0165 nadarmo.&nbsp;<\/p>\n\n\n\n<p>&nbsp;&nbsp; &#8211; Pre\u017e\u00edvame mnoh\u00e9 ekologick\u00e9 katastrofy, ale svet korist\u00ed \u010falej, hoci to ohrozuje nielen kvalitu \u017eivota, ale \u017eivoty mili\u00f3nov \u013eud\u00ed na svete. Teraz \u017eijeme dokonca pod hrozbou tretej svetovej vojny, dokonca at\u00f3movej vojny, ale ke\u010f\u017ee nikto z \u013eud\u00ed si nevie predstavi\u0165 koniec sveta &#8211; a mnoh\u00ed si myslia, \u017ee to nie je mo\u017en\u00e9 &#8211; tak st\u00e1le vo svete vl\u00e1dne <strong>namiesto pr\u00e1va &#8211; bezpr\u00e1vie, namiesto mierov\u00e9ho s\u00fa\u017eitia &#8211; koristn\u00edctvo, namiesto l\u00e1sky &#8211; sebal\u00e1ska.<\/strong><\/p>\n\n\n\n<p>&nbsp; &nbsp; \u010co mo\u017eno e\u0161te poveda\u0165 viac? Ak\u00e9 slovo napomenutia mus\u00ed pr\u00eds\u0165, aby sa \u013eudia zmenili a radi nasledovali Kristove \u0161\u013eapaje, \u017eili v l\u00e1ske, v bratstve, pokornej\u0161ie a skromnej\u0161ie? &#8211; Nie je in\u00e1 mo\u017enos\u0165, len \u00eds\u0165 cestou vernosti prorokov aj napriek nepochopeniu. Mus\u00edme zvestova\u0165 Bo\u017e\u00ed z\u00e1kon i mo\u017en\u00fd trest a s\u00fa\u010dasne vola\u0165 k n\u00e1vratu na cestu viery v Je\u017ei\u0161a. Vola\u0165 na cestou d\u00f4very v Bo\u017eie zas\u013e\u00fabenie, \u017ee skrze Neho, Jeho utrpenie, kr\u00ed\u017e, smr\u0165 a sl\u00e1vne vzkriesenie m\u00f4\u017eeme n\u00e1js\u0165 seba, svojho bl\u00ed\u017eneho a pokoj Bo\u017e\u00ed, ktor\u00fd prevy\u0161uje \u013eudsk\u00fd rozum. Preto dnes, ak po\u010dujeme Bo\u017e\u00ed hlas, nezatvrdzujme si srdcia! Amen&nbsp;<\/p>\n\n\n\n<p>&nbsp;&nbsp; &nbsp; &nbsp; &nbsp; 3.p\u00f4stna nede\u013ea (o\u010di-oculi) &#8211;&nbsp; Myjava 2022 &#8211; Mgr.\u013dubom\u00edr Batka st.<\/p>\n","protected":false},"excerpt":{"rendered":"<p>&nbsp; &nbsp; &nbsp; &nbsp; &nbsp; Milujme sl\u00e1vu Bo\u017eiu, nie sl\u00e1vu \u013eud\u00ed&nbsp; Jak synovia svetlapevne a st\u00e1lecho\u010fme a konajmeku Bo\u017eej chv\u00e1le.\u010c\u00edm je svet hor\u0161\u00ed &#8211; myt\u00fdm v\u00e4\u010d\u0161mi bdejme,a nik n\u00e1s nezvedie\u00a0do kr\u00e1\u013eovstva tmy.\u00a0 Amen (M.R.) J 12, 35 &#8211; 43: \u201cRiekol im Je\u017ei\u0161: E\u0161te kr\u00e1tky \u010das je svetlo medzi vami. Cho\u010fte dokia\u013e m\u00e1te svetlo, aby v\u00e1s &#8230; <a title=\"Milujme sl\u00e1vu Bo\u017eiu, nie sl\u00e1vu \u013eud\u00ed.\" class=\"read-more\" href=\"https:\/\/www.e-anjelik.sk\/index.php\/2022\/03\/21\/milujme-slavu-boziu-nie-slavu-ludi\/\" aria-label=\"Pre\u010d\u00edtajte si viac o Milujme sl\u00e1vu Bo\u017eiu, nie sl\u00e1vu \u013eud\u00ed.\">\u010c\u00edta\u0165 viac<\/a><\/p>\n","protected":false},"author":4,"featured_media":0,"comment_status":"open","ping_status":"open","sticky":false,"template":"","format":"standard","meta":{"footnotes":""},"categories":[551,121,118,6,53,95],"tags":[],"class_list":["post-35457","post","type-post","status-publish","format-standard","hentry","category-3-postna-nedela","category-kazne","category-myjava","category-myjavsky-seniorat","category-post","category-sobotiste"],"_links":{"self":[{"href":"https:\/\/www.e-anjelik.sk\/index.php\/wp-json\/wp\/v2\/posts\/35457","targetHints":{"allow":["GET"]}}],"collection":[{"href":"https:\/\/www.e-anjelik.sk\/index.php\/wp-json\/wp\/v2\/posts"}],"about":[{"href":"https:\/\/www.e-anjelik.sk\/index.php\/wp-json\/wp\/v2\/types\/post"}],"author":[{"embeddable":true,"href":"https:\/\/www.e-anjelik.sk\/index.php\/wp-json\/wp\/v2\/users\/4"}],"replies":[{"embeddable":true,"href":"https:\/\/www.e-anjelik.sk\/index.php\/wp-json\/wp\/v2\/comments?post=35457"}],"version-history":[{"count":3,"href":"https:\/\/www.e-anjelik.sk\/index.php\/wp-json\/wp\/v2\/posts\/35457\/revisions"}],"predecessor-version":[{"id":36999,"href":"https:\/\/www.e-anjelik.sk\/index.php\/wp-json\/wp\/v2\/posts\/35457\/revisions\/36999"}],"wp:attachment":[{"href":"https:\/\/www.e-anjelik.sk\/index.php\/wp-json\/wp\/v2\/media?parent=35457"}],"wp:term":[{"taxonomy":"category","embeddable":true,"href":"https:\/\/www.e-anjelik.sk\/index.php\/wp-json\/wp\/v2\/categories?post=35457"},{"taxonomy":"post_tag","embeddable":true,"href":"https:\/\/www.e-anjelik.sk\/index.php\/wp-json\/wp\/v2\/tags?post=35457"}],"curies":[{"name":"wp","href":"https:\/\/api.w.org\/{rel}","templated":true}]}}