{"id":35466,"date":"2022-04-02T13:23:06","date_gmt":"2022-04-02T11:23:06","guid":{"rendered":"https:\/\/e-anjelik.sk\/?p=35466"},"modified":"2024-07-05T11:43:02","modified_gmt":"2024-07-05T09:43:02","slug":"potesujem-tych-ktori-su-v-akomkolvek-suzeni","status":"publish","type":"post","link":"https:\/\/www.e-anjelik.sk\/index.php\/2022\/04\/02\/potesujem-tych-ktori-su-v-akomkolvek-suzeni\/","title":{"rendered":"Pote\u0161ujem t\u00fdch, ktor\u00ed s\u00fa v akomko\u013evek s\u00fa\u017een\u00ed"},"content":{"rendered":"\n<p><em>&nbsp; &nbsp;<\/em><strong> Pote\u0161ujme t\u00fdch, ktor\u00ed s\u00fa v akomko\u013evek s\u00fa\u017een\u00ed<\/strong><\/p>\n\n\n\n<p><em>V\u010faka, Kriste, Tvoje rany<\/em><br><em>otvorili do ve\u010dnosti br\u00e1ny,<\/em><br><em>Tvoj\u00edm sv\u00e4t\u00fdm umu\u010den\u00edm<\/em><br><em>stali sme sa \u013eudom vyk\u00fapen\u00fdm. Amen. (ES 116,5)<\/em><\/p>\n\n\n\n<p><strong>2 K 1, 3-7:&nbsp;<\/strong><\/p>\n\n\n\n<p><em>\u201cPo\u017eehnan\u00fd Boh a Otec n\u00e1\u0161ho P\u00e1na Je\u017ei\u0161a Krista, Otec milosrdenstva a Boh ka\u017ed\u00e9ho pote\u0161enia, (4) ktor\u00fd n\u00e1s pote\u0161uje v ka\u017edom na\u0161om s\u00fa\u017een\u00ed, aby sme pote\u0161en\u00edm, ktor\u00fdm n\u00e1s pote\u0161uje Boh, mohli pote\u0161ova\u0165 t\u00fdch, \u010do s\u00fa v akomko\u013evek s\u00fa\u017een\u00ed. (5) Ve\u010f ako sa mno\u017eia na\u0161e utrpenia pre Krista, tak sa rozmno\u017euje aj na\u0161e pote\u0161enie skrze Krista; (6) \u010di sme toti\u017e s\u00fa\u017een\u00ed, (s\u00fa\u017een\u00ed sme ) na va\u0161e pote\u0161enie a spasenie, \u010di sa n\u00e1m dost\u00e1va \u00fatechy, (aj to) je na va\u0161e pote\u0161enie, ktor\u00e9 p\u00f4sob\u00ed, \u017ee trpezlivo zn\u00e1\u0161ate tie ist\u00e9 utrpenia, ak\u00e9 aj my zn\u00e1\u0161ame.(7) A na\u0161a n\u00e1dej pre v\u00e1s je pevn\u00e1, lebo vieme, \u017ee ako m\u00e1te \u00fa\u010das\u0165 v utrpeniach, tak aj v pote\u0161en\u00ed\u201d. Amen<\/em><strong> \u00a0 \u00a0 \u00a0 \u00a0 \u00a0 \u00a0 \u00a0<\/strong><\/p>\n\n\n\n<p>&nbsp;&nbsp; Bratia a sestry v P\u00e1novi!&nbsp;<\/p>\n\n\n\n<p>\u00a0\u00a0 V p\u00f4stnom \u010dase viac ako inokedy mysl\u00edme a hovor\u00edme o utrpen\u00ed, kr\u00ed\u017ei a o smrti Je\u017ei\u0161a Krista. Poh\u013ead \u013eud\u00ed na cirkev, ktor\u00ed \u017eij\u00fa mimo nej je mo\u017eno niekedy zm\u00e4ten\u00fd, ke\u010f vidia na\u0161u nepretr\u017eit\u00fa s\u00fastredenos\u0165 na Krista a Jeho kr\u00ed\u017e. Aj niektor\u00ed kres\u0165ania nevidia v\u017edy d\u00f4vod, pre\u010do v zvesti a v k\u00e1zni cirkvi je tak\u00e1 ve\u013ek\u00e1 s\u00fastredenos\u0165 na pa\u0161iov\u00e9 udalosti.<\/p>\n\n\n\n<p>&nbsp;&nbsp; &nbsp; Ap.Pavol v 1.liste korintsk\u00fdm kres\u0165anom celkom otvorene nap\u00edsal o svojej slu\u017ebe medzi nimi: <em>\u201eAj ja, ke\u010f som pri\u0161iel k v\u00e1m, bratia, pri\u0161iel som nie s vyberan\u00fdmi slovami, alebo s m\u00fadros\u0165ou zvestova\u0165 v\u00e1m svedectvo o Bohu, lebo som si umienil ni\u010d in\u00e9ho nevedie\u0165 medzi vami, jedine Je\u017ei\u0161a Krista, a to toho ukri\u017eovan\u00e9ho\u201c.<\/em><\/p>\n\n\n\n<p>\u00a0\u00a0 \u00a0 Tr\u00fafam si poveda\u0165 \u017ee <strong>to je program a cie\u013e <\/strong>a prvorad\u00fd z\u00e1mer azda v\u0161etk\u00fdch kazate\u013eov a k\u0148azov. Mysl\u00edm, \u017ee to plat\u00ed nielen o k\u0148azoch v na\u0161ej cirkvi, ale aj v in\u00fdch cirkv\u00e1ch. A pokia\u013e sa ktor\u00fdko\u013evek k\u0148az venuje aj nejakej inej \u010dinnosti ako zvesti o Ukri\u017eovanom, je to spravidla iba suplovanie nejakej slu\u017eby, ktor\u00fa nem\u00e1 kto, alebo nechce niekto in\u00fd v zbore vykona\u0165.<\/p>\n\n\n\n<p>&nbsp;&nbsp; Pre\u010do je tak\u00e1 d\u00f4le\u017eit\u00e1 t\u00e1to slu\u017eba zvesti o Kristu a Jeho kr\u00ed\u017ei? Pre\u010do je v\u00f4bec <strong>znak kr\u00ed\u017ea<\/strong> jedn\u00fdm z najzn\u00e1mej\u0161\u00edch posv\u00e4tn\u00fdch znakov cirkvi ?<\/p>\n\n\n\n<p>Je to azda nejak\u00e1 pochybn\u00e1 z\u00e1\u013euba v t\u00e9me smrti a utrpenia?&nbsp; &#8211; Nie.&nbsp;<\/p>\n\n\n\n<p><strong>D\u00f4vod toho<\/strong> je jednoduch\u00fd a prost\u00fd, aj ke\u010f sa <em>\u201cdietkam tohoto sveta\u201c<\/em> m\u00f4\u017ee javi\u0165 ako nerozumn\u00fd. \u00c1no, dokonca \u201cbl\u00e1zniv\u00fd\u201d &#8211; ako tom hovor\u00ed otvorene aj apo\u0161tol Pavel zo svojej sk\u00fasenosti: <em>\u201eSlovo o kr\u00ed\u017ei je toti\u017e bl\u00e1znovstvom t\u00fdm, \u010do hyn\u00fa, ale n\u00e1m, ktor\u00ed dosahujeme spasenie, je mocou Bo\u017eou\u201c. (1 K 1,18).<\/em><\/p>\n\n\n\n<p>&nbsp;&nbsp; &nbsp; Ke\u010f\u017ee pre n\u00e1s, ktor\u00ed pozn\u00e1me cesty Bo\u017eie, Bo\u017eiu moc a Bo\u017e\u00ed z\u00e1mer spasi\u0165 svet skrze kr\u00ed\u017e Jeho Syna, slovom a svedectvom o v\u00ed\u0165azstve \u017eivota nad smr\u0165ou, je toto<strong><em> \u201edr\u017eanie sa kr\u00ed\u017ea<\/em><\/strong>\u201d samozrejm\u00e9 a prirodzen\u00e9. Pre n\u00e1s je <em>\u201cslovo o kr\u00ed\u017ei\u201d, d\u00f4kazom o Bo\u017eej moci, a o cestou k \u017eivotu ve\u010dn\u00e9mu.&nbsp;<\/em><\/p>\n\n\n\n<p><em>\u00a0 \u00a0 <\/em><strong><em>Kr\u00ed\u017e je znakom nielen vykupite\u013eskej smrti Kristovej, ale aj Jeho vzkriesenia.<\/em><\/strong>V star\u00fdch katedr\u00e1lach bol kr\u00ed\u017e zobrazovan\u00fd ako<strong> strom \u017eivota<\/strong>. Ako drevo, z ktor\u00e9ho vyr\u00e1stol <em>\u201czelen\u00fd v\u00fdhonok\u201d<\/em>, ktor\u00fd <strong>sa st\u00e1va stromom,<\/strong> ktor\u00fd rod\u00ed ovocie <em>\u201ena uzdravenie n\u00e1rodov\u201c.<\/em><\/p>\n\n\n\n<p>&nbsp; &nbsp; Preto hne\u010f v \u00favode svojho 2.listu apo\u0161tola Pavla korintsk\u00fdm kres\u0165anom spieva <strong>vzne\u0161en\u00fd chv\u00e1lospev o Bo\u017eom diele v Kristu Je\u017ei\u0161i.<\/strong> Je to <strong>c<\/strong>hv\u00e1lospev a oslava P\u00e1na Boha, ako Otca milosrdenstva a Je\u017ei\u0161a ako vzkriesen\u00e9ho P\u00e1na. T\u00e1to oslava nie je samo\u00fa\u010deln\u00e1. M\u00e1 ve\u013ek\u00fd v\u00fdznam pre v\u0161etk\u00fdch, ktor\u00ed d\u00f4veruj\u00fa Bo\u017eiemu daru milosti v Kristu. On sa stal <strong>prostredn\u00edkom <\/strong>n\u00e1\u0161ho spasenia. Z\u00e1chrancom, ktor\u00fd n\u00e1s vytrhol z ka\u017edej zlej moci i z moci smrti. P\u00f4vodn\u00fd Bo\u017e\u00ed v\u00fdrok: <em>\u201esi prach\u201c,<\/em>&nbsp; je tak doplnen\u00fd v\u010faka Kristovej obeti zas\u013e\u00faben\u00edm: <em>\u201cPreto\u017ee ja \u017eijem, aj vy budete \u017ei\u0165\u201c.<\/em><\/p>\n\n\n\n<p><strong><em>&nbsp; &nbsp; &nbsp; <\/em>Ako odpovieme na toto Bo\u017eie dielo?<\/strong><\/p>\n\n\n\n<p>\u00a0 \u00a0 \u201e<em>Po\u017eehnan\u00fd Boh a Otec n\u00e1\u0161ho P\u00e1na Je\u017ei\u0161a Krista, Otec milosrdenstva a Boh ka\u017ed\u00e9ho pote\u0161enia\u201c<\/em>! &#8211; To je zvolanie a refr\u00e9n chv\u00e1ly a dobrore\u010denia nielen apo\u0161tola Pavla, ale m\u00e1 by\u0165 <strong>aj na\u0161\u00edm dobrore\u010den\u00edm.<\/strong> <strong><em>Uprostred p\u00f4stnej doby,<\/em><\/strong> uprostred n\u00e1\u0161ho s\u00fastredenia sa na utrpenie a smr\u0165 Krista P\u00e1na, smieme sa akoby nad\u00fdchnu\u0165 a pozrie\u0165 zo zeme k nebu. Od Golgoty \u2013 na pravicu Bo\u017eiu! \u00a0<\/p>\n\n\n\n<p>\u00a0\u00a0 <strong>\u00a0 <\/strong>Ten, ktor\u00fd sa stal zlore\u010den\u00edm, ktor\u00fd s\u00fastredil na seba to\u013eko nen\u00e1visti, ohov\u00e1rania, nepochopenia, ktor\u00fd sa stal ter\u010dom mnoh\u00fdch \u00fatokov, zrady a zneu\u017eitia moci &#8211;\u00a0 predsa je napokon V\u00ed\u0165az. Na to nem\u00f4\u017eeme a nesmieme zabudn\u00fa\u0165. <strong><em>\u0160tvrt\u00e1 p\u00f4stna nede\u013ea,<\/em><\/strong> ktor\u00e1 predch\u00e1dza pa\u0161iov\u00e9 nedele, n\u00e1m chce pripomen\u00fa\u0165, \u017ee <strong>smr\u0165 nad Kristom nepanuje<\/strong>. Bo\u017eia cesta s Kristom, od chv\u00edle ako Ho Otec polo\u017eil &#8211; najsk\u00f4r na drevo betlehemsk\u00fdch jasl\u00ed, a\u017e po okamih, ke\u010f Ho polo\u017eil na drevo kr\u00ed\u017ea, nie je cestou por\u00e1\u017eky, ale je to cesta \u00faspe\u0161n\u00e1 a po\u017eehnan\u00e1. <em>\u201ePo\u017eehnan\u00fd Boh a Otec n\u00e1\u0161ho P\u00e1na Je\u017ei\u0161a Krista, Otec milosrdenstva a Boh ka\u017ed\u00e9ho pote\u0161enia, ktor\u00fd <\/em><strong><em>n\u00e1s pote\u0161uje v ka\u017edom na\u0161om s\u00fa\u017een\u00ed<\/em><\/strong><em>\u201c<\/em> &#8211; vol\u00e1me spolu so svedkom \u017eiv\u00e9ho a vzkriesen\u00e9ho Krista, apo\u0161tolom Pavlom! Vedomie o Kristovom v\u00ed\u0165azstve a vzkriesen\u00ed je odpove\u010fou na mnoh\u00e9 na\u0161e ot\u00e1zky, volania, vzdychy, &#8211; niekedy dokonca obvi\u0148ovania a <em>\u201es\u00fadenie\u201c <\/em>P\u00e1na Boha zo strany \u010dloveka, ktor\u00fd je poddan\u00fd smrti.<\/p>\n\n\n\n<p>&nbsp;&nbsp; My sme v\u017edy, viac \u010di menej, v sk\u00fa\u0161ke \u017eivota a viery, k\u00fdm sme na ceste do ve\u010dnosti. V tomto svete<em> m\u00e1me a budeme ma\u0165 s\u00fa\u017eenie.<\/em> Ka\u017ed\u00fd z n\u00e1s ho bu\u010f m\u00e1, alebo ka\u017ed\u00fd z n\u00e1s nejak\u00e9 s\u00fa\u017eenie pre\u017eil. Mo\u017eno nie\u010do \u0165a\u017ek\u00e9 a hroziv\u00e9 pre\u017e\u00edvame pr\u00e1ve v tomto, alebo v poslednom obdob\u00ed\u2026Nevieme, \u010do n\u00e1s \u010dak\u00e1 zajtra. Sk\u00fasenos\u0165 n\u00e1m hovor\u00ed, \u017ee sk\u00fa\u0161ky viery a \u017eivota prich\u00e1dzaj\u00fa \u201ene\u010dakane\u201c, r\u00fdchlo a znenazdania&#8230;<\/p>\n\n\n\n<p>&nbsp;&nbsp; Bratia a sestry!<\/p>\n\n\n\n<p>\u00a0\u00a0 Mo\u017eno niekto naozaj nem\u00e1 dnes \u017eiaden osobn\u00fd probl\u00e9m a nedot\u00fdka sa ho ni\u010d z toho, \u010do sme spomenuli. Nepre\u017e\u00edva osobn\u00e9 s\u00fa\u017eenie. Mo\u017eno je to tak iba preto, \u017ee sme naozaj pr\u00edli\u0161 zah\u013eaden\u00ed sami na seba a do seba a tak sa n\u00e1s bezprostredne nedot\u00fdkaj\u00fa \u0165archy a sk\u00fa\u0161ky na\u0161ich bratov a sestier, bl\u00edzkych, \u010di vzdialenej\u0161\u00edch. My v\u0161ak patr\u00edme k t\u00fdm, ktor\u00ed patr\u00edme do spolo\u010denstva Kristovej cirkvi, do spolo\u010denstva bratov a sestier kde sa <em>\u201eradujeme s raduj\u00facimi, ale aj pla\u010deme s pla\u010d\u00facimi\u201c. <\/em><strong>Sna\u017e\u00edme sa<\/strong><em> vidie\u0165 i t\u00fdch, ktor\u00ed <\/em>\u201e<em>nemaj\u00fa nikoho, kto by ich zaniesol do vody, ke\u010f sa voda zv\u00edri<\/em>\u201c &#8211; ako to povedal nemocn\u00fd pri rybn\u00edku Siloe, ktor\u00fd tam u\u017e desa\u0165ro\u010dia tr\u010dal a\u017e do chv\u00edle, k\u00fdm si ho nev\u0161imol Je\u017ei\u0161.<\/p>\n\n\n\n<p>\u00a0 \u00a0 <em>\/Ak sme kres\u0165ania, nem\u00f4\u017eme si nev\u0161imn\u00fa\u0165, \u017ee napr. v Nigerii pozab\u00edjali\u00a0islamisti stovky kres\u0165anov, zmasakroval tri dediny hrozn\u00fdm sp\u00f4sobom. Podobne aj na in\u00fdch miestach. &#8211; \u017de v Rusku, v luter\u00e1nksom CZ pri bohoslu\u017eb\u00e1ch a pri \u00favode zborov\u00e9ho far\u00e1ra vtrhlo do kostola komando kukl\u00e1\u010dov a surovo a primit\u00edvne naru\u0161ili\u00a0 bohoslu\u017ebu s pochybn\u00fdm vysvetlen\u00edm, \u017ee h\u013eadaj\u00fa teroristov a teroristick\u00fa literat\u00faru. A m\u00f4\u017eem pokra\u010dova\u0165 \u010falej. Nem\u00f4\u017eeme nespoluc\u00edti\u0165 s obe\u0165ami ve\u013ek\u00fdch zemetrasen\u00ed na Haiti, v \u010cile a v Turecku a na mnoh\u00fdch in\u00fdch miestach zeme. \u00a0<\/em><\/p>\n\n\n\n<p><em>\u00a0 \u00a0 S obe\u0165ami raz z\u00e1plav, zosuvov p\u00f4dy, potom n\u00e1sledkami siln\u00e9ho sne\u017eenia a in\u00fdch pr\u00edrodn\u00fdch katastrof, ktor\u00e9 sa dej\u00fa temer ka\u017edodenne. Je tu aj in\u00e1 skuto\u010dnos\u0165, temer ka\u017edodenn\u00e1, ke\u010f mus\u00edme c\u00edti\u0165 krivdu, boles\u0165 a bezmocnos\u0165 s t\u00fdmi, ktor\u00fdm sa nedost\u00e1va spravodlivosti, \u013eudsk\u00fdch pr\u00e1v, ale ani z\u00e1kladnej d\u00f4stojnosti. C\u00edtime s obe\u0165ami\u00a0 n\u00e1siln\u00fdch \u010dinov a s t\u00fdmi, ktor\u00ed nem\u00f4\u017eu n\u00e1js\u0165 zamestnanie a ich \u0165archy s\u00fa aj na\u0161imi \u0165archami. Nem\u00f4\u017eeme nespoluc\u00edti\u0165 s mno\u017estvom vojnov\u00fdch konfliktov a ne\u013eudsk\u00e9ho vra\u017edenia \u013eud\u00ed, i det\u00ed a civilistov a obrovsk\u00e9ho materi\u00e1lneho ni\u010denia hodn\u00f4t vo vojn\u00e1ch\u2026\/<\/em><\/p>\n\n\n\n<p><em>&nbsp; &nbsp; &nbsp; <\/em>Apo\u0161tol Pavel pripom\u00edna, \u017ee<strong> okrem utrpenia osobn\u00e9ho, \u010di u\u017e pre nemoce, alebo \u010dasn\u00e9 rozl\u00fa\u010dky &#8211;<\/strong> s\u00fa tu v\u017edy aj utrpenia kres\u0165anov <em>\u201epre Krista\u201c.<\/em> Vo svete je st\u00e1le pr\u00edtomn\u00e9 utrpenia kres\u0165anov pre ich vieru a n\u00e1dej. Tie ist\u00e9 utrpenia, ktor\u00fdch v\u010dera, ale i dnes svet pova\u017euje raz za <em>\u201enepriate\u013eov\u201c<\/em>, inokedy za <em>\u201edruhotriednych ob\u010danov\u201e<\/em> \u0161t\u00e1tov.<\/p>\n\n\n\n<p>&nbsp; &nbsp; Mil\u00ed bratia a sestry!<\/p>\n\n\n\n<p>\u00a0\u00a0 Na\u0161e osobn\u00e9 pote\u0161enie, plyn\u00face z prijat\u00fdch darov Bo\u017e\u00edch, ale aj z daru d\u00f4very v Boha, ako Otca milosrdenstva a darcu n\u00e1deje na ve\u010dn\u00fd \u017eivot\u00a0 smieme a m\u00e1me pou\u017ei\u0165 t\u00fdm ist\u00fdm sp\u00f4sobom ako sme ho sami dostali a prijali. Slu\u017ebou na\u0161im bl\u00ed\u017enym a na\u0161ou n\u00e1dejou m\u00e1me \u201e<em>pote\u0161ova\u0165 t\u00fdch, ktor\u00ed s\u00fa v akomko\u013evek s\u00fa\u017een\u00ed\u201c.<\/em><\/p>\n\n\n\n<p>\u00a0\u00a0 My nevieme a nemus\u00edme vedie\u0165 zd\u00f4vodni\u0165 pre\u010do sa deje to, alebo ono &#8211; pre\u010do sa z kalicha utrpenia dostalo raz jedn\u00e9mu, inokedy druh\u00e9mu, alebo\u00a0 n\u00e1m sam\u00fdm. Ale m\u00f4\u017eeme pote\u0161en\u00edm a n\u00e1dejou v Bohu zlo\u017eenou,\u00a0zas\u013e\u00faben\u00edm, \u017ee On m\u00e1 s nami iba my\u0161lienky o pokoji, uisten\u00edm a s\u013eubom o Bo\u017eej vernosti, \u017ee n\u00e1s nenech\u00e1 nikdy samotn\u00fdch, in\u00fdch povzbudi\u0165 a pote\u0161i\u0165.\u00a0<\/p>\n\n\n\n<p>\u00a0\u00a0 \u00a0 Aj vtedy, ba pr\u00e1ve vtedy, ke\u010f nikto, \u017eiadne in\u00e9 \u013eudsk\u00e9 slovo \u00fa\u010dasti nevie a nem\u00f4\u017ee \u013eud\u00ed te\u0161i\u0165, ke\u010f <em>\u201eprech\u00e1dzame br\u00e1nou smrti\u201c<\/em>, smieme na\u0161ou vierou a n\u00e1dejou \u00fa\u010dinne pote\u0161ova\u0165 bl\u00ed\u017enych. Nie svoj\u00edm slovom a mocou, ale slovom Bo\u017e\u00edm a Kristov\u00fdm. Slovom o tom, \u017ee Boh Otec n\u00e1s\u00a0 chce prija\u0165 v nebeskom dome, vo ve\u010dnej vlasti, <em>\u201cv pr\u00edbytkoch nie rukou zhotoven\u00fdch.\u201d T<\/em>o smieme a m\u00e1me zvestova\u0165 v\u0161etk\u00fdm, ktor\u00ed s\u00fa v akomko\u013evek s\u00fa\u017een\u00ed. Preto\u017ee Ukri\u017eovan\u00fd a trpiaci Je\u017ei\u0161 je Bar\u00e1nok Bo\u017e\u00ed, ktor\u00fd sn\u00edma hriech sveta a s\u00fa\u010dasne je <strong>\u201e<em>prvoroden\u00fd z m\u0155tvych\u201c!<\/em><\/strong><\/p>\n\n\n\n<p>Nezabudnime, \u017ee \u201e<em>mnoho zm\u00f4\u017ee v \u00fa\u010dinkoch aj modlitba spravodliv\u00e9ho<\/em>\u201c. Mnoho znamen\u00e1 i dobr\u00e9 slovo. Ale tam, kde m\u00f4\u017eeme pom\u00f4c\u0165 aspo\u0148 mal\u00fdm darom, rukami \u010di umom, tam sme to dl\u017en\u00ed sam\u00e9mu P\u00e1nu Bohu a n\u00e1\u0161mu P\u00e1novi.<\/p>\n\n\n\n<p>&nbsp;&nbsp; &nbsp; \u201e<em>Na svete m\u00e1te s\u00fa\u017eenie\u201c<\/em>&#8211; povedal P\u00e1n Je\u017ei\u0161 u\u010den\u00edkom, ale s\u00fa\u010dasne dolo\u017eil d\u00f4le\u017eit\u00e9 povzbudenie: \u201e<em>ale d\u00fafajte, ja som premohol svet\u201c.<\/em><\/p>\n\n\n\n<p>Tomuto s\u013eubu ver\u00edme. Chceme a m\u00e1me mu d\u00f4verova\u0165. Pote\u0161enie skrze Krista sme toti\u017e aj my, v mnoh\u00fdch chv\u00ed\u013each spoznali, videli, sk\u00fasili a za\u017eili. Tie\u017e vieme o mnohej pomoci a o tom, \u010do n\u00e1dej v Kristovo vzkriesenie a zm\u0155tvychvstanie dok\u00e1zala a vykonala pri rozl\u00fa\u010dkach nad hrobmi, ktor\u00e9 sme sami pre\u017eili.<\/p>\n\n\n\n<p>&nbsp;&nbsp; &nbsp; &nbsp; Hoci cirkev Kristova je tu v\u017edy iba \u201e<em>mal\u00fdm st\u00e1do\u010dkom<\/em>\u201c, je <em>\u201elodi\u010dkou na rozb\u00farenom mori sveta<\/em>\u201d, je spolo\u010denstvom p\u00fatnikov, ktor\u00e9 slovami svojho pevca spieva st\u00e1le: <em>\u201eJe\u017ei\u0161a neopust\u00edm\u201c! (ES&nbsp; 451,1)<\/em><\/p>\n\n\n\n<p>&nbsp;&nbsp; &nbsp; Dobrore\u010den\u00edm apo\u0161tola Pavla povzbuden\u00ed sved\u010d\u00edme: \u201e<em>Po\u017eehnan\u00fd Boh a Otec n\u00e1\u0161ho P\u00e1na Je\u017ei\u0161a&nbsp; Krista &#8211; Otec milosrdenstva a Boh ka\u017ed\u00e9ho pote\u0161enia<\/em>!\u201c P\u00e1n Boh aj n\u00e1s u\u017e mnohokr\u00e1t pote\u0161il v rozli\u010dnom s\u00fa\u017een\u00ed, preto Mu v\u017edy aj my dobrore\u010dme.Jeho milos\u0165 a dary Ducha, ktor\u00e9 nekon\u010dia, vyu\u017eime tak, \u201e<em>aby sme pote\u0161en\u00edm, ktor\u00fdm n\u00e1s pote\u0161uje Boh &#8211; skrze Krista n\u00e1\u0161ho osl\u00e1ven\u00e9ho P\u00e1na, mohli pote\u0161ova\u0165 t\u00fdch, ktor\u00ed s\u00fa v akomko\u013evek s\u00fa\u017een\u00ed\u201c<\/em>. &#8211; Dnes sa povzbu\u010fme vo viere, v l\u00e1ske a n\u00e1deji \u00faprimn\u00fdm prij\u00edman\u00edm Ve\u010dere P\u00e1novej &#8211; toho vidite\u013en\u00e9ho pokrmu pri P\u00e1novom stole. Tak pr\u00edjmeme Toho, ktor\u00fd povedal: <strong><em>Ja som chlieb \u017eivota. <\/em><\/strong>Amen.&nbsp;<\/p>\n\n\n\n<p>&nbsp; &nbsp; &nbsp; &nbsp; &nbsp; &nbsp; &nbsp; &nbsp; &nbsp; &nbsp; &nbsp; &nbsp; 4.nede\u013ea p\u00f4stna &#8211; Myjava 2022 &#8211;&nbsp; Mgr.\u013dubom\u00edr Batka&nbsp; &nbsp; &nbsp; &nbsp; &nbsp; &nbsp; &nbsp; &nbsp; &nbsp; &nbsp; &nbsp; &nbsp; &nbsp; &nbsp; &nbsp; &nbsp; &nbsp; &nbsp; &nbsp; &nbsp; &nbsp; &nbsp; &nbsp; &nbsp; &nbsp; &nbsp; &nbsp; &nbsp; &nbsp; &nbsp; &nbsp;<\/p>\n","protected":false},"excerpt":{"rendered":"<p>&nbsp; &nbsp; Pote\u0161ujme t\u00fdch, ktor\u00ed s\u00fa v akomko\u013evek s\u00fa\u017een\u00ed V\u010faka, Kriste, Tvoje ranyotvorili do ve\u010dnosti br\u00e1ny,Tvoj\u00edm sv\u00e4t\u00fdm umu\u010den\u00edmstali sme sa \u013eudom vyk\u00fapen\u00fdm. Amen. (ES 116,5) 2 K 1, 3-7:&nbsp; \u201cPo\u017eehnan\u00fd Boh a Otec n\u00e1\u0161ho P\u00e1na Je\u017ei\u0161a Krista, Otec milosrdenstva a Boh ka\u017ed\u00e9ho pote\u0161enia, (4) ktor\u00fd n\u00e1s pote\u0161uje v ka\u017edom na\u0161om s\u00fa\u017een\u00ed, aby sme pote\u0161en\u00edm, ktor\u00fdm &#8230; <a title=\"Pote\u0161ujem t\u00fdch, ktor\u00ed s\u00fa v akomko\u013evek s\u00fa\u017een\u00ed\" class=\"read-more\" href=\"https:\/\/www.e-anjelik.sk\/index.php\/2022\/04\/02\/potesujem-tych-ktori-su-v-akomkolvek-suzeni\/\" aria-label=\"Pre\u010d\u00edtajte si viac o Pote\u0161ujem t\u00fdch, ktor\u00ed s\u00fa v akomko\u013evek s\u00fa\u017een\u00ed\">\u010c\u00edta\u0165 viac<\/a><\/p>\n","protected":false},"author":4,"featured_media":0,"comment_status":"open","ping_status":"open","sticky":false,"template":"","format":"standard","meta":{"footnotes":""},"categories":[121,118,552,95],"tags":[],"class_list":["post-35466","post","type-post","status-publish","format-standard","hentry","category-kazne","category-myjava","category-4-postna-nedela","category-sobotiste"],"_links":{"self":[{"href":"https:\/\/www.e-anjelik.sk\/index.php\/wp-json\/wp\/v2\/posts\/35466","targetHints":{"allow":["GET"]}}],"collection":[{"href":"https:\/\/www.e-anjelik.sk\/index.php\/wp-json\/wp\/v2\/posts"}],"about":[{"href":"https:\/\/www.e-anjelik.sk\/index.php\/wp-json\/wp\/v2\/types\/post"}],"author":[{"embeddable":true,"href":"https:\/\/www.e-anjelik.sk\/index.php\/wp-json\/wp\/v2\/users\/4"}],"replies":[{"embeddable":true,"href":"https:\/\/www.e-anjelik.sk\/index.php\/wp-json\/wp\/v2\/comments?post=35466"}],"version-history":[{"count":3,"href":"https:\/\/www.e-anjelik.sk\/index.php\/wp-json\/wp\/v2\/posts\/35466\/revisions"}],"predecessor-version":[{"id":36997,"href":"https:\/\/www.e-anjelik.sk\/index.php\/wp-json\/wp\/v2\/posts\/35466\/revisions\/36997"}],"wp:attachment":[{"href":"https:\/\/www.e-anjelik.sk\/index.php\/wp-json\/wp\/v2\/media?parent=35466"}],"wp:term":[{"taxonomy":"category","embeddable":true,"href":"https:\/\/www.e-anjelik.sk\/index.php\/wp-json\/wp\/v2\/categories?post=35466"},{"taxonomy":"post_tag","embeddable":true,"href":"https:\/\/www.e-anjelik.sk\/index.php\/wp-json\/wp\/v2\/tags?post=35466"}],"curies":[{"name":"wp","href":"https:\/\/api.w.org\/{rel}","templated":true}]}}