{"id":3547,"date":"2011-05-09T08:30:13","date_gmt":"2011-05-09T08:30:13","guid":{"rendered":"http:\/\/e-anjelik.sk\/?p=3547"},"modified":"2011-05-09T08:30:13","modified_gmt":"2011-05-09T08:30:13","slug":"svedsky-kralovsky-par-navstivil-ev-kostol-pokoja-v-swidnici","status":"publish","type":"post","link":"https:\/\/www.e-anjelik.sk\/index.php\/2011\/05\/09\/svedsky-kralovsky-par-navstivil-ev-kostol-pokoja-v-swidnici\/","title":{"rendered":"\u0160v\u00e9dsky kr\u00e1\u013eovsk\u00fd p\u00e1r nav\u0161t\u00edvil ev. kostol Pokoja v Swidnici"},"content":{"rendered":"<p>Na pozvanie prezidenta PR Komorowskeho pri&scaron;iel do Po\u013eska na n&aacute;v&scaron;tevu &scaron;v&eacute;dsky kr&aacute;\u013e Karol XVI Gustav a kr&aacute;\u013eovn&aacute; Silvia. Na ich prianie bola do programu zahrnut&aacute; aj n&aacute;v&scaron;teva unik&aacute;tneho dreven&eacute;ho evanjelick&eacute;ho ve\u013echr&aacute;mu&nbsp; Pokoja v \u015awidnici, ktor&yacute; je zap&iacute;san&yacute;&nbsp;do listiny svetov&yacute;ch kult&uacute;rnych pamiatok UNESCO. Chr&aacute;m &scaron;v&eacute;dski hostia nav&scaron;t&iacute;vili v piatok 6. m&aacute;ja t.r. v sprievode troch \u010dlenov vl&aacute;dy a biskupa uppsalskej diec&eacute;zy Ragnara Perseniusa. V chr&aacute;me ich priv&iacute;tali&nbsp;dom&aacute;ci far&aacute;r Waldemar Pytel, biskup cirkvi J.Samiec a&nbsp;biskup wroclawskej diec&eacute;zy R.Bogusz.&nbsp;Po prehliadke a v&yacute;klade sa konal koncert Susanne Ryd&eacute;n, sopranistky z Kr&aacute;\u013eovskej hudobnej akad&eacute;mie s dielom &quot;Cesta Krist&iacute;ny&quot; , ktor&aacute; kr&aacute;\u013eovn&aacute;&nbsp;kedysi podporila tie\u017e t&uacute;to stavbu. Po koncerte bola s&uacute;kromn&aacute; audiencia kr&aacute;\u013eovsk&eacute;ho p&aacute;ru, po\u010das ktorej sa p&aacute;r rozpr&aacute;val s predstavite\u013emi Evanjelickej cirkvi v Po\u013esku a vo &Scaron;v&eacute;dsku.<\/p>\n<p>p.s. O chr&aacute;me Pokoja vo Swidnici sme u\u017e p&iacute;sali. M&ocirc;\u017ete si ho prezrie\u0165 a pre\u010d&iacute;ta\u0165 inform&aacute;ciu na <a href=\"http:\/\/www.kosciolpokoju.pl\">www.kosciolpokoju.pl<\/a>&nbsp; v po\u013e&scaron;tine, nem\u010dine alebo angli\u010dtine.<\/p>\n<p>(<a href=\"http:\/\/www.luteranie.pl\">www.luteranie.pl<\/a>)<\/p>\n","protected":false},"excerpt":{"rendered":"<p>Na pozvanie prezidenta PR Komorowskeho pri&scaron;iel do Po\u013eska na n&aacute;v&scaron;tevu &scaron;v&eacute;dsky kr&aacute;\u013e Karol XVI Gustav a kr&aacute;\u013eovn&aacute; Silvia. Na ich prianie bola do programu zahrnut&aacute; aj n&aacute;v&scaron;teva unik&aacute;tneho dreven&eacute;ho evanjelick&eacute;ho ve\u013echr&aacute;mu&nbsp; Pokoja v \u015awidnici, ktor&yacute; je zap&iacute;san&yacute;&nbsp;do listiny svetov&yacute;ch kult&uacute;rnych pamiatok UNESCO. Chr&aacute;m &scaron;v&eacute;dski hostia nav&scaron;t&iacute;vili v piatok 6. m&aacute;ja t.r. v sprievode troch \u010dlenov &#8230; <a title=\"\u0160v\u00e9dsky kr\u00e1\u013eovsk\u00fd p\u00e1r nav\u0161t\u00edvil ev. kostol Pokoja v Swidnici\" class=\"read-more\" href=\"https:\/\/www.e-anjelik.sk\/index.php\/2011\/05\/09\/svedsky-kralovsky-par-navstivil-ev-kostol-pokoja-v-swidnici\/\" aria-label=\"Pre\u010d\u00edtajte si viac o \u0160v\u00e9dsky kr\u00e1\u013eovsk\u00fd p\u00e1r nav\u0161t\u00edvil ev. kostol Pokoja v Swidnici\">\u010c\u00edta\u0165 viac<\/a><\/p>\n","protected":false},"author":22,"featured_media":0,"comment_status":"open","ping_status":"open","sticky":false,"template":"","format":"standard","meta":{"footnotes":""},"categories":[9,10],"tags":[],"class_list":["post-3547","post","type-post","status-publish","format-standard","hentry","category-europa","category-zo-sveta"],"_links":{"self":[{"href":"https:\/\/www.e-anjelik.sk\/index.php\/wp-json\/wp\/v2\/posts\/3547","targetHints":{"allow":["GET"]}}],"collection":[{"href":"https:\/\/www.e-anjelik.sk\/index.php\/wp-json\/wp\/v2\/posts"}],"about":[{"href":"https:\/\/www.e-anjelik.sk\/index.php\/wp-json\/wp\/v2\/types\/post"}],"author":[{"embeddable":true,"href":"https:\/\/www.e-anjelik.sk\/index.php\/wp-json\/wp\/v2\/users\/22"}],"replies":[{"embeddable":true,"href":"https:\/\/www.e-anjelik.sk\/index.php\/wp-json\/wp\/v2\/comments?post=3547"}],"version-history":[{"count":0,"href":"https:\/\/www.e-anjelik.sk\/index.php\/wp-json\/wp\/v2\/posts\/3547\/revisions"}],"wp:attachment":[{"href":"https:\/\/www.e-anjelik.sk\/index.php\/wp-json\/wp\/v2\/media?parent=3547"}],"wp:term":[{"taxonomy":"category","embeddable":true,"href":"https:\/\/www.e-anjelik.sk\/index.php\/wp-json\/wp\/v2\/categories?post=3547"},{"taxonomy":"post_tag","embeddable":true,"href":"https:\/\/www.e-anjelik.sk\/index.php\/wp-json\/wp\/v2\/tags?post=3547"}],"curies":[{"name":"wp","href":"https:\/\/api.w.org\/{rel}","templated":true}]}}