{"id":3551,"date":"2011-05-11T10:46:34","date_gmt":"2011-05-11T10:46:34","guid":{"rendered":"http:\/\/e-anjelik.sk\/?p=3551"},"modified":"2011-05-11T10:46:34","modified_gmt":"2011-05-11T10:46:34","slug":"cirkevne-dni-evanjelicko-luteranskej-cirkvi-finska-budu-v-lahti","status":"publish","type":"post","link":"https:\/\/www.e-anjelik.sk\/index.php\/2011\/05\/11\/cirkevne-dni-evanjelicko-luteranskej-cirkvi-finska-budu-v-lahti\/","title":{"rendered":"Cirkevn\u00e9 dni Evanjelicko-luter\u00e1nskej cirkvi F\u00ednska bud\u00fa v Lahti"},"content":{"rendered":"<p>Tento v&iacute;kend od piatka 13. m&aacute;ja do nedele 15. m&aacute;ja 2011 bud&uacute; sa v meste Lahti u\u017e po 45. kr&aacute;t kona\u0165 cirkevn&eacute; dni Evanjelicko-luter&aacute;nskej cirkvi F&iacute;nska. Ako to u\u017e b&yacute;va vo F&iacute;nsku zvykom, tieto stretnutia sa vyzna\u010duj&uacute; bohat&yacute;m programom ,zameran&yacute;m na pohyb. Bude tam ve\u013ea &scaron;portov&eacute;ho z&aacute;polenia, s&uacute;\u0165a\u017e&iacute;, hier, nielen pre deti, ale aj dospel&yacute;ch. Zahrnut&yacute; bude v programe aj dizajn, umenie, \u017eivotn&eacute; prostredie. Na podujat&iacute; usporiadatelia o\u010dak&aacute;vaj&uacute; do 80 tis&iacute;c &uacute;\u010dastn&iacute;kov.Pripraven&yacute; je 100 bodov&yacute; program.<\/p>\n<p>(<a href=\"http:\/\/www.evl.fi\">www.evl.fi<\/a>)<\/p>\n","protected":false},"excerpt":{"rendered":"<p>Tento v&iacute;kend od piatka 13. m&aacute;ja do nedele 15. m&aacute;ja 2011 bud&uacute; sa v meste Lahti u\u017e po 45. kr&aacute;t kona\u0165 cirkevn&eacute; dni Evanjelicko-luter&aacute;nskej cirkvi F&iacute;nska. Ako to u\u017e b&yacute;va vo F&iacute;nsku zvykom, tieto stretnutia sa vyzna\u010duj&uacute; bohat&yacute;m programom ,zameran&yacute;m na pohyb. Bude tam ve\u013ea &scaron;portov&eacute;ho z&aacute;polenia, s&uacute;\u0165a\u017e&iacute;, hier, nielen pre deti, ale aj dospel&yacute;ch. &#8230; <a title=\"Cirkevn\u00e9 dni Evanjelicko-luter\u00e1nskej cirkvi F\u00ednska bud\u00fa v Lahti\" class=\"read-more\" href=\"https:\/\/www.e-anjelik.sk\/index.php\/2011\/05\/11\/cirkevne-dni-evanjelicko-luteranskej-cirkvi-finska-budu-v-lahti\/\" aria-label=\"Pre\u010d\u00edtajte si viac o Cirkevn\u00e9 dni Evanjelicko-luter\u00e1nskej cirkvi F\u00ednska bud\u00fa v Lahti\">\u010c\u00edta\u0165 viac<\/a><\/p>\n","protected":false},"author":22,"featured_media":0,"comment_status":"open","ping_status":"open","sticky":false,"template":"","format":"standard","meta":{"footnotes":""},"categories":[1],"tags":[242],"class_list":["post-3551","post","type-post","status-publish","format-standard","hentry","category-adventna-modlitba","tag-slavnosti"],"_links":{"self":[{"href":"https:\/\/www.e-anjelik.sk\/index.php\/wp-json\/wp\/v2\/posts\/3551","targetHints":{"allow":["GET"]}}],"collection":[{"href":"https:\/\/www.e-anjelik.sk\/index.php\/wp-json\/wp\/v2\/posts"}],"about":[{"href":"https:\/\/www.e-anjelik.sk\/index.php\/wp-json\/wp\/v2\/types\/post"}],"author":[{"embeddable":true,"href":"https:\/\/www.e-anjelik.sk\/index.php\/wp-json\/wp\/v2\/users\/22"}],"replies":[{"embeddable":true,"href":"https:\/\/www.e-anjelik.sk\/index.php\/wp-json\/wp\/v2\/comments?post=3551"}],"version-history":[{"count":0,"href":"https:\/\/www.e-anjelik.sk\/index.php\/wp-json\/wp\/v2\/posts\/3551\/revisions"}],"wp:attachment":[{"href":"https:\/\/www.e-anjelik.sk\/index.php\/wp-json\/wp\/v2\/media?parent=3551"}],"wp:term":[{"taxonomy":"category","embeddable":true,"href":"https:\/\/www.e-anjelik.sk\/index.php\/wp-json\/wp\/v2\/categories?post=3551"},{"taxonomy":"post_tag","embeddable":true,"href":"https:\/\/www.e-anjelik.sk\/index.php\/wp-json\/wp\/v2\/tags?post=3551"}],"curies":[{"name":"wp","href":"https:\/\/api.w.org\/{rel}","templated":true}]}}