{"id":3553,"date":"2011-05-13T09:38:23","date_gmt":"2011-05-13T09:38:23","guid":{"rendered":"http:\/\/e-anjelik.sk\/?p=3553"},"modified":"2011-05-13T09:38:23","modified_gmt":"2011-05-13T09:38:23","slug":"pastorka-elca-kaze-svojimi-tetovaniami","status":"publish","type":"post","link":"https:\/\/www.e-anjelik.sk\/index.php\/2011\/05\/13\/pastorka-elca-kaze-svojimi-tetovaniami\/","title":{"rendered":"Pastorka ELCA k\u00e1\u017ee svojimi tetovaniami"},"content":{"rendered":"<p>Pastorka Evanjelicko-luter&aacute;nskej cirkvi v Amerike (ELCA) Nadia Bolz-Weber zo &scaron;t&aacute;tu &nbsp;Colorado je na oboch ruk&aacute;ch tetovan&aacute;. Na \u013eavici m&aacute; zobrazen&eacute; stvorenie sveta, Vianoce, Ve\u013ek&yacute; piatok, Ve\u013ek&uacute; noc a Tur&iacute;ce. Na pravici M&aacute;riu Magal&eacute;nu a vzkriesen&eacute;ho Lazara. Ordinovan&aacute; bola roku 2008. E&scaron;te ned&aacute;vno&nbsp; v tejto cirkvi neboli dovolen&eacute; nov&eacute; formy zvestovania, no na Ve\u013ek&uacute; noc jej to dovolili v zhroma\u017eden&iacute; 10 tis&iacute;c \u013eud&iacute; v amfite&aacute;tri &nbsp;Red Rocks. Neh\u013eadiac na jej exotick&yacute; vzh\u013ead, Nadia zvestuje aj v cirkv&aacute;ch in&yacute;ch vyznan&iacute; a na medzin&aacute;rodn&yacute;ch konferenci&aacute;ch.<\/p>\n<p>Z <a href=\"http:\/\/www.elca.org\">www.elca.org<\/a>: je zakladaj&uacute;cou pastorkou Domu v&scaron;etk&yacute;ch hrie&scaron;nikov a sv&auml;t&yacute;ch &#8211; misijnej cirkvi ELCA v Denveri, Colorado. V tomto meste aj b&yacute;va s man\u017eelom a dvoma de\u0165mi.<\/p>\n<p>(<a href=\"http:\/\/www.baznica.info\">www.baznica.info<\/a>)<\/p>\n","protected":false},"excerpt":{"rendered":"<p>Pastorka Evanjelicko-luter&aacute;nskej cirkvi v Amerike (ELCA) Nadia Bolz-Weber zo &scaron;t&aacute;tu &nbsp;Colorado je na oboch ruk&aacute;ch tetovan&aacute;. Na \u013eavici m&aacute; zobrazen&eacute; stvorenie sveta, Vianoce, Ve\u013ek&yacute; piatok, Ve\u013ek&uacute; noc a Tur&iacute;ce. Na pravici M&aacute;riu Magal&eacute;nu a vzkriesen&eacute;ho Lazara. Ordinovan&aacute; bola roku 2008. E&scaron;te ned&aacute;vno&nbsp; v tejto cirkvi neboli dovolen&eacute; nov&eacute; formy zvestovania, no na Ve\u013ek&uacute; noc jej &#8230; <a title=\"Pastorka ELCA k\u00e1\u017ee svojimi tetovaniami\" class=\"read-more\" href=\"https:\/\/www.e-anjelik.sk\/index.php\/2011\/05\/13\/pastorka-elca-kaze-svojimi-tetovaniami\/\" aria-label=\"Pre\u010d\u00edtajte si viac o Pastorka ELCA k\u00e1\u017ee svojimi tetovaniami\">\u010c\u00edta\u0165 viac<\/a><\/p>\n","protected":false},"author":22,"featured_media":0,"comment_status":"open","ping_status":"open","sticky":false,"template":"","format":"standard","meta":{"footnotes":""},"categories":[46,10],"tags":[],"class_list":["post-3553","post","type-post","status-publish","format-standard","hentry","category-amerika","category-zo-sveta"],"_links":{"self":[{"href":"https:\/\/www.e-anjelik.sk\/index.php\/wp-json\/wp\/v2\/posts\/3553","targetHints":{"allow":["GET"]}}],"collection":[{"href":"https:\/\/www.e-anjelik.sk\/index.php\/wp-json\/wp\/v2\/posts"}],"about":[{"href":"https:\/\/www.e-anjelik.sk\/index.php\/wp-json\/wp\/v2\/types\/post"}],"author":[{"embeddable":true,"href":"https:\/\/www.e-anjelik.sk\/index.php\/wp-json\/wp\/v2\/users\/22"}],"replies":[{"embeddable":true,"href":"https:\/\/www.e-anjelik.sk\/index.php\/wp-json\/wp\/v2\/comments?post=3553"}],"version-history":[{"count":0,"href":"https:\/\/www.e-anjelik.sk\/index.php\/wp-json\/wp\/v2\/posts\/3553\/revisions"}],"wp:attachment":[{"href":"https:\/\/www.e-anjelik.sk\/index.php\/wp-json\/wp\/v2\/media?parent=3553"}],"wp:term":[{"taxonomy":"category","embeddable":true,"href":"https:\/\/www.e-anjelik.sk\/index.php\/wp-json\/wp\/v2\/categories?post=3553"},{"taxonomy":"post_tag","embeddable":true,"href":"https:\/\/www.e-anjelik.sk\/index.php\/wp-json\/wp\/v2\/tags?post=3553"}],"curies":[{"name":"wp","href":"https:\/\/api.w.org\/{rel}","templated":true}]}}