{"id":3556,"date":"2011-05-14T08:51:07","date_gmt":"2011-05-14T08:51:07","guid":{"rendered":"http:\/\/e-anjelik.sk\/?p=3556"},"modified":"2011-05-14T08:51:07","modified_gmt":"2011-05-14T08:51:07","slug":"rokovali-vrcholni-predstavitelia-ekd-a-cdu-v-nemecku","status":"publish","type":"post","link":"https:\/\/www.e-anjelik.sk\/index.php\/2011\/05\/14\/rokovali-vrcholni-predstavitelia-ekd-a-cdu-v-nemecku\/","title":{"rendered":"Rokovali vrcholn\u00ed predstavitelia EKD a CD\u00da v Nemecku"},"content":{"rendered":"<p>V stredu 11. m&aacute;ja t.r. sa v Berl&iacute;ne konalo vrcholov&eacute; stretnutie predstavite\u013eov EKD na \u010dele s predsedom Rady EKD pr&eacute;zesom N. Schneiderom a CD&Uacute; na \u010dele s jej predsedky\u0148ou, spolkovou kancel&aacute;rkou A.Merkelovou. Rozhovory trvali takmer tri hodiny. Na programe boli v&yacute;mena n&aacute;zorov na problematiku energetiky, najm&auml; jadrovej, eur&oacute;pskej politiky EU v ot&aacute;zke pris\u0165ahovalcov a ute\u010dencov&nbsp;a vz\u0165ahu &scaron;t&aacute;tu a cirkv&iacute; v Nemecku. <span title=\"\" closure_uid_8brey6=\"96\" ae=\"Obe strany sa dohodli na pokra\u010dovan&iacute; dial&oacute;gu v pravideln&yacute;ch intervaloch. \">Obe strany sa dohodli na pokra\u010dovan&iacute; dial&oacute;gu v pravideln&yacute;ch intervaloch. <\/span><span title=\"\" closure_uid_8brey6=\"97\" ae=\"Naposledy boli rady EKD a ved&uacute;ci CDU d\u0148a 23 \">Naposledy sa porada ved&uacute;cich &nbsp;EKD s CD&Uacute; konala r.<\/span><span title=\"\" closure_uid_8brey6=\"98\" ae=\"Janu&aacute;ra 2009 v Konrad-Adenauer-Haus splnen&eacute;.\n&nbsp;\n&nbsp;\n\"> 2009.<\/span><\/p>\n<p><span title=\"\" closure_uid_8brey6=\"98\" ae=\"Janu&aacute;ra 2009 v Konrad-Adenauer-Haus splnen&eacute;.\n&nbsp;\n&nbsp;\n\">(<a href=\"http:\/\/www.kirche-mv.de\">www.kirche-mv.de<\/a>) <\/p>\n<p><\/span><\/p>\n","protected":false},"excerpt":{"rendered":"<p>V stredu 11. m&aacute;ja t.r. sa v Berl&iacute;ne konalo vrcholov&eacute; stretnutie predstavite\u013eov EKD na \u010dele s predsedom Rady EKD pr&eacute;zesom N. Schneiderom a CD&Uacute; na \u010dele s jej predsedky\u0148ou, spolkovou kancel&aacute;rkou A.Merkelovou. Rozhovory trvali takmer tri hodiny. Na programe boli v&yacute;mena n&aacute;zorov na problematiku energetiky, najm&auml; jadrovej, eur&oacute;pskej politiky EU v ot&aacute;zke pris\u0165ahovalcov a ute\u010dencov&nbsp;a &#8230; <a title=\"Rokovali vrcholn\u00ed predstavitelia EKD a CD\u00da v Nemecku\" class=\"read-more\" href=\"https:\/\/www.e-anjelik.sk\/index.php\/2011\/05\/14\/rokovali-vrcholni-predstavitelia-ekd-a-cdu-v-nemecku\/\" aria-label=\"Pre\u010d\u00edtajte si viac o Rokovali vrcholn\u00ed predstavitelia EKD a CD\u00da v Nemecku\">\u010c\u00edta\u0165 viac<\/a><\/p>\n","protected":false},"author":22,"featured_media":0,"comment_status":"open","ping_status":"open","sticky":false,"template":"","format":"standard","meta":{"footnotes":""},"categories":[9,10],"tags":[],"class_list":["post-3556","post","type-post","status-publish","format-standard","hentry","category-europa","category-zo-sveta"],"_links":{"self":[{"href":"https:\/\/www.e-anjelik.sk\/index.php\/wp-json\/wp\/v2\/posts\/3556","targetHints":{"allow":["GET"]}}],"collection":[{"href":"https:\/\/www.e-anjelik.sk\/index.php\/wp-json\/wp\/v2\/posts"}],"about":[{"href":"https:\/\/www.e-anjelik.sk\/index.php\/wp-json\/wp\/v2\/types\/post"}],"author":[{"embeddable":true,"href":"https:\/\/www.e-anjelik.sk\/index.php\/wp-json\/wp\/v2\/users\/22"}],"replies":[{"embeddable":true,"href":"https:\/\/www.e-anjelik.sk\/index.php\/wp-json\/wp\/v2\/comments?post=3556"}],"version-history":[{"count":0,"href":"https:\/\/www.e-anjelik.sk\/index.php\/wp-json\/wp\/v2\/posts\/3556\/revisions"}],"wp:attachment":[{"href":"https:\/\/www.e-anjelik.sk\/index.php\/wp-json\/wp\/v2\/media?parent=3556"}],"wp:term":[{"taxonomy":"category","embeddable":true,"href":"https:\/\/www.e-anjelik.sk\/index.php\/wp-json\/wp\/v2\/categories?post=3556"},{"taxonomy":"post_tag","embeddable":true,"href":"https:\/\/www.e-anjelik.sk\/index.php\/wp-json\/wp\/v2\/tags?post=3556"}],"curies":[{"name":"wp","href":"https:\/\/api.w.org\/{rel}","templated":true}]}}