{"id":35574,"date":"2022-06-07T09:59:43","date_gmt":"2022-06-07T07:59:43","guid":{"rendered":"https:\/\/e-anjelik.sk\/?p=35574"},"modified":"2022-06-07T10:11:18","modified_gmt":"2022-06-07T08:11:18","slug":"pastiersky-list-zboru-biskupov-ecav-na-slovensku-1-slavnost-svatodusna-2022","status":"publish","type":"post","link":"https:\/\/www.e-anjelik.sk\/index.php\/2022\/06\/07\/pastiersky-list-zboru-biskupov-ecav-na-slovensku-1-slavnost-svatodusna-2022\/","title":{"rendered":"Pastiersky list Zboru biskupov ECAV na Slovensku \u2013 1. sl\u00e1vnos\u0165 sv\u00e4todu\u0161n\u00e1 2022"},"content":{"rendered":"\n<p class=\"wp-block-paragraph\"><br>Mil\u00ed bratia a mil\u00e9 sestry, mil\u00ed jubilanti! <\/p>\n\n\n\n<p class=\"wp-block-paragraph\">Dnes v kruhu rodiny cirkvi sl\u00e1vime jej narodeniny. De\u0148, ktor\u00fd n\u00e1s vz\u00e1jomne sp\u00e1ja nielen s udalos\u0165ami prv\u00fdch Letn\u00edc, ale v dare Ducha Sv\u00e4t\u00e9ho n\u00e1s sp\u00e1ja aj s mnoh\u00fdmi gener\u00e1ciami, ktor\u00e9 sa otvorili Jeho vanutiu a p\u00f4sobeniu. Udalos\u0165, ktor\u00e1 menila chod dej\u00edn a zmenila \u017eivoty mnoh\u00fdch jednotlivcov. \u013dudsk\u00e9 dejiny s\u00fa popretk\u00e1van\u00e9 r\u00f4znym ovoc\u00edm mocensk\u00fdch, vojensk\u00fdch, \u010di in\u00fdch \u013eudsk\u00fdch s\u00edl. Aj dne\u0161n\u00e9 vojnov\u00e9 konflikty vo svete, zvl\u00e1\u0161\u0165 ten na Ukrajine, s\u00fa pozna\u010den\u00e9 dokazovan\u00edm moci, t\u00fa\u017ebou z\u00edska\u0165 nadvl\u00e1du nad in\u00fdmi, presadi\u0165 osobn\u00e9 egoistick\u00e9 z\u00e1ujmy na \u00fakor in\u00fdch. Vn\u00edmame, \u017ee dne\u0161n\u00fd svet si op\u00e4\u0165 vyh\u013ead\u00e1va vodcov, ktor\u00ed svoj\u00edm radik\u00e1lnym a extr\u00e9mistick\u00fdm konan\u00edm v ovzdu\u0161\u00ed mnohej frustr\u00e1cie a manipul\u00e1cie zv\u00e1dzaj\u00fa a stavaj\u00fa n\u00e1rody proti sebe. Ka\u017ed\u00fd konflikt v\u0161ak nesie trpk\u00e9 ovocie utrpenia, bolesti a poznania absentuj\u00facej pr\u00edtomnosti ovocia Ducha \u2013 pokory, l\u00e1sky, pokoja, zn\u00e1\u0161anlivosti, zmierania, \u010di odpustenia.<br> <br>Sv\u00e4todu\u0161n\u00e9 sviatky n\u00e1m v t\u00fdchto pohnut\u00fdch \u010dasoch poukazuj\u00fa na in\u00fa moc, ktorou sa men\u00ed svet. Moc, ktor\u00e1 neprich\u00e1dza zdola, ale zhora. Moc, ktor\u00e1 neubli\u017euje, ale zbli\u017euje. Moc Ducha Sv\u00e4t\u00e9ho, ktor\u00e1 bola darovan\u00e1 nielen prv\u00fdm u\u010den\u00edkom v Jeruzaleme, ale v\u0161etk\u00fdm, ktor\u00ed sa otvorili Jeho p\u00f4sobeniu v slove a sviatostiach, v l\u00e1ske a milosti.<br> <br>Mil\u00ed bratia a sestry, dnes viac ako inokedy v\u0161etci t\u00fa\u017eime po pokoji a mieri, po prijat\u00ed, aj odpusten\u00ed, po zaplnen\u00ed pr\u00e1zdnoty, aj ovoc\u00ed nov\u00e9ho \u017eivota. Tak\u00fdto \u017eivot sa ned\u00e1 dosiahnu\u0165 \u013eudskou silou, ani mocou. Slovo proroka Zachari\u00e1\u0161a \u201enie vojenskou mocou, ani silou, ale moj\u00edm Duchom\u201c n\u00e1m jasne aj dnes ukazuje cestu k zmene pomerov vo svete, v na\u0161ich rodin\u00e1ch, aj na\u0161om vn\u00fatri. \u017divot budovan\u00fd Bo\u017e\u00edm Duchom \u2013 slovom, ktor\u00e9 prenik\u00e1 s\u00edce do \u0161piku kost\u00ed, ale ktor\u00e9 uzdravuje a takto sa rod\u00ed nov\u00fd a lep\u0161\u00ed svet. Tento z\u00e1pas v\u0161ak mus\u00edme najsk\u00f4r vybojova\u0165 vo svojom vn\u00fatri. Je ve\u013emi d\u00f4le\u017eit\u00e9, \u010d\u00edm nap\u013a\u0148ame svoje vn\u00fatro, s \u010d\u00edm prich\u00e1dzaj\u00fa do kontaktu na\u0161e my\u0161lienky a z \u010doho sa rodia na\u0161e hodnoty. <br> <br>Pri dne\u0161nom sviatku naroden\u00edn cirkvi chceme vyslovi\u0165 tri priania. <br> <br>Duch mocne p\u00f4sob\u00ed, prekvapuje a prem\u00e1ha n\u00e1s. D\u00e1va in\u00fd smer na\u0161ej slobode a premie\u0148a na\u0161u v\u00f4\u013eu mocou vd\u00fdchnut\u00e9ho Bo\u017eieho slova. Duch Sv\u00e4t\u00fd n\u00e1s vol\u00e1 do spolo\u010denstva \u00faprimn\u00fdch a otvoren\u00fdch rozhovorov s na\u0161\u00edm Tvorcom. V Krste sv\u00e4tom n\u00e1s povolal na cestu sp\u00e1sy, na ktorej Jeho mocou a p\u00f4soben\u00edm duchovne rastieme aj prin\u00e1\u0161ame ovocie Ducha. A v krste n\u00e1s povolal aj do spolo\u010denstva cirkvi \u2013 rodiny, v ktorej n\u00e1m daroval nielen poznanie z\u00e1chrany, ale aj konkr\u00e9tnej slu\u017eby. Na\u0161\u00edm prian\u00edm je, aby sme neop\u00fa\u0161\u0165ali rodinu cirkvi.<strong> Po mesiacoch mnoh\u00e9ho bohoslu\u017eobn\u00e9ho odl\u00fa\u010denia akt\u00edvne vst\u00fapme z virtu\u00e1lneho do re\u00e1lneho spolo\u010denstva cirkevn\u00fd<\/strong>ch zborov. V skuto\u010dnej rodine toti\u017e jej \u010dlenovia \u017eij\u00fa bl\u00edzko seba. <br> <br>Prajeme v\u00e1m, aby ste v moci Ducha Bo\u017eieho za\u017eili vn\u00fatorn\u00fd dotyk nebesk\u00e9ho sveta, biblick\u00e9 \u201ebodnutie v srdci\u201c (Sk 2, 37), ktor\u00e9 je v\u017edy po\u017eehnan\u00fdm \u010dasom nov\u00e9ho za\u010diatku. Nie v p\u00fdche, ale<strong> v pokore stojme v slu\u017ebe cirkvi, in\u00fdch pova\u017eujme za hodnotnej\u0161\u00edch ne\u017e seba<\/strong> (F 2,3). <br> <strong><br>Prajeme v\u00e1m, aby v moci l\u00e1sky sme v cirkvi dok\u00e1zali zrozumite\u013ene komunikova\u0165, h\u013eadali spolo\u010dne pravdu, ale aj milosrdenstvo a takto vyd\u00e1vali svetu svedectvo o Bo\u017eom sp\u00f4sobe meni\u0165 svet \u2013 vanut\u00edm Ducha. <\/strong>Tohto roku budeme ma\u0165 ako ECAV na Slovensku vz\u00e1cnu pr\u00edle\u017eitos\u0165 nielen sa stretn\u00fa\u0165, ale aj vyda\u0165 svetu svedectvo o \u017eivote rodiny na\u0161ej cirkvi na Evanjelickom dni v Ke\u017emarku, na ktor\u00fd v\u00e1s srde\u010dne poz\u00fdvame. T\u00fa\u017eime, aby aj skrze mnoh\u00e9 aktivity cirkvi bolo zjavn\u00e9, \u017ee napredovanie cirkvi a zmeny vo svete sa nedej\u00fa \u201evojenskou mocou, ani silou, ale Hospodinov\u00fdm Duchom\u201c (Zach 4,6).<br> <br> K pre\u017eitiu platnosti t\u00fdchto biblick\u00fdch slov v\u00e1s po\u010das t\u00fdchto sv\u00e4todu\u0161n\u00fdch sviatkov poz\u00fdvaj\u00fa va\u0161i v P\u00e1novej slu\u017ebe oddan\u00ed,<br><br> Ivan E\u013eko, gener\u00e1lny biskup<br>J\u00e1n Hrobo\u0148, biskup ZD<br>Peter Miho\u010d, biskup VD<\/p>\n","protected":false},"excerpt":{"rendered":"<p>Mil\u00ed bratia a mil\u00e9 sestry, mil\u00ed jubilanti! Dnes v kruhu rodiny cirkvi sl\u00e1vime jej narodeniny. De\u0148, ktor\u00fd n\u00e1s vz\u00e1jomne sp\u00e1ja nielen s udalos\u0165ami prv\u00fdch Letn\u00edc, ale v dare Ducha Sv\u00e4t\u00e9ho n\u00e1s sp\u00e1ja aj s mnoh\u00fdmi gener\u00e1ciami, ktor\u00e9 sa otvorili Jeho vanutiu a p\u00f4sobeniu. Udalos\u0165, ktor\u00e1 menila chod dej\u00edn a zmenila \u017eivoty mnoh\u00fdch jednotlivcov. \u013dudsk\u00e9 dejiny &#8230; <a title=\"Pastiersky list Zboru biskupov ECAV na Slovensku \u2013 1. sl\u00e1vnos\u0165 sv\u00e4todu\u0161n\u00e1 2022\" class=\"read-more\" href=\"https:\/\/www.e-anjelik.sk\/index.php\/2022\/06\/07\/pastiersky-list-zboru-biskupov-ecav-na-slovensku-1-slavnost-svatodusna-2022\/\" aria-label=\"Pre\u010d\u00edtajte si viac o Pastiersky list Zboru biskupov ECAV na Slovensku \u2013 1. sl\u00e1vnos\u0165 sv\u00e4todu\u0161n\u00e1 2022\">\u010c\u00edta\u0165 viac<\/a><\/p>\n","protected":false},"author":1,"featured_media":0,"comment_status":"open","ping_status":"open","sticky":false,"template":"","format":"standard","meta":{"footnotes":""},"categories":[604,1,147,73],"tags":[],"class_list":["post-35574","post","type-post","status-publish","format-standard","hentry","category-1-slavnost-svatodusna","category-adventna-modlitba","category-duch-svaty","category-ecav"],"_links":{"self":[{"href":"https:\/\/www.e-anjelik.sk\/index.php\/wp-json\/wp\/v2\/posts\/35574","targetHints":{"allow":["GET"]}}],"collection":[{"href":"https:\/\/www.e-anjelik.sk\/index.php\/wp-json\/wp\/v2\/posts"}],"about":[{"href":"https:\/\/www.e-anjelik.sk\/index.php\/wp-json\/wp\/v2\/types\/post"}],"author":[{"embeddable":true,"href":"https:\/\/www.e-anjelik.sk\/index.php\/wp-json\/wp\/v2\/users\/1"}],"replies":[{"embeddable":true,"href":"https:\/\/www.e-anjelik.sk\/index.php\/wp-json\/wp\/v2\/comments?post=35574"}],"version-history":[{"count":2,"href":"https:\/\/www.e-anjelik.sk\/index.php\/wp-json\/wp\/v2\/posts\/35574\/revisions"}],"predecessor-version":[{"id":35577,"href":"https:\/\/www.e-anjelik.sk\/index.php\/wp-json\/wp\/v2\/posts\/35574\/revisions\/35577"}],"wp:attachment":[{"href":"https:\/\/www.e-anjelik.sk\/index.php\/wp-json\/wp\/v2\/media?parent=35574"}],"wp:term":[{"taxonomy":"category","embeddable":true,"href":"https:\/\/www.e-anjelik.sk\/index.php\/wp-json\/wp\/v2\/categories?post=35574"},{"taxonomy":"post_tag","embeddable":true,"href":"https:\/\/www.e-anjelik.sk\/index.php\/wp-json\/wp\/v2\/tags?post=35574"}],"curies":[{"name":"wp","href":"https:\/\/api.w.org\/{rel}","templated":true}]}}