{"id":35588,"date":"2022-06-30T21:19:21","date_gmt":"2022-06-30T19:19:21","guid":{"rendered":"https:\/\/e-anjelik.sk\/?p=35588"},"modified":"2024-07-05T11:21:10","modified_gmt":"2024-07-05T09:21:10","slug":"pocta-danielovi-jaroslavovi-borikovi","status":"publish","type":"post","link":"https:\/\/www.e-anjelik.sk\/index.php\/2022\/06\/30\/pocta-danielovi-jaroslavovi-borikovi\/","title":{"rendered":"Pocta Danielovi Jaroslavovi B\u00f3rikovi"},"content":{"rendered":"\n<p>K odhaleniu pam\u00e4tnej tabule Danielovi Jaroslavovi B\u00f3rikovi<br>v Soboti\u0161ti 3.j\u00fala 2022<\/p>\n\n\n\n<p>Narodenie, rodina a \u0161tudentsk\u00e9 roky<\/p>\n\n\n\n<p>D\u0148a 22.septembra 1814 sa na evanjelickej fare v Soboti\u0161ti narodil v rodine k\u0148aza Pavla B\u00f3rika syn Daniel. Otec Pavel sa narodil na Myjave a bol najsk\u00f4r 10 rokov far\u00e1rom v Humpolci. Odtia\u013e pre\u0161iel 30. novembra 1813 do Soboti\u0161\u0165a a p\u00f4sobil tu popri far\u00e1rovi Bohuslavovi Mudro\u0148ovi do 14. okt\u00f3bra 1814. Okrem syna Daniela mali Pavel B\u00f3rik s man\u017eelkou Barborou rod. Le\u0161ovskou \u0161es\u0165 det\u00ed: Johanku, ktor\u00e1 sa vydala za Dr.Hrebendu, \u013dudvika, not\u00e1ra vo Var\u00edne, Karola, not\u00e1ra v Beckove, Pavla, not\u00e1ra v Lubine, Wilmu, vydat\u00fa za u\u010dite\u013ea Chrenku v Koml\u00f3\u0161i, Annu, vydat\u00fa za Jurajom Kul\u00ed\u0161kom, u\u010dite\u013eom na Vrbovciach a Karol\u00ednu, ktor\u00e1 zomrela slobodn\u00e1. Brat Karol a sestry Janka a Anna sa z\u00fa\u010dastnili na pr\u00edprav\u00e1ch i priebehu Slovensk\u00e9ho povstania v r.1848 -1849.<br>Daniel J.B\u00f3rik \u0161tudoval na evanjelickom l\u00fdceu v Bratislave v rokoch 1831-1838 s v\u00fdborn\u00fdm prospechom. V r\u00e1mci \u00dastavu re\u010di a literat\u00fary \u010deskoslovenskej vznikla v r.1827 Spolo\u010dnos\u0165 u\u010dencov \u0159e\u010di \u010deskoslovensk\u00e9, ktorej vykon\u00e1val funkciu knihovn\u00edka a pokladn\u00edka Slovanskej knihovny. Spolu s in\u00fdmi \u0161tudentami sa z\u00fa\u010dastnil pam\u00e4tnej vych\u00e1dzky na Dev\u00edn 10.5. 1835, kde prijal k menu Daniel aj slovansk\u00e9 a vlasteneck\u00e9 meno Jaroslav, ktor\u00e9 pou\u017e\u00edval s\u00e1m i jeho priatelia. Hurban ho vtedy op\u00edsal nasledovne:\u201dku\u010derav\u00fd, pekn\u00fdch \u010derven\u00fdch l\u00edc Jaroslav B\u00f3rik\u201d.<br>D. J. B\u00f3rik dokon\u010dil teologick\u00e9 \u0161t\u00fadi\u00e1 vo Viedni v \u0161kolskom roku 1838\/39. Po n\u00e1vrate domov vypom\u00e1hal v k\u0148azskej slu\u017ebe otcovi na Vrbovciach. V roku 1840 nast\u00fapil na u\u010dite\u013esk\u00e9 miesto v Pukanci. Ke\u010f jeho otec zomrel (15.3.1847), nast\u00fapil na jeho miesto. Popri k\u0148azsk\u00fdch povinnostiach sa venoval aj osvete a hospod\u00e1rskej \u010dinnosti. Sved\u010d\u00ed o tom \u010dl\u00e1nok: \u201cHospod\u00e1rsky \u00fastav v Soboti\u0161ti v Nitrianskej stolici\u201d, uverejnen\u00fd v Orle tatranskom, v ktorom informuje o \u00faspechu \u00fastavu v Soboti\u0161ti a k tomu prip\u00e1ja: \u201dSotva na Vrbovciach, bl\u00edzkom tom meste\u010dku, o tomto po\u010d\u00ednan\u00ed do\u010duli, dos\u0165 skoro tam tje\u017e p.Jaroslav B\u00f3rik, p.\u010eur.Lubor.Kul\u00ed\u0161ek, medzi svoj\u00edm \u013eudom podobn\u00ed \u00fastav zalo\u017eili\u201d.<\/p>\n\n\n\n<figure class=\"wp-block-image size-large\"><img decoding=\"async\" src=\"https:\/\/e-anjelik.sk\/wp-content\/uploads\/2022\/06\/plagat-3.7.2022-1024x724.jpg\" alt=\"\" class=\"wp-image-35589\"\/><\/figure>\n\n\n\n<p>\u00da\u010das\u0165 v n\u00e1rodnom z\u00e1pase<\/p>\n\n\n\n<p>D. J.B\u00f3rik sa aktivizoval vo verejnej \u010dinnosti po vyhl\u00e1sen\u00ed ob\u010dianskych slob\u00f4d v Uhorsku. O jeho \u00fa\u010dinkovan\u00ed a \u017eivotnom \u00fadele p\u00edsali historici Slovensk\u00e9ho povstania: K.Gol\u00e1\u0148, D.Rapant, Mikul\u00e1\u0161 Dohn\u00e1ny i senior J\u00e1n Trokan. Cenn\u00e9 s\u00fa najm\u00e4 osobn\u00e9 sk\u00fasenosti J.M.Hurbana v memo\u00e1rov\u00fdch dielach: \u013dudov\u00edt \u0160t\u00far a Rozpomienky. Aj jeho brat Karol nap\u00edsal pr\u00e1cu: Slovensk\u00e9 povstanie z r.1848-1849, v ktorej bli\u017e\u0161ie osvet\u013euje dramatick\u00e9 udalosti po B\u00f3rikovom a \u0160ulekovom zatknut\u00ed a uv\u00e4znen\u00ed v Nitre.<br>V\u00fdrazn\u00fd vlyv na Daniela mal \u013d.\u0160t\u00far a nesk\u00f4r J.M.Hurban. Ich spolupr\u00e1ca za\u010dala najm\u00e4 po pam\u00e4tnom stretnut\u00ed na hlbockej fare 19.3.1848, kde v pr\u00edtomnosti S.Jurkovi\u010da a viacer\u00fdch mlad\u00fdch mu\u017eov evanjelickej cirkvi koncipovali pl\u00e1ny a pr\u00edpravu verejn\u00e9ho vyst\u00fapenia za pr\u00e1va n\u00e1roda. J.M.Hurbanovi spomedzi host\u00ed utkvel v pam\u00e4ti \u201c i zamra\u010den\u00fd, s p\u00e1liacim ho v hrudi nadchnutej oh\u0148om a hlbok\u00fdmi my\u0161lienkami, mal\u00fdmi, iskry sr\u0161iacimi o\u010dami, \u010delom predv\u00eddav\u00fdm Jaroslav B\u00f3rik\u201d.<br>Svedectvom o upadnutom n\u00e1rodnom povedom\u00ed je fakt, \u017ee prostredie Vrboviec nebolo B\u00f3rikovej \u010dinnosti naklonen\u00e9 \u00faplne. \u010cas\u0165 cirkevn\u00edkov dokonca podala na neho s\u0165a\u017enos\u0165 biskupovi, v ktorej okrem in\u00e9ho uv\u00e1dzali, \u017ee \u201cje \u00fadem tak re\u010den\u00e9ho Tatr\u00edna, v kter\u00e9m Slov\u00e1ci jakov\u00e9si rady vedou a jemu odtud ka\u017ed\u00fd rok jak\u00e9si spr\u00e1vy a p\u00edsma zas\u00edlajou\u201d. S\u0165a\u017eovatelia sa ob\u00e1vali, \u017ee ako \u010dlen Tatr\u00edna \u201cnesk\u00f3r v tej hrubej sloven\u010dine k\u00e1zat bude\u201d.<\/p>\n\n\n\n<p>V\u00e4zenie, \u00fatek a \u00fa\u010das\u0165 v ozbrojenom boji<\/p>\n\n\n\n<p>Pam\u00e4tn\u00e9 zost\u00e1va zhroma\u017edenie \u013eudu na Brezovej 28.4.1848, na ktorom \u00fa\u010dastn\u00edci prijali n\u00e1vrhy pod n\u00e1zvom \u017diadosti slovensk\u00e9ho n\u00e1roda v stolici Nitrianskej. D.B\u00f3rika zvolilo obecn\u00e9 zhroma\u017edenie Vrboviec za vyslanca na verejn\u00e9 stoli\u010dn\u00e9 zhroma\u017edenie v Nitre a ulo\u017eili mu, aby tu 10.5.1848 predniesol tieto \u017diadosti. Na Brezovej zvolili spolu s n\u00edm aj druh\u00e9ho deleg\u00e1ta, hlbock\u00e9ho kapl\u00e1na \u013dudov\u00edta \u0160uleka. Oboch v\u0161ak v Nitre uv\u00e4znili, ke\u010f sa pok\u00fasili tieto \u017diadosti prednies\u0165 po slovensky. Nepomohlo ani to, \u017ee sa obec Vrbovce op\u00e4tovne postavila za svojho k\u0148aza, d\u00f4vodiac, \u017ee bol legit\u00edmne vyslan\u00fd ako deleg\u00e1t. Nepomohla ani obhajoba advok\u00e1ta Jozefa Bieleho, ktor\u00fd sa sna\u017eil dok\u00e1za\u0165, \u017ee ani D. B\u00f3rik, ani \u013d.\u0160ulek nechceli vyvol\u00e1va\u0165 v krajine rozbroje a n\u00e1siln\u00e9 povstanie proti \u0161t\u00e1tu. D.B\u00f3rik sa pre du\u0161evn\u00e9 depresie ktor\u00fdmi trpel vo v\u00e4zen\u00ed dostal do vojenskej nemocnice, kde bol vo\u013enej\u0161\u00ed re\u017eim a odkia\u013e sa mu napokon podarilo ujs\u0165 do Rusavy. Spoluv\u00e4ze\u0148 \u013dudov\u00edt \u0160ulek zomrel napokon bez s\u00fadu, ut\u00fdran\u00fd v kazemat\u00e1ch v Kom\u00e1rne 16. j\u00fana 1849.<br>D.J. B\u00f3rik v septembri odi\u0161iel z Rusavy a pripojl sa k organiz\u00e1torom ozbrojen\u00e9ho vyst\u00fapenia. Po\u017e\u00edval Hurbanovu a \u0160t\u00farovu d\u00f4veru a bol menovan\u00fd za tajomn\u00edka Slovenskej n\u00e1rodnej rady, spolu s Bohuslavom Nos\u00e1kom. Politick\u00e9 vedenie SNR tvorili J.M.Hurban, \u013d.\u0160t\u00far a M.M.Hod\u017ea, vojensk\u00e9 velenie: B. Bloudek a F. Zach. Po potla\u010den\u00ed povstania ustupoval spolu s dobrovo\u013en\u00edkmi smerom k moravsk\u00fdm hraniciam. Pri \u00fastupe im pom\u00e1hala proviantom aj neohrozen\u00e1 sestra Janka. Z Moravy sa odobral spolu so \u0160t\u00farom a Hurbanom do Prahy, \u010do vypl\u00fdvalo z B\u00f3rikovho \u010dlenstva v SNR, ktor\u00e1 pracovala aj \u010falej.<br>Z Prahy odi\u0161la SNR za\u010diatkom okt\u00f3bra do Viedne, aby spolupracovala s vl\u00e1dnymi kruhmi na pr\u00edprave druhej v\u00fdpravy.<br>Vedenie slovensk\u00e9ho odboja sa usilovalo, aby sa pri novom administrat\u00edvnom usporiadan\u00ed \u0161t\u00e1tu dbalo aj na slovensk\u00e9 \u017eiadosti. Menovite na obs\u00e1dzanie \u00faradov aj Slov\u00e1kmi, na zavedenie vyu\u010dovania na \u0161kol\u00e1ch v sloven\u010dine, ale aj o vy\u010dlenenie Slovenska ako samostatn\u00e9ho \u00fazemia.<br>Aj ke\u010f sa \u010dlenovia SNR nesk\u00f4r vzdialili z frontovej l\u00ednie, dobrovo\u013en\u00edcke oddiely bojovali \u010falej, a\u017e do kapitul\u00e1cie ma\u010farsk\u00fdch vojsk pri Vil\u00e1go\u0161i. Rozhodnutie podnikn\u00fa\u0165 tretiu v\u00fdpravu slovensk\u00fdch dobrovo\u013en\u00edkov s\u00faviselo s aktivitami Hurbana, \u0160t\u00fara a D.J.B\u00f3rika, ktor\u00ed konali ne\u00fanavne agita\u010dn\u00e9 cesty po Slovensku.<br>26.7.1849 vydala trojica Hurban, \u0160t\u00far a D.J.B\u00f3rik: Pr\u00edhlas k slovensk\u00e9mu n\u00e1rodu, ktor\u00fd bol povzbuden\u00edm, ale aj kritikou istej pasivity a nerozhodnosti.<\/p>\n\n\n\n<p>P\u00f4sobenie vo verejnom \u017eivote<\/p>\n\n\n\n<p>Po potla\u010den\u00ed revol\u00facie zostalo v\u00e1\u017enym probl\u00e9mom zamestnanie ved\u00facich predstavite\u013eov slovensk\u00e9ho hnutia. V\u0161etci \u010dlenovia rady museli vr\u00e1ti\u0165 vojensk\u00fdm org\u00e1nom svoje poverenie na agita\u010dn\u00fa pr\u00e1cu. D.J.B\u00f3rik sa vzdal miesta zborov\u00e9ho far\u00e1ra vo Vrbovciach, lebo fakticky far\u00e1rsku slu\u017ebu od m\u00e1ja 1948 nevykon\u00e1val. Bol vymenovan\u00fd za okresn\u00e9ho komis\u00e1ra na Myjave. Miesto v s\u00fadnictve neprijal, ke\u010f\u017ee mu prek\u00e1\u017eal \u00faradn\u00fd jazyk ma\u010far\u010dina, ako nap\u00edsal v jednom liste: \u201c S tou bych ner\u00e1d mau v moj\u00f3m \u017eivote u\u017e da\u010do do \u010dinenn\u00e1\u201d. Po zru\u0161en\u00ed okresu na Myjave pre\u0161iel pracova\u0165 do Trnavy ako c.k.spr\u00e1vny komis\u00e1r.<br>Patril medzi zakladaj\u00facich \u010dlenov Matice slovenskej. V tomto obdob\u00ed publikoval odborn\u00e9 pr\u00e1ce z odboru \u017eivnostensk\u00e9ho z\u00e1kona. Koncom 60. rokov publikoval pr\u00e1cu: Slovo na \u010dase ku slovensk\u00fdm rod\u00e1kom a volal n\u00e1rod k aktivite. Nap\u00edsal aj historick\u00fa \u010drtu: Hrad smolenick\u00fd. V pr\u00edspevku: Chv\u00e1la Slovanov vyjadruje vieru v bud\u00facnos\u0165 Slovanov. V nazna\u010denom programe na prv\u00e9 miesto kl\u00e1dol vzdel\u00e1vanie na \u0161kol\u00e1ch n\u00e1rodn\u00fdch, cirkevn\u00fdch i vy\u0161\u0161\u00edch.<\/p>\n\n\n\n<p>Z\u00e1ver \u017eivota D. J. B\u00f3rika<\/p>\n\n\n\n<p>\u010eal\u0161ie \u017eivotn\u00e9 cesty D.J. B\u00f3rika s\u00fa m\u00e1lo zn\u00e1me. V liste Hurbanovi 20.4.1862 nap\u00edsal, \u017ee na \u0161t\u00e1tne funkcie viac nereflektuje a nast\u00fapil ako \u00faradn\u00edk na \u017eeleznici v Salzburgu. Tu sa spr\u00e1vy o \u0148om str\u00e1caj\u00fa. Meno jeho man\u017eelky je doteraz nezn\u00e1me. V penzijnom veku p\u00ed\u0161e o likvidovan\u00ed svojej kni\u017enice, \u010do ukazuje na jeho ne\u013eahk\u00e9 soci\u00e1lne postavenie. O svojom \u017eivote a o \u017eivote sestry Anny nap\u00edsal: \u201d\u017divor\u00edme na ten \u010das \u017eivoren\u00edm star\u00fdch \u013eud\u00ed, jako to in\u00e1\u010de ani by\u0165 nem\u00f4\u017ee\u201d. B\u00fdval najsk\u00f4r u brata Karola, not\u00e1ra v Beckove a po jeho smrti napokon zakotvil v Domani\u017ei pri Pova\u017eskej Bystrici u mlad\u0161ieho syna Vladim\u00edra, nadpolesn\u00e9ho (star\u0161\u00ed syn Jaroslav bol not\u00e1rom v \u010cernej za Dunajom). Tam dokonal svoj \u010dasn\u00fd \u017eivot d\u0148a 22.6.1899 a tam je aj pochovan\u00fd. Daniel Jaroslav B\u00f3rik m\u00e1 pr\u00e1vom trval\u00e9 miesto v dejin\u00e1ch na\u0161ej cirkvi i n\u00e1\u0161ho n\u00e1roda. Pam\u00e4tn\u00e1 tabu\u013ea na soboti\u0161tskej fare nech prispeje k tomu, aby mal trval\u00e9 miesto i v na\u0161ej v\u010fa\u010dnej pam\u00e4ti.<\/p>\n\n\n\n<p>Autor textu: Mgr.\u013dubom\u00edr Batka, (lubobatka @ gmail.com)<\/p>\n","protected":false},"excerpt":{"rendered":"<p>K odhaleniu pam\u00e4tnej tabule Danielovi Jaroslavovi B\u00f3rikoviv Soboti\u0161ti 3.j\u00fala 2022 Narodenie, rodina a \u0161tudentsk\u00e9 roky D\u0148a 22.septembra 1814 sa na evanjelickej fare v Soboti\u0161ti narodil v rodine k\u0148aza Pavla B\u00f3rika syn Daniel. Otec Pavel sa narodil na Myjave a bol najsk\u00f4r 10 rokov far\u00e1rom v Humpolci. Odtia\u013e pre\u0161iel 30. novembra 1813 do Soboti\u0161\u0165a a p\u00f4sobil &#8230; <a title=\"Pocta Danielovi Jaroslavovi B\u00f3rikovi\" class=\"read-more\" href=\"https:\/\/www.e-anjelik.sk\/index.php\/2022\/06\/30\/pocta-danielovi-jaroslavovi-borikovi\/\" aria-label=\"Pre\u010d\u00edtajte si viac o Pocta Danielovi Jaroslavovi B\u00f3rikovi\">\u010c\u00edta\u0165 viac<\/a><\/p>\n","protected":false},"author":4,"featured_media":0,"comment_status":"open","ping_status":"open","sticky":false,"template":"","format":"standard","meta":{"footnotes":""},"categories":[4,119,6,14,95,196],"tags":[],"class_list":["post-35588","post","type-post","status-publish","format-standard","hentry","category-akcie","category-obdobie-po-sv-trojici","category-myjavsky-seniorat","category-osobnosti","category-sobotiste","category-vrbovce"],"_links":{"self":[{"href":"https:\/\/www.e-anjelik.sk\/index.php\/wp-json\/wp\/v2\/posts\/35588","targetHints":{"allow":["GET"]}}],"collection":[{"href":"https:\/\/www.e-anjelik.sk\/index.php\/wp-json\/wp\/v2\/posts"}],"about":[{"href":"https:\/\/www.e-anjelik.sk\/index.php\/wp-json\/wp\/v2\/types\/post"}],"author":[{"embeddable":true,"href":"https:\/\/www.e-anjelik.sk\/index.php\/wp-json\/wp\/v2\/users\/4"}],"replies":[{"embeddable":true,"href":"https:\/\/www.e-anjelik.sk\/index.php\/wp-json\/wp\/v2\/comments?post=35588"}],"version-history":[{"count":4,"href":"https:\/\/www.e-anjelik.sk\/index.php\/wp-json\/wp\/v2\/posts\/35588\/revisions"}],"predecessor-version":[{"id":36983,"href":"https:\/\/www.e-anjelik.sk\/index.php\/wp-json\/wp\/v2\/posts\/35588\/revisions\/36983"}],"wp:attachment":[{"href":"https:\/\/www.e-anjelik.sk\/index.php\/wp-json\/wp\/v2\/media?parent=35588"}],"wp:term":[{"taxonomy":"category","embeddable":true,"href":"https:\/\/www.e-anjelik.sk\/index.php\/wp-json\/wp\/v2\/categories?post=35588"},{"taxonomy":"post_tag","embeddable":true,"href":"https:\/\/www.e-anjelik.sk\/index.php\/wp-json\/wp\/v2\/tags?post=35588"}],"curies":[{"name":"wp","href":"https:\/\/api.w.org\/{rel}","templated":true}]}}