{"id":35591,"date":"2022-07-05T22:56:00","date_gmt":"2022-07-05T20:56:00","guid":{"rendered":"https:\/\/e-anjelik.sk\/?p=35591"},"modified":"2022-07-05T22:56:00","modified_gmt":"2022-07-05T20:56:00","slug":"dvojako-rodili-raz-slovenske-polia","status":"publish","type":"post","link":"https:\/\/www.e-anjelik.sk\/index.php\/2022\/07\/05\/dvojako-rodili-raz-slovenske-polia\/","title":{"rendered":"Dvojako rodili raz slovensk\u00e9 polia"},"content":{"rendered":"\n<p>Dvojako rodili raz slovensk\u00e9 polia: <br>dolu \u017eitko r\u00e1stlo, nad n\u00edm \u2014 dobr\u00e1 v\u00f4\u013ea.<br> \u017ditko plat\u00ed striebrom, dobr\u00e1 v\u00f4\u013ea zlatom; <br>o biede ni ch\u00fdru: ka\u017ed\u00fd dos\u0165 mal na tom\u2026 <br><br>Dnes, ach, nerodia tak! E\u0161te zbohom zbo\u017eie; <br>ale dobrej v\u00f4le do\u017ei\u0165, nedajbo\u017ee! <br>V ktor\u00fa z\u00e1jdem stranu, smutno v na\u0161om poli: <br>a mne to tak chyb\u00ed! A m\u0148a to tak bol\u00ed!\u2026 <br><br>Dobr\u00e1 v\u00f4\u013ea, kde si?, skr\u00edknem neraz-nedva; <br>ak t\u00e1 skala sa mi ozve, i to ledva. <br>Kde si, by \u0165a zrelo oko, ucho \u010dulo\u2026 <br>A \u010di dobrej v\u00f4le sem\u00e4 zahynulo? <br><br>Dos\u0165 semia\u010dka v mysliach, ka\u017edom vo prie\u010dinku,<br>i ho vybra\u0165 slinka honila by slinku\u2026 <br>Dos\u0165 ho, s kl\u00edkom zdrav\u00fdm dnu i s\u013eubn\u00fdm zdarom: <br>obsial bys\u2019 n\u00edm iste chot\u00e1r za chot\u00e1rom! <br><br>Len ho po Slovensku rozsia\u0165 hustotesne: <br>a svet cel\u00fd k \u017eatve ovili by piesne!\u2026 <br>Moc ho tam: len nikam pof\u0155ka\u0165 n\u00edm l\u00e1ny\u2026 <br>Hanbte sa, otupy: ml\u00e1denci i panny!<br><br>(P.O. Hviezdoslav, Prech\u00e1dzky letom)<\/p>\n","protected":false},"excerpt":{"rendered":"<p>Dvojako rodili raz slovensk\u00e9 polia: dolu \u017eitko r\u00e1stlo, nad n\u00edm \u2014 dobr\u00e1 v\u00f4\u013ea. \u017ditko plat\u00ed striebrom, dobr\u00e1 v\u00f4\u013ea zlatom; o biede ni ch\u00fdru: ka\u017ed\u00fd dos\u0165 mal na tom\u2026 Dnes, ach, nerodia tak! E\u0161te zbohom zbo\u017eie; ale dobrej v\u00f4le do\u017ei\u0165, nedajbo\u017ee! V ktor\u00fa z\u00e1jdem stranu, smutno v na\u0161om poli: a mne to tak chyb\u00ed! A m\u0148a &#8230; <a title=\"Dvojako rodili raz slovensk\u00e9 polia\" class=\"read-more\" href=\"https:\/\/www.e-anjelik.sk\/index.php\/2022\/07\/05\/dvojako-rodili-raz-slovenske-polia\/\" aria-label=\"Pre\u010d\u00edtajte si viac o Dvojako rodili raz slovensk\u00e9 polia\">\u010c\u00edta\u0165 viac<\/a><\/p>\n","protected":false},"author":1,"featured_media":0,"comment_status":"open","ping_status":"open","sticky":false,"template":"","format":"standard","meta":{"footnotes":""},"categories":[1],"tags":[],"class_list":["post-35591","post","type-post","status-publish","format-standard","hentry","category-adventna-modlitba"],"_links":{"self":[{"href":"https:\/\/www.e-anjelik.sk\/index.php\/wp-json\/wp\/v2\/posts\/35591","targetHints":{"allow":["GET"]}}],"collection":[{"href":"https:\/\/www.e-anjelik.sk\/index.php\/wp-json\/wp\/v2\/posts"}],"about":[{"href":"https:\/\/www.e-anjelik.sk\/index.php\/wp-json\/wp\/v2\/types\/post"}],"author":[{"embeddable":true,"href":"https:\/\/www.e-anjelik.sk\/index.php\/wp-json\/wp\/v2\/users\/1"}],"replies":[{"embeddable":true,"href":"https:\/\/www.e-anjelik.sk\/index.php\/wp-json\/wp\/v2\/comments?post=35591"}],"version-history":[{"count":2,"href":"https:\/\/www.e-anjelik.sk\/index.php\/wp-json\/wp\/v2\/posts\/35591\/revisions"}],"predecessor-version":[{"id":35605,"href":"https:\/\/www.e-anjelik.sk\/index.php\/wp-json\/wp\/v2\/posts\/35591\/revisions\/35605"}],"wp:attachment":[{"href":"https:\/\/www.e-anjelik.sk\/index.php\/wp-json\/wp\/v2\/media?parent=35591"}],"wp:term":[{"taxonomy":"category","embeddable":true,"href":"https:\/\/www.e-anjelik.sk\/index.php\/wp-json\/wp\/v2\/categories?post=35591"},{"taxonomy":"post_tag","embeddable":true,"href":"https:\/\/www.e-anjelik.sk\/index.php\/wp-json\/wp\/v2\/tags?post=35591"}],"curies":[{"name":"wp","href":"https:\/\/api.w.org\/{rel}","templated":true}]}}