{"id":3561,"date":"2011-05-17T12:39:58","date_gmt":"2011-05-17T12:39:58","guid":{"rendered":"http:\/\/e-anjelik.sk\/?p=3561"},"modified":"2011-05-17T12:39:58","modified_gmt":"2011-05-17T12:39:58","slug":"slavnost-krstu-vo-vesteras-svedsko","status":"publish","type":"post","link":"https:\/\/www.e-anjelik.sk\/index.php\/2011\/05\/17\/slavnost-krstu-vo-vesteras-svedsko\/","title":{"rendered":"Sl\u00e1vnos\u0165 krstu vo Vesteras -\u0160v\u00e9dsko"},"content":{"rendered":"<p>&Scaron;v&eacute;dska cirkev zorganizovala v sobotu v katedr&aacute;le vo Vesteras 14. m&aacute;ja 2011 ve\u013ek&uacute; premi&eacute;ru sl&aacute;vnosti krstu so &scaron;v&eacute;dskym n&aacute;zvom Drop in dop \u010do vo\u013ene m&ocirc;\u017eeme prelo\u017ei\u0165 kvapky v krste. Na sl&aacute;vnosti bolo po\u010das piatich hod&iacute;n spevu, svedectiev a rozpr&aacute;vania o Bohu a viere , pokrsten&yacute;ch dovedna 22 os&ocirc;b a to vo veku od 2 mesiacov do 67 rokov. Katedr&aacute;la bola pln&aacute; nielen \u013eud&iacute;, ale i radosti. Po\u010det krstov v cirkvi kles&aacute; demografickou &quot;ne&uacute;rodou deti\u010diek&quot;. Cirkev preto h\u013ead&aacute; aj tak&eacute;to netradi\u010dn&eacute;, alternat&iacute;vne &nbsp;sp&ocirc;soby krstu sv&auml;t&eacute;ho.<\/p>\n<p>(<a href=\"http:\/\/www.svenskakyrkan.se\">www.svenskakyrkan.se<\/a>)<\/p>\n","protected":false},"excerpt":{"rendered":"<p>&Scaron;v&eacute;dska cirkev zorganizovala v sobotu v katedr&aacute;le vo Vesteras 14. m&aacute;ja 2011 ve\u013ek&uacute; premi&eacute;ru sl&aacute;vnosti krstu so &scaron;v&eacute;dskym n&aacute;zvom Drop in dop \u010do vo\u013ene m&ocirc;\u017eeme prelo\u017ei\u0165 kvapky v krste. Na sl&aacute;vnosti bolo po\u010das piatich hod&iacute;n spevu, svedectiev a rozpr&aacute;vania o Bohu a viere , pokrsten&yacute;ch dovedna 22 os&ocirc;b a to vo veku od 2 mesiacov &#8230; <a title=\"Sl\u00e1vnos\u0165 krstu vo Vesteras -\u0160v\u00e9dsko\" class=\"read-more\" href=\"https:\/\/www.e-anjelik.sk\/index.php\/2011\/05\/17\/slavnost-krstu-vo-vesteras-svedsko\/\" aria-label=\"Pre\u010d\u00edtajte si viac o Sl\u00e1vnos\u0165 krstu vo Vesteras -\u0160v\u00e9dsko\">\u010c\u00edta\u0165 viac<\/a><\/p>\n","protected":false},"author":22,"featured_media":0,"comment_status":"open","ping_status":"open","sticky":false,"template":"","format":"standard","meta":{"footnotes":""},"categories":[1],"tags":[242],"class_list":["post-3561","post","type-post","status-publish","format-standard","hentry","category-adventna-modlitba","tag-slavnosti"],"_links":{"self":[{"href":"https:\/\/www.e-anjelik.sk\/index.php\/wp-json\/wp\/v2\/posts\/3561","targetHints":{"allow":["GET"]}}],"collection":[{"href":"https:\/\/www.e-anjelik.sk\/index.php\/wp-json\/wp\/v2\/posts"}],"about":[{"href":"https:\/\/www.e-anjelik.sk\/index.php\/wp-json\/wp\/v2\/types\/post"}],"author":[{"embeddable":true,"href":"https:\/\/www.e-anjelik.sk\/index.php\/wp-json\/wp\/v2\/users\/22"}],"replies":[{"embeddable":true,"href":"https:\/\/www.e-anjelik.sk\/index.php\/wp-json\/wp\/v2\/comments?post=3561"}],"version-history":[{"count":0,"href":"https:\/\/www.e-anjelik.sk\/index.php\/wp-json\/wp\/v2\/posts\/3561\/revisions"}],"wp:attachment":[{"href":"https:\/\/www.e-anjelik.sk\/index.php\/wp-json\/wp\/v2\/media?parent=3561"}],"wp:term":[{"taxonomy":"category","embeddable":true,"href":"https:\/\/www.e-anjelik.sk\/index.php\/wp-json\/wp\/v2\/categories?post=3561"},{"taxonomy":"post_tag","embeddable":true,"href":"https:\/\/www.e-anjelik.sk\/index.php\/wp-json\/wp\/v2\/tags?post=3561"}],"curies":[{"name":"wp","href":"https:\/\/api.w.org\/{rel}","templated":true}]}}