{"id":35613,"date":"2022-07-12T21:50:34","date_gmt":"2022-07-12T19:50:34","guid":{"rendered":"https:\/\/e-anjelik.sk\/?p=35613"},"modified":"2024-07-05T11:16:57","modified_gmt":"2024-07-05T09:16:57","slug":"sme-panove-nadoby","status":"publish","type":"post","link":"https:\/\/www.e-anjelik.sk\/index.php\/2022\/07\/12\/sme-panove-nadoby\/","title":{"rendered":"Sme P\u00e1nove n\u00e1doby"},"content":{"rendered":"\n<p><strong>&nbsp;&nbsp; &nbsp; &nbsp; &nbsp; Sme P\u00e1nove n\u00e1doby<\/strong><\/p>\n\n\n\n<p><strong>2 Tim 2, 20 &#8211; 26:<\/strong><\/p>\n\n\n\n<p><em>\u201cVo ve\u013ekom dome nie s\u00fa len zlat\u00e9 a strieborn\u00e9 n\u00e1doby, ale aj dreven\u00e9 a hlinen\u00e9: jedny na \u010destn\u00fa in\u00e9 na v\u0161edn\u00fa potrebu. (21) Kto sa teda o\u010dist\u00ed od v\u0161ednost\u00ed t\u00fdchto, bude n\u00e1dobou, na \u010destn\u00fa potrebu posv\u00e4tenou, svojmu P\u00e1novi upotrebite\u013enou, na ka\u017ed\u00e9 dobr\u00e9 dielo pripravenou. (22) Pred ch\u00fa\u0165kami mladosti utekaj; ale sna\u017e sa za spravodlivos\u0165ou, vierou, l\u00e1skou a pokojom s t\u00fdmi, \u010do z \u010dist\u00e9ho srdca vz\u00fdvaj\u00fa P\u00e1na. (23)&nbsp; Nani\u010dhodn\u00e9 a bl\u00e1zniv\u00e9 sporn\u00e9 ot\u00e1zky zavrhuj,, ve\u010f vie\u0161, \u017ee vyvol\u00e1vaj\u00fa len zvady. (24) A slu\u017eobn\u00edkovi P\u00e1novmu neslu\u0161\u00ed sa vadi\u0165, ale by\u0165 pr\u00edvetiv\u00fdm ku v\u0161etk\u00fdm, sp\u00f4sobn\u00fdm vyu\u010dova\u0165 a trpezlive krivdy zn\u00e1\u0161a\u0165. (25) Protivn\u00edkov nech krotko karh\u00e1, \u010di by sa im Boh azda nedal obr\u00e1ti\u0165, aby poznali pravdu (26) a vymani\u0165 sa&nbsp; z os\u00eddla diablovho, ktor\u00fdm boli zotro\u010den\u00ed plni\u0165 jeho v\u00f4\u013eu\u201d. Amen<\/em><\/p>\n\n\n\n<p>Bohumil\u00ed kres\u0165ania!<\/p>\n\n\n\n<p>&nbsp;&nbsp; Niekto vtipne prirovnal pr\u00e1cu a slu\u017ebu v cirkvi k pr\u00e1ci v kuchyni. Na \u010do sl\u00fa\u017ei kuchy\u0148a a \u010do sa v nej deje, vie ka\u017ed\u00e1 gazdinka, ale vedia to aj mu\u017ei a deti. <em>Mamina kuchy\u0148a <\/em>&#8211; to je nie\u010do priam pr\u00edslove\u010dn\u00e9. Tam sa chystaj\u00fa ka\u017edodenn\u00e9 pokrmy pre cel\u00fa rodinu, ale aj dobroty k d\u0148om sviato\u010dn\u00fdm a sl\u00e1vnostn\u00fdm. V kuchyni to \u010dasto dobre vonia a je jasn\u00e9, \u017ee tam mus\u00ed by\u0165 aj poriadok a \u010distota.&nbsp;<\/p>\n\n\n\n<p>\u00a0\u00a0 \u00a0 \u00a0 Av\u0161ak po nede\u013enom obede, ke\u010f s\u00fa u\u017e v\u0161etci nas\u00fdten\u00ed, prich\u00e1dza chv\u00ed\u013ea, ke\u010f to v nej nevyzer\u00e1 pr\u00e1ve najv\u00e1bnej\u0161ie. Kopy \u0161pinav\u00e9ho riadu treba poum\u00fdva\u0165, poutiera\u0165, vysu\u0161i\u0165 a da\u0165 na svoje miesto. N\u00e1sledne treba cel\u00fa kuchy\u0148u uprata\u0165, pr\u00edpadne aj umy\u0165 dla\u017ebu. Kde je \u010dlenov dom\u00e1cnosti viac, tam sa podobn\u00fd postup opakuje skoro ka\u017ed\u00fd de\u0148. Preto sa pr\u00e1ca v kuchyni aj napriek jej nepostr\u00e1date\u013enosti zd\u00e1 v\u0161ednou a nez\u00e1\u017eivnou. St\u00e1le to ist\u00e9 dookola.<\/p>\n\n\n\n<p>&nbsp; &nbsp; &nbsp; Mnoh\u00ed evanjelici takto pristupuj\u00fa k slu\u017ebe v P\u00e1novej cirkvi. Poznaj\u00fa len sl\u00e1vnostn\u00e9 chv\u00edle, pr\u00edjmu m\u00f4\u017eno len sl\u00e1vnostn\u00fd pokrm a dos\u0165. Ostatn\u00e1 slu\u017eba a pr\u00e1ca v cirkvi im je priam cudzia, nezn\u00e1ma a ani im nevonia. Mnoh\u00ed si dokonca neuvedomuj\u00fa ani n\u00e1ro\u010dnos\u0165 pr\u00edpravy duchovn\u00e9ho pokrmu a n\u00e1poja k nas\u00fdteniu du\u0161e a ducha.<\/p>\n\n\n\n<p>\u00a0\u00a0 \u00a0 Dnes n\u00e1m aj slovo apo\u0161tola Pavla hovor\u00ed o tom, \u017ee v\u0161etci pokrsten\u00ed maj\u00fa vo \u201cve\u013ekom dome\u201d, toti\u017e v cirkvi, svoje d\u00f4le\u017eit\u00e9 miesto a svoju \u00falohu a slu\u017ebu. V\u0161imnime si preto, ako m\u00e1me vn\u00edma\u0165 na\u0161e kres\u0165ansk\u00e9 povolanie a poslanie v tomto svete. Mo\u017eno poveda\u0165, \u017ee :\u00a0<\/p>\n\n\n\n<p>&nbsp;&nbsp; &nbsp; &nbsp; &nbsp; &nbsp; &nbsp; &nbsp; &nbsp; &nbsp; &nbsp; &nbsp; &nbsp; <strong>Kres\u0165ania s\u00fa n\u00e1doby P\u00e1nove v cirkvi:<\/strong><\/p>\n\n\n\n<ol class=\"wp-block-list\">\n<li><em>P\u00e1nom o\u010disten\u00e9<\/em><\/li>\n\n\n\n<li><em>k slu\u017ebe ur\u010den\u00e9<\/em><\/li>\n\n\n\n<li><em>Bo\u017eou slu\u017ebou naplnen\u00e9<\/em><\/li>\n<\/ol>\n\n\n\n<p>&nbsp;&nbsp; Mil\u00ed bratia a sestry v Kristu P\u00e1nu!<\/p>\n\n\n\n<p>\u00a0 \u00a0 Tak, ako v kuchyni alebo v ka\u017edej dom\u00e1cnosti s\u00fa r\u00f4zne druhy a typy <strong>n\u00e1dob <\/strong>a v\u0161etky maj\u00fa svoju \u00falohu a d\u00f4le\u017eit\u00e9 poslanie, tak je to aj v cirkvi. Kres\u0165ania s\u00fa skuto\u010dne n\u00e1doby P\u00e1nove v cirkvi. Na\u0161\u00edm poslan\u00edm je sl\u00fa\u017ei\u0165 na\u0161im bl\u00ed\u017enym. Do n\u00e1s, do svojich n\u00e1dob P\u00e1n cirkvi vklad\u00e1 svoje telesn\u00e9 i duchovn\u00e9 dary, prejavy svojej dobroty a l\u00e1sky, aby sme nimi posl\u00fa\u017eili <em>\u201cv\u0161etk\u00fdm v dome\u201d<\/em>, toti\u017e v dome cirkvi, alebo aj v n\u00e1rode. On n\u00e1s urobil svojimi n\u00e1dobami. On n\u00e1s sformoval od \u017eivota matky, dal n\u00e1m ka\u017ed\u00e9mu osobitn\u00fd tvar, charakter, r\u00f4zne dary a ur\u010dil n\u00e1s k spolo\u010dnej slu\u017ebe.<\/p>\n\n\n\n<p>&nbsp; &nbsp; Apo\u0161tol pripom\u00edna, \u017ee v dome Bo\u017eom, v cirkvi, s\u00fa<em> \u201cn\u00e1doby\u201d <\/em>ve\u013emi r\u00f4znorod\u00e9. Nie s\u00fa to len <em>\u201czlat\u00e9 a strieborn\u00e9 n\u00e1doby\u201d<\/em>. Ani v kuchyni nepou\u017e\u00edvame len drah\u00fd \u201cporcel\u00e1nov\u00fd servis\u201d, alebo n\u00e1doby ur\u010den\u00e9 na dekor\u00e1ciu i ke\u010f aj tak\u00e9 \u201cn\u00e1doby\u201d v cirkvi v\u017edy s\u00fa. Koncom stredoveku si mnoh\u00ed mysleli, \u017ee cirkev Bo\u017eiu tvoria len p\u00e1pe\u017e, kardin\u00e1li, biskupi a prel\u00e1ti.<\/p>\n\n\n\n<p>&nbsp;O nich sa v\u0161eobecne usudzovalo, \u017ee to je to<em> \u201czlato a striebro<\/em>\u201d v cirkvi. N\u00e1doby hlinen\u00e9 a dreven\u00e9 boli oddelen\u00e9 a podce\u0148ovan\u00e9 a nemali temer \u017eiadnu cenu.&nbsp;<\/p>\n\n\n\n<p>&nbsp; &nbsp; Iste\u017ee je slu\u017eba v cirkvi r\u00f4zna, \u010di r\u00f4znorod\u00e1, ale \u017eiadna \u201cn\u00e1doba\u201d, teda \u017eiaden kres\u0165an nie je v Bo\u017e\u00edch o\u010diach menej, ako in\u00ed. Ka\u017ed\u00e1 slu\u017eba pokrsten\u00e9ho je pre putuj\u00facu cirkev v Bo\u017e\u00edch o\u010diach d\u00f4le\u017eit\u00e1. Ako hovor\u00ed Pavel:<em> \u201cjedny n\u00e1doby s\u00fa ur\u010den\u00e9 na \u010destn\u00fa, in\u00e9 na v\u0161edn\u00fa potrebu\u201d.<\/em> Jedna pr\u00e1ca m\u00e1, \u013eudsky viden\u00e9, v\u00e4\u010d\u0161\u00ed lesk ako in\u00e1, ale pre P\u00e1na cirkvi je d\u00f4le\u017eit\u00e1 ka\u017ed\u00e1 slu\u017eba, aj t\u00e1 zdanlivo najnepatrnej\u0161ia.<\/p>\n\n\n\n<p>&nbsp; &nbsp; To, \u010do je pri ka\u017edej n\u00e1dobe najd\u00f4le\u017eitej\u0161ie, je &#8211; aby bola P\u00e1nom Je\u017ei\u0161om Kristom o\u010disten\u00e1 a posv\u00e4ten\u00e1 a tak pripraven\u00e1 v Jeho dome k slu\u017ebe.&nbsp;<\/p>\n\n\n\n<p>On s\u00e1m preto mus\u00ed o\u010disti\u0165 ka\u017ed\u00e9ho z n\u00e1s. Ka\u017ed\u00e9 die\u0165a, ktor\u00e9 m\u00e1 by\u0165 s\u00fa\u010das\u0165ou domu cirkvi m\u00e1 by\u0165 pokrsten\u00e9 a potom slovom Bo\u017e\u00edm v\u017edy znovu <em>\u201co\u010dis\u0165ovan\u00e9\u201d<\/em>, toti\u017e vyu\u010dovan\u00e9, vzdel\u00e1van\u00e9 a Bo\u017e\u00edm Slovom a sviatos\u0165ou P\u00e1nove ve\u010dere posv\u00e4covan\u00e9.<\/p>\n\n\n\n<p>&nbsp;&nbsp; &nbsp; Mil\u00ed bratia a sestry!<\/p>\n\n\n\n<p>\u00a0 \u00a0 Dnes chcem pripomen\u00fa\u0165, v tomto s\u00favise dve veci. Najsk\u00f4r to, \u010do hovor\u00ed Je\u017ei\u0161 rodi\u010dom a u\u010den\u00edkom.\u201c<em>Dovo\u013ete dietkam prich\u00e1dza\u0165 ku mne a nebr\u00e1\u0148te im !\u201d<\/em>\u00a0 P\u00e1n Je\u017ei\u0161 chce ma\u0165 vo svojom dome aj deti. Chce tam ma\u0165 i mlad\u00fdch \u013eud\u00ed. Aj oni tvoria Jeho cirkev a maj\u00fa v nej svoje miesto. Ale aj deti, \u010di mlad\u00ed \u013eudia maj\u00fa by\u0165 znova a znova o\u010dis\u0165ovan\u00ed. T\u00fdm najlep\u0161\u00edm \u010distiacim prostriedkom, ktor\u00fd o\u010dis\u0165uje du\u0161u a ducha \u010dloveka je slovo Bo\u017eie. Bo\u017e\u00ed z\u00e1kon odstra\u0148uje hriech a ka\u017ed\u00fa duchovn\u00fa \u0161pinu a n\u00e1nos zo srdca \u010dloveka. Preto treba dba\u0165 na to, aby na\u0161e deti r\u00e1stli nielen telesne, ale aj duchovne. Aby ich rozum, cit a v\u00f4\u013ea boli posv\u00e4covan\u00e9 Duchom Sv\u00e4t\u00fdm, skrze slovo Bo\u017eie. To je t\u00e1 najv\u0161ednej\u0161ia a najka\u017edodennej\u0161ia \u00faloha v cirkvi a v na\u0161ich kres\u0165ansk\u00fdch rodin\u00e1ch, ktor\u00e1 sa m\u00e1 dia\u0165 nielen po\u010das \u0161kolsk\u00e9ho roku, ale neprestajne.\u00a0 \u00a0 \u00a0<\/p>\n\n\n\n<p>&nbsp; &nbsp; &nbsp; Ka\u017ed\u00fd rodi\u010d je sl\u00fa\u017eiacou n\u00e1dobou P\u00e1novu, ako sa to pri Krste sv\u00e4tom v\u017edy pripom\u00edna. Ka\u017ed\u00fd otec a matka m\u00e1 vo svojom dome tvori\u0165 cirkev \u201cv malom\u201d, preto&nbsp; rodi\u010dia maj\u00fa by\u0165 prv\u00fdmi a najd\u00f4le\u017eitej\u0161\u00edmi u\u010dite\u013emi, str\u00e1\u017ecami a duchovn\u00fdmi pastiermi svojich det\u00ed. T\u00fato slu\u017ebu za nich nikto in\u00fd nevykon\u00e1. T\u00e1 z\u00e1klad n\u00e1 a najv\u0161ednej\u0161ia \u00faloha je: modli\u0165 sa s de\u0165mi, pripom\u00edna\u0165 im slov\u00e1 katechizmu a vov\u00e1dza\u0165 ich do tajomstiev Bo\u017eieho slova.<\/p>\n\n\n\n<p>&nbsp;&nbsp; Nielen deti a mlad\u00ed \u013eudia potrebuj\u00fa v\u017edy nov\u00e9 P\u00e1novo o\u010distenie a nov\u00fa milos\u0165. Aj my star\u0161\u00ed a dospel\u00ed, ktor\u00ed sme<em> \u201czapr\u00e1\u0161en\u00ed prachom ciest tohto sveta\u201d.<\/em> V\u0161elijak\u00e9 hodnoty sa stali a st\u00e1vaj\u00fa prvorad\u00fdmi pre n\u00e1s dospel\u00fdch. V\u0161elijak\u00e9 kult\u00farne, ba aj zjavne nekult\u00farne vzory obdivujeme, alebo mo\u017eno aj oslavujeme a dovo\u013euje im vo\u013ene p\u00f4sobi\u0165 v na\u0161ich kres\u0165ansk\u00fdch dom\u00e1cnostiach. Preto nesta\u010d\u00ed, aby bol kres\u0165an raz o\u010disten\u00fd, ale je d\u00f4le\u017eit\u00e9, aby sa tak dialo v\u017edy nanovo. N\u00e1\u0161 \u017eivot m\u00e1 ma\u0165 znaky posv\u00e4tenia Kristom P\u00e1nom. Tak, ako to sami rob\u00edme v\u017edy nanovo v kuchyni. Iba tak m\u00f4\u017eeme sl\u00fa\u017ei\u0165 in\u00fdm, po\u010dn\u00fac od t\u00fdch najbli\u017e\u0161\u00edch.<\/p>\n\n\n\n<p>2. Bratia a sestry!&nbsp;<\/p>\n\n\n\n<p>&nbsp;&nbsp; &nbsp; Kres\u0165ania s\u00fa n\u00e1doby P\u00e1nove v cirkvi, v dome Bo\u017eom. S\u00fa N\u00edm posv\u00e4ten\u00e9 a o\u010disten\u00e9 a tak k spolo\u010dnej slu\u017ebe bl\u00ed\u017enym ur\u010den\u00e9. Vtedy, ak sme Kristom P\u00e1nom o\u010disten\u00ed, m\u00f4\u017eeme sa sta\u0165 n\u00e1dobou<em> \u201c na \u010destn\u00fa potrebu posv\u00e4tenou, svojmu P\u00e1novi upotrebite\u013enou, na ka\u017ed\u00e9 dobr\u00e9 dielo pripravenou\u201d. (v.21)&nbsp;<\/em><\/p>\n\n\n\n<p>&nbsp;&nbsp; Tak, ako v dome, \u010di u\u017e hrnce, taniere a pr\u00edbor maj\u00fa slu\u017eobn\u00fa funkciu, tak je to aj s kres\u0165anmi v cirkvi. Na\u0161a slu\u017eba je dobrou slu\u017ebou P\u00e1nu Bohu vtedy, ak najprv my pr\u00edjmeme Bo\u017eiu slu\u017ebu a slu\u017ebu P\u00e1na Je\u017ei\u0161a. Potom m\u00f4\u017ee pr\u00eds\u0165 na\u0161a odpove\u010f a na\u0161a ponuka! Odpove\u010f sa m\u00e1 prejavi\u0165 v na\u0161ej v\u010fake a oslave Bo\u017eieho mena, v modlitb\u00e1ch a pies\u0148ach, a v duchovn\u00fdch hymn\u00e1ch a \u017ealmoch. Ak s\u00fa na\u0161ou odpove\u010fou na predch\u00e1dzaj\u00facu milos\u0165, vtedy sa m\u00f4\u017eu sta\u0165 P\u00e1nu Bohu pr\u00edjemnou v\u00f4\u0148ou a obetou.<\/p>\n\n\n\n<p><strong>&nbsp;&nbsp; <\/strong>Bratia a sestry!&nbsp;<\/p>\n\n\n\n<p>&nbsp;&nbsp; Nie inak n\u00e1s v\u0161ak vn\u00edmaj\u00fa aj na\u0161e det\u00ed, \u010di u\u017e vlastn\u00e9, alebo deti na\u0161ich bl\u00ed\u017enych. Na\u0161a ml\u00e1de\u017e a mlad\u00ed \u013eudia s\u00fa \u010dasto ve\u013emi kritick\u00ed. Radi h\u013eadaj\u00fa vzory a pr\u00edklady. Ak ich nen\u00e1jdu doma, v n\u00e1s a vo svojej cirkvi, id\u00fa \u010falej a \u010dasto zbl\u00fadia pre svoju nesk\u00fasenos\u0165. \u010casto sa im zd\u00e1, \u017ee chleb\u00edk, alebo kol\u00e1\u010de s\u00fa niekde u susedov lep\u0161ie ako z dom\u00e1cej kuchyne&#8230;Preto je \u00faloha rodi\u010dov: u\u010di\u0165, karha\u0165 vychov\u00e1va\u0165, povzbudzova\u0165 a duchovne vies\u0165 \u00falohou v\u0161etk\u00fdch n\u00e1s, nielen biskupov a far\u00e1rov, ale aj v\u0161etk\u00fdch kres\u0165ansk\u00fdch rodi\u010dov.<\/p>\n\n\n\n<p>3. Bratia a sestry v Kristu P\u00e1nu!<\/p>\n\n\n\n<p>\u00a0 \u00a0 V cirkvi sme n\u00e1dobami Bo\u017e\u00edmi v\u0161etci, ak sme sam\u00fdm Kristom P\u00e1nom o\u010disten\u00ed a posv\u00e4ten\u00ed a tak k slu\u017ebe ur\u010den\u00ed. Ide v\u0161ak aj o to, aby t\u00e1 ponuka duchovn\u00e9ho pokrmu skrze n\u00e1s niesla znaky kvality. To je a bude skuto\u010dnos\u0165ou vtedy, ak pon\u00fakneme hodnoty, ktor\u00e9 maj\u00fa p\u00f4vod v Bohu.\u00a0 \u00a0 \u00a0<\/p>\n\n\n\n<p>&nbsp;&nbsp; Je teda \u017eivotne d\u00f4le\u017eit\u00e9, aby t\u00ed, \u010do sl\u00fa\u017eia a pracuj\u00fa v cirkvi, najsk\u00f4r sami denne prij\u00edmali<em> \u201cmilos\u0165 nad milos\u0165\u201d<\/em> a potom sl\u00fa\u017eili in\u00fdm. Tak sa vyhneme syndr\u00f3mu \u201cvyhorenia\u201d, pocitom frustr\u00e1cie&nbsp; a nedocenenia v P\u00e1novej slu\u017ebe, alebo sklamania \u010di u\u017e zo sam\u00e9ho seba, alebo sklamania z bl\u00ed\u017enych.&nbsp;<\/p>\n\n\n\n<p>&nbsp; &nbsp; Apo\u0161tol Pavel svojmu mlad\u00e9mu spolupracovn\u00edkovi Timoteovi a n\u00e1stupcovi v \u00farade v cirkevnom zbore v Efeze p\u00ed\u0161e: \u201c<em>Pred ch\u00fa\u0165kami mladosti utekaj, ale sna\u017e sa za spravodlivos\u0165ou, vierou, l\u00e1skou a pokojom s t\u00fdmi, \u010do z \u010dist\u00e9ho srdca vz\u00fdvaj\u00fa P\u00e1na\u201d.&nbsp; <\/em>Napom\u00edna\u0165 a vies\u0165 mlad\u00fdch m\u00f4\u017eeme iba vtedy, ak budeme pre nich skuto\u010dnou autoritou a vzorom, akou bol apo\u0161tol Pavel pre Timotea. V cirkvi je d\u00f4le\u017eit\u00e9 rozl\u00ed\u0161i\u0165, \u010do je pre P\u00e1na a Jeho cirkev d\u00f4le\u017eit\u00e9 a \u010do je druhorad\u00e9, ( \u201cadiaforn\u00e9\u201d) teda nepodstatn\u00e9.<\/p>\n\n\n\n<p>&nbsp;&nbsp; &nbsp; Op\u00e4\u0165 si teda pripome\u0148me, \u017ee d\u00f4le\u017eit\u00e9 je zdrav\u00e9 u\u010denie a duchovn\u00e9 hodnoty: <em>spravodlivos\u0165 P\u00e1na Boha k n\u00e1m<\/em>, <em>viera \u010dinn\u00e1 v l\u00e1ske<\/em> a <em>pokoj v srdci<\/em>, ktor\u00fd prevy\u0161uje ka\u017ed\u00fd rozum. Aby sme aj my mohli by\u0165 tvorcami pokoja v&nbsp; man\u017eelstv\u00e1ch, v rodin\u00e1ch i v spolo\u010denstve cirkvi.&nbsp;<\/p>\n\n\n\n<p>&nbsp; &nbsp; Iste by sme boli radi, ak by hodnoty Bo\u017eie prij\u00edmali aj na\u0161i najbli\u017e\u0161\u00ed v rodine, aj bl\u00ed\u017eni v lone cirkvi, ale aj \u013eudia ktor\u00ed s\u00fa mimo P\u00e1novho domu, teda na\u0161a spolo\u010dnos\u0165, alebo dokonca v\u0161etky n\u00e1rody. Tak ako v Efeze, kde p\u00f4sobili Pavol a potom Timoteos, boli kres\u0165ansk\u00e9 hodnoty spo\u010diatku sk\u00f4r odmietan\u00e9 a nedostato\u010dne prij\u00edman\u00e9, tak je to aj dnes okolo n\u00e1s. Ako reagova\u0165 na tak\u00e9to odmietav\u00e9 odpovede a postoje?<\/p>\n\n\n\n<p>&nbsp; &nbsp; Iste nie inak, ako hovor\u00ed a sved\u010d\u00ed apo\u0161tol:\u201d <em>Slu\u017eobn\u00edkovi P\u00e1novmu neslu\u0161\u00ed sa vadi\u0165, ale by\u0165 pr\u00edvetiv\u00fdm ku v\u0161etk\u00fdm, sp\u00f4sobn\u00fdm vyu\u010dova\u0165 a trpezlive krivdy zn\u00e1\u0161a\u0165. Protivn\u00edkov nech krotko karh\u00e1, \u010di by sa im azda Boh nedal obr\u00e1ti\u0165, aby poznali pravdu a vymani\u0165 sa z os\u00eddla diablovho\u2026\u201d(v. 25-26)&nbsp;<\/em><\/p>\n\n\n\n<p><em>&nbsp; &nbsp; &nbsp; <\/em>Je to cesta trpezlivosti a pripravenosti aj k v\u00e4\u010d\u0161iemu, alebo men\u0161iemu stup\u0148u mart\u00fdria. Apo\u0161tolovia Peter a Pavol, Kon\u0161tant\u00edn a Metod, majster J\u00e1n Hus a mnoh\u00ed na\u0161i evanjelick\u00ed mart\u00fdri s\u00fa aj pre n\u00e1s pr\u00edkladom.&nbsp;<\/p>\n\n\n\n<p>&nbsp; &nbsp; \u010eakujme za nich, a z\u00e1rove\u0148 i prosme za v\u0161etk\u00fdch spomenut\u00fdch: deti, ml\u00e1de\u017e i rodi\u010dov, ale aj za nov\u00fdch slu\u017eobn\u00edkov cirkvi na v\u0161etky funkcie, ktor\u00e9 ka\u017ed\u00fd cirkevn\u00fd zbor potrebuje. <em>Lebo \u201cvo ve\u013ekom dome Bo\u017eom nie s\u00fa len zlat\u00e9 a strieborn\u00e9 n\u00e1doby, ale aj dreven\u00e9 a hlinen\u00e9 &#8211; na \u010destn\u00fa potrebu posv\u00e4tenou, svojmu P\u00e1novi upotrebite\u013enou, na ka\u017ed\u00e9 dobr\u00e9 dielo pripravenou.\u201d<\/em> Amen<\/p>\n\n\n\n<p>&nbsp; &nbsp; &nbsp; &nbsp; &nbsp; &nbsp; 4.nede\u013ea po Sv.Trojici &#8211; Myjava 2022 &#8211;&nbsp; Mgr.\u013d.Batka st.<\/p>\n","protected":false},"excerpt":{"rendered":"<p>&nbsp;&nbsp; &nbsp; &nbsp; &nbsp; Sme P\u00e1nove n\u00e1doby 2 Tim 2, 20 &#8211; 26: \u201cVo ve\u013ekom dome nie s\u00fa len zlat\u00e9 a strieborn\u00e9 n\u00e1doby, ale aj dreven\u00e9 a hlinen\u00e9: jedny na \u010destn\u00fa in\u00e9 na v\u0161edn\u00fa potrebu. (21) Kto sa teda o\u010dist\u00ed od v\u0161ednost\u00ed t\u00fdchto, bude n\u00e1dobou, na \u010destn\u00fa potrebu posv\u00e4tenou, svojmu P\u00e1novi upotrebite\u013enou, na ka\u017ed\u00e9 dobr\u00e9 &#8230; <a title=\"Sme P\u00e1nove n\u00e1doby\" class=\"read-more\" href=\"https:\/\/www.e-anjelik.sk\/index.php\/2022\/07\/12\/sme-panove-nadoby\/\" aria-label=\"Pre\u010d\u00edtajte si viac o Sme P\u00e1nove n\u00e1doby\">\u010c\u00edta\u0165 viac<\/a><\/p>\n","protected":false},"author":4,"featured_media":0,"comment_status":"open","ping_status":"open","sticky":false,"template":"","format":"standard","meta":{"footnotes":""},"categories":[614,118,95],"tags":[],"class_list":["post-35613","post","type-post","status-publish","format-standard","hentry","category-4-nedela-po-sv-trojici","category-myjava","category-sobotiste"],"_links":{"self":[{"href":"https:\/\/www.e-anjelik.sk\/index.php\/wp-json\/wp\/v2\/posts\/35613","targetHints":{"allow":["GET"]}}],"collection":[{"href":"https:\/\/www.e-anjelik.sk\/index.php\/wp-json\/wp\/v2\/posts"}],"about":[{"href":"https:\/\/www.e-anjelik.sk\/index.php\/wp-json\/wp\/v2\/types\/post"}],"author":[{"embeddable":true,"href":"https:\/\/www.e-anjelik.sk\/index.php\/wp-json\/wp\/v2\/users\/4"}],"replies":[{"embeddable":true,"href":"https:\/\/www.e-anjelik.sk\/index.php\/wp-json\/wp\/v2\/comments?post=35613"}],"version-history":[{"count":3,"href":"https:\/\/www.e-anjelik.sk\/index.php\/wp-json\/wp\/v2\/posts\/35613\/revisions"}],"predecessor-version":[{"id":36980,"href":"https:\/\/www.e-anjelik.sk\/index.php\/wp-json\/wp\/v2\/posts\/35613\/revisions\/36980"}],"wp:attachment":[{"href":"https:\/\/www.e-anjelik.sk\/index.php\/wp-json\/wp\/v2\/media?parent=35613"}],"wp:term":[{"taxonomy":"category","embeddable":true,"href":"https:\/\/www.e-anjelik.sk\/index.php\/wp-json\/wp\/v2\/categories?post=35613"},{"taxonomy":"post_tag","embeddable":true,"href":"https:\/\/www.e-anjelik.sk\/index.php\/wp-json\/wp\/v2\/tags?post=35613"}],"curies":[{"name":"wp","href":"https:\/\/api.w.org\/{rel}","templated":true}]}}