{"id":35620,"date":"2022-07-24T22:47:14","date_gmt":"2022-07-24T20:47:14","guid":{"rendered":"https:\/\/e-anjelik.sk\/?p=35620"},"modified":"2024-07-05T11:13:10","modified_gmt":"2024-07-05T09:13:10","slug":"rozmery-bozej-lasky","status":"publish","type":"post","link":"https:\/\/www.e-anjelik.sk\/index.php\/2022\/07\/24\/rozmery-bozej-lasky\/","title":{"rendered":"Rozmery Bo\u017eej l\u00e1sky"},"content":{"rendered":"\n<p><strong>Rozmery Bo\u017eej l\u00e1sky<\/strong><\/p>\n\n\n\n<p><strong>Ef 3, (14 a),17 \u2013 19:<\/strong><\/p>\n\n\n\n<p><em>\u201cPreto skl\u00e1\u0148am kolen\u00e1 pred Otcom\u2026aby Kristus preb\u00fdval vierou vo va\u0161ich srdciach, a vy, zakorenen\u00ed a zalo\u017een\u00ed v l\u00e1ske (18) aby ste mohli so v\u0161etk\u00fdmi sv\u00e4t\u00fdmi vystihn\u00fa\u0165, \u010do je to za \u0161\u00edrka a d\u013a\u017eka, v\u00fd\u0161ka a h\u013abka, (19) a pozna\u0165 l\u00e1sku Kristovu, ktor\u00e1 je nad v\u0161etky zn\u00e1mos\u0165; aby ste boli naplnen\u00ed v\u0161etkou plnos\u0165ou Bo\u017eou\u201d. Amen<\/em><\/p>\n\n\n\n<p>Mil\u00ed bratia a sestry v P\u00e1novi!<\/p>\n\n\n\n<p>&nbsp; &nbsp; &nbsp; P\u00edsal v\u00e1m u\u017e niekto list z&nbsp;v\u00e4zenia? Zrejme na tak\u00fato ot\u00e1zku odpovieme s&nbsp;\u00fa\u013eavou: na\u0161\u0165astie nie. A&nbsp;predsa my kres\u0165ania sme tak\u00fdto listy, ba dokonca listy dostali a&nbsp;radi si ich \u010d\u00edtame v\u017edy znovu.<\/p>\n\n\n\n<p>&nbsp;&nbsp; Patr\u00ed k&nbsp;nim aj list apo\u0161tola Pavla efezsk\u00fdm kres\u0165anom, ktor\u00fd v\u0161ak patr\u00ed v\u0161etk\u00fdm kres\u0165anom. Pavol sa dostal do v\u00e4zenia pre svoju apo\u0161tolsk\u00fa slu\u017ebu. Ale ani vo v\u00e4zen\u00ed sa nezaoberal svoj\u00edm utrpen\u00edm a&nbsp;s\u00e1m sebou, ale myslel na cirkevn\u00fd zbor. Mal staros\u0165 o&nbsp;to, aby t\u00fdm nebola ohrozen\u00e1 jeho viera. K\u013eakal na kolen\u00e1,&nbsp;modlil sa a&nbsp;prosil nebesk\u00e9ho Otca, aby bol zbor skrze Ducha Sv\u00e4t\u00e9ho zachr\u00e1nen\u00fd, toti\u017e aby vo viere neklesal, ale zosilnel. Prosil o&nbsp;to, aby Kristus skrze vieru preb\u00fdval v&nbsp;ich srdciach, aby mohli vystihn\u00fa\u0165 rozmery ve\u013ekej Bo\u017eej l\u00e1sky, ktor\u00e1 sa k&nbsp;nim sklonila v&nbsp;Je\u017ei\u0161ovi.<\/p>\n\n\n\n<p>&nbsp; &nbsp; Uprostred vonkaj\u0161ieho s\u00fa\u017eenia a&nbsp;vn\u00fatorn\u00fdch ob\u00e1v, modlil sa a prosil, aby zveren\u00e9 spolo\u010denstvo veriacich zotrvalo vo viere<em>. \u201eAby Kristus preb\u00fdval vierou vo va\u0161ich srdciach, a&nbsp;vy, zakorenen\u00ed a&nbsp;zalo\u017een\u00ed v&nbsp;l\u00e1ske, (18) aby ste mohli so v\u0161etk\u00fdmi sv\u00e4t\u00fdmi vystihn\u00fa\u0165, \u010do je to za \u0161\u00edrka a&nbsp;d\u013a\u017eka, v\u00fd\u0161ka a&nbsp;h\u013abka,(19 ) a&nbsp;pozna\u0165 l\u00e1sku Kristovu, ktor\u00e1 j nad v\u0161etky zn\u00e1mosti;\u201c&nbsp;<\/em><\/p>\n\n\n\n<p><em>&nbsp; &nbsp; <\/em>Prosil o&nbsp;to, aby bola pre nich otvoren\u00e1 cel\u00e1 pokladnica Bo\u017e\u00edch darov. Nemysl\u00ed pri tom len na dary telesn\u00e9 a&nbsp;\u010dasn\u00e9, ale aj dary duchovn\u00e9 a&nbsp;ve\u010dn\u00e9. Ak ich m\u00e1me, nem\u00f4\u017eeme hovori\u0165 o&nbsp;nejakej chudobe, aj ke\u010f sme boli mo\u017eno o&nbsp;mnoh\u00e9 hodnoty v&nbsp;minulosti ol\u00fapen\u00ed, ke\u010f n\u00e1m boli odobran\u00e9 kostoly, fary, \u0161koly a&nbsp;cirkevn\u00e9 z\u00e1kladiny. Napr\u00edklad aj v\u00fdsledok celocirkevnej zbierky<em>: \u201eCirkev sebe\u201c<\/em> a <em>\u201eCirkev ml\u00e1de\u017ei<\/em>\u201c konanej za Slovensk\u00e9ho \u0161t\u00e1tu, z&nbsp;ktorej boli udr\u017eiavan\u00e9 evanjelick\u00e9 \u0161kolstvo a&nbsp;intern\u00e1ty, ale aj zak\u00fapen\u00fd majetok v&nbsp;Beckovskej vieske. Ale \u010do je zvl\u00e1\u0161\u0165 bo\u013eav\u00e9 a&nbsp;nepochopite\u013en\u00e9, ako uk\u00e1zala aj ned\u00e1vno konan\u00e1 Synoda, o&nbsp;ve\u013ek\u00fd a&nbsp;mnoh\u00fd majetok prich\u00e1dza na\u0161a ECAV a\u017e dosia\u013e, nezodpovedn\u00fdm \u0161af\u00e1ren\u00edm niektor\u00fdch \u010dlenov vedia spolo\u010dnosti Reformata s.r.o. Akoko\u013evek to boli a&nbsp;s\u00fa straty bo\u013eav\u00e9 a&nbsp;ve\u013ek\u00e9, najv\u00e4\u010d\u0161ou stratou by bola strata viery v&nbsp;Bo\u017eiu l\u00e1sku vyjaven\u00e1 v&nbsp;P\u00e1novi Je\u017ei\u0161ovi Kristovi.<\/p>\n\n\n\n<p>&nbsp; &nbsp; Bo\u017eia a&nbsp;Kristova l\u00e1ska je najvy\u0161\u0161ou hodnotou a&nbsp;prenik\u00e1 v\u0161etko. Aj pre n\u00e1s, dne\u0161n\u00fdch kres\u0165anov, v&nbsp;na\u0161ich tr\u00e1peniach, alebo kr\u00edzach je d\u00f4le\u017eit\u00e9 spr\u00e1vne vidie\u0165 a&nbsp;vystihn\u00fa\u0165 jej hodnotu a&nbsp;moc. Preto sa chceme aj dnes pok\u00fasi\u0165 vystihn\u00fa\u0165, <strong><em>\u201e\u010do je to za \u0161\u00edrka a&nbsp;d\u013a\u017eka, v\u00fd\u0161ka a&nbsp;h\u013abka\u201c Kristovej l\u00e1sky,<\/em><\/strong> ktor\u00e1 n\u00e1m bola dan\u00e1 a&nbsp;pon\u00faknut\u00e1 pre tento i&nbsp;bud\u00faci \u017eivot.<\/p>\n\n\n\n<p>&nbsp; &nbsp; Sk\u00fasme si teda uvedomi\u0165 jej univerz\u00e1lnos\u0165 a&nbsp;hodnotu tejto l\u00e1sky v&nbsp;t\u00fdch smeroch, ktor\u00e9 spom\u00edna aj apo\u0161tol Pavel v&nbsp;liste do Efezu. Bo\u017eia l\u00e1ska, ktor\u00e1 sa k&nbsp;n\u00e1m sklonila v Je\u017ei\u0161ovi a&nbsp;n\u00e1s&nbsp;obohatila m\u00e1 svoju jedine\u010dn\u00fa \u0161\u00edrku. \u010co to znamen\u00e1?&nbsp; &nbsp; &nbsp; &nbsp;<\/p>\n\n\n\n<p>&nbsp; &nbsp; Znamen\u00e1 to, \u017ee P\u00e1n Boh sa v&nbsp;l\u00e1ske&nbsp; sklonil ku v\u0161etk\u00fdm \u013eu\u010fom. Je\u017ei\u0161 nepri\u0161iel na svet iba pre jeden n\u00e1rod, alebo pre jednu gener\u00e1ciu \u013eud\u00ed, ale pri\u0161iel pre v\u0161etk\u00fdch. Svojou l\u00e1skou zah\u0155\u0148a a&nbsp;oslovuje P\u00e1n Boh v\u0161etk\u00fdch \u013eud\u00ed. Aj ke\u010f mnoh\u00ed o&nbsp;tom nevedia, alebo si to neuvedomuj\u00fa, alebo o&nbsp;tom mo\u017eno pochybuj\u00fa a&nbsp;dokonca sa proti tomuto daru stavaj\u00fa, Bo\u017eia l\u00e1ska zah\u0155\u0148a cel\u00fd svet, v\u0161etky n\u00e1rody,&nbsp;doslova cel\u00fd stvoren\u00fd svet a&nbsp;vesm\u00edr.<\/p>\n\n\n\n<p>&nbsp; &nbsp; Predov\u0161etk\u00fdm je obdarovan\u00edm \u013eudstva, ktor\u00e9 \u017eije v&nbsp;hriechu a&nbsp;odcudzen\u00e9 P\u00e1nu Bohu, aby v\u0161etci mali mo\u017enos\u0165 z\u00e1chrany. Nikto nie je pred P\u00e1nom Bohom straten\u00fd a&nbsp;nikto tak hlboko nepadol, aby ho P\u00e1n Boh nemohol pozdvihn\u00fa\u0165 a&nbsp;o\u010disti\u0165 &#8211; ak to \u010dlovek naozaj chce. P\u00e1nova n\u00e1ru\u010d je otvoren\u00e1 a&nbsp;On hovor\u00ed<em>: \u201ePo\u010fte ku mne v\u0161etci, ktor\u00ed sa nam\u00e1hate a&nbsp;ste pre\u0165a\u017een\u00ed, Ja v\u00e1m d\u00e1m odpo\u010dinutie<\/em>\u201c&#8230;<\/p>\n\n\n\n<p>&nbsp;&nbsp; &nbsp; Na inom mieste P\u00e1n povedal: \u201enepri\u0161iel som svet ods\u00fadi\u0165, ale ho zachr\u00e1ni\u0165\u201c. Preto nemus\u00edme by\u0165 z\u00fafal\u00ed, ke\u010f si uvedomujeme to skuto\u010dn\u00e9 mno\u017estvo a&nbsp;\u0165archy hriechov, ktor\u00e9 sa n\u00e1s nielen dot\u00fdka, ale n\u00e1s aj tla\u010d\u00ed a&nbsp;znepokojuje. Ke\u010f vid\u00edme, \u017ee \u013eudia trpia a&nbsp;\u017eij\u00fa v&nbsp;strachu v&nbsp;rozli\u010dn\u00fdch bolestiach a&nbsp;kr\u00edzach. P\u00e1nova l\u00e1ska nie je iba pre niektor\u00fdch, pre \u013eud\u00ed ktor\u00ed si ju zdanlivo zasl\u00fa\u017eia. Jeho n\u00e1ru\u010d je otvoren\u00e1 pre v\u0161etk\u00fdch. Tak ako slnko svieti a&nbsp;d\u00e1\u017e\u010f je zosielan\u00fd z&nbsp;oblohy pre v\u0161etk\u00fdch, tak\u00e1 je aj Bo\u017eia l\u00e1ska. <em>\u201eV\u0161ade svieti a&nbsp;hreje jej l\u00fa\u010d<\/em>&#8230;\u201c, pre v\u0161etk\u00fdch ju Boh poslal na svet ako rosu z&nbsp;nebies. V\u0161etci, ktor\u00ed nej vedia, ktor\u00ed ju prijali a&nbsp;boli \u0148ou zahrnut\u00ed, nech za to st\u00e1le dobrore\u010dia a&nbsp;\u010fakuj\u00fa P\u00e1nu Bohu v\u017edy nanovo.<\/p>\n\n\n\n<p>&nbsp;&nbsp; &nbsp; Bratia a&nbsp;sestry!&nbsp;<\/p>\n\n\n\n<p>&nbsp;&nbsp; &nbsp; Zamyslime sa aj nad d\u013a\u017ekou Bo\u017eej l\u00e1sky. Dnes sa mnoh\u00fdm zd\u00e1, \u017ee Bo\u017eia l\u00e1ska tu vo svete v&nbsp;minulosti mo\u017eno bola a&nbsp;p\u00f4sobila, ale dnes nevidia dosah je l\u00fa\u010dov. Zd\u00e1 sa im, \u017ee moc Bo\u017eej l\u00e1sky akoby upadala a&nbsp;str\u00e1cala sa v&nbsp;rozli\u010dnej tme hriechu a&nbsp;v&nbsp;utrpen\u00ed dne\u0161n\u00e9ho sveta. Mnoh\u00ed \u013eudia si myslia, \u017ee t\u00fdm, \u017ee Bo\u017eia l\u00e1ska nie je prijat\u00e1 a&nbsp;op\u00e4tovan\u00e9 zo strany \u010dloveka a&nbsp;\u013eud\u00ed, skracuje sa jej ponuka a&nbsp;d\u013a\u017eka jej trvania.<\/p>\n\n\n\n<p>&nbsp; &nbsp; Mnoh\u00ed si myslia, \u017ee Bo\u017eia l\u00e1ska je iba kr\u00e1tkodob\u00e1 ponuka, tak ako \u013eudsk\u00e1 l\u00e1ska, ktor\u00e1 je l\u00e1skou s podmienkou. S podmienkou preto, lebo pozn\u00e1 rozli\u010dn\u00e9: \u201eak\u201c. \u010clovek napr\u00edklad hovor\u00ed: \u201eBudem \u0165a milova\u0165, ak urob\u00ed\u0161 to a&nbsp;to&#8230;Alebo: Budem \u0165a ma\u0165 r\u00e1d, \u201ea\u017e\u201c, napln\u00ed\u0161 v\u0161etky moje predstavy a&nbsp;o\u010dak\u00e1vania<em>&#8230;Budem \u0165a milova\u0165, ke\u010f<\/em>&#8230;- takto a&nbsp;podobe hovor\u00ed l\u00e1ska \u013eudsk\u00e1. L\u00e1ska s&nbsp;podmienkou je- ako hovor\u00ed b\u00e1snik -prejav \u201el\u00e1sky nel\u00e1skavej\u201c.<\/p>\n\n\n\n<p>&nbsp;&nbsp; &nbsp; P\u00e1n Boh n\u00e1m nekladie podmienky a&nbsp;neskracuje ponuku l\u00e1sky tam, kde sa \u010dlovek dokazuje ako hrie\u0161nik. Dal za n\u00e1s svojho Syna e\u0161te vtedy, ke\u010f sme boli hrie\u0161ni. Farizeji nevedeli pochopi\u0165 a&nbsp;nedok\u00e1zali uveri\u0165 v&nbsp;nepodmienen\u00fa Bo\u017eiu l\u00e1sku k&nbsp;hrie\u0161nikom a&nbsp;preto o&nbsp;Je\u017ei\u0161ovi s&nbsp;de\u0161pektom hovorili<em>: \u201eTento hrie\u0161nikov prij\u00edma a&nbsp;jed\u00e1va s&nbsp;nimi\u201c.<\/em>..Ale v\u010faku Bohu, \u017ee je to tak, \u017ee Bo\u017eia l\u00e1ska siaha a\u017e k&nbsp;n\u00e1m, do na\u0161ich hlb\u00edn, do na\u0161ich skr\u00fd\u0161. On sa v\u017edy p\u00fdta: <em>\u201eAdam, kde si?\u201c<\/em> Preto z\u00e1le\u017e\u00ed na na\u0161ej odpovedi, ako P\u00e1nu Bohu odpovieme.<\/p>\n\n\n\n<p>&nbsp; &nbsp; &nbsp; Bratia a&nbsp;sestry!<\/p>\n\n\n\n<p>&nbsp;&nbsp; &nbsp; Apo\u0161tol Pavel sved\u010d\u00ed a&nbsp;pripom\u00edna, \u017ee l\u00e1ska Bo\u017eia m\u00e1 aj&nbsp; v\u00fd\u0161ku, ktor\u00e1 je nekone\u010dn\u00e1. \u013dudia maj\u00fa radi bohatstvo a prosperitu a&nbsp;radi si klad\u00fa vysok\u00e9 ciele. Ak sa tak aj stane, v\u017edy napokon zistia, \u017ee to boli ciele ve\u013emi pr\u00edzemn\u00e9 a&nbsp;do\u010dasn\u00e9.<\/p>\n\n\n\n<p>&nbsp; Hovoria o&nbsp;tom rozpr\u00e1vania a&nbsp;pr\u00edbehy mnoh\u00fdch sl\u00e1vnych \u013eud\u00ed, ktor\u00ed dosiahli napr\u00edklad vysok\u00e9 postavenie v&nbsp;spolo\u010dnosti, alebo vavr\u00edny v\u00ed\u0165azstva v&nbsp;\u0161porte, mo\u017eno z\u00edskali mnoho bohatstva a&nbsp;zemsk\u00fdch pokladov ku ktor\u00fdm pri\u013enuli cel\u00fdm srdcom a \u017eivotom. \u0164a\u017eko sa&nbsp;potom s&nbsp;t\u00fdm v\u0161etk\u00fdm \u010do z\u00edskali l\u00fa\u010dia. Neraz pre zemsk\u00e9 poklady stratia svoju \u013eudsk\u00fa tv\u00e1r, svoju d\u00f4stojnos\u0165 a&nbsp;dok\u00e1\u017eu sa ako naj\u00fabohej\u0161\u00ed hrie\u0161nici.<\/p>\n\n\n\n<p>&nbsp;&nbsp; &nbsp; Bo\u017eia l\u00e1ska m\u00e1 v\u0161ak v\u00fd\u0161ku, ktor\u00e1 vedie k&nbsp;dosiahnutia ove\u013ea v\u00e4\u010d\u0161\u00edch cie\u013eov.<em> \u201eKde je tvoj poklad, tam je aj tvoje srdce\u201c <\/em>&#8211; hovor\u00ed P\u00e1n Je\u017ei\u0161. Ako kres\u0165ania sa u\u010d\u00edme P\u00e1nu Bohu \u010fakova\u0165 aj za zdanlivo mal\u00e9 dary a tie\u017e za to, \u017ee to, \u010do nem\u00e1me, to ani nepotrebujeme.&nbsp;<\/p>\n\n\n\n<p>&nbsp; &nbsp; Najm\u00e4 v\u0161ak vyzn\u00e1vame: <em>\u201eJe\u017ei\u0161i drah\u00fd poklad m\u00f4j\u2026\u201c &#8211;<\/em> a&nbsp;vieme, \u017ee vo vierou v&nbsp;Neho m\u00e1me poklad tam<em>,\u201c kde sa zlodeji nevlamuj\u00fa a&nbsp;neprekop\u00e1vaj\u00fa\u201c..<\/em>.Povedan\u00e9 jasne, vierou sme spojen\u00fd s&nbsp;T\u00fdm, ktor\u00fd sa posadil na pravicu Bo\u017eieho tr\u00f3nu a zas\u013e\u00fabil n\u00e1m miesto v&nbsp;svojom ve\u010dnom spolo\u010denstve. Preto je l\u00e1ska Kristova nad v\u0161etky zn\u00e1mosti a&nbsp;m\u00f4\u017eeme sa c\u00edti\u0165 obohaten\u00ed v\u0161etkou plnos\u0165ou Bo\u017eou vtedy, ak vo viere v Je\u017ei\u0161a zotrv\u00e1vame.&nbsp;<\/p>\n\n\n\n<p>&nbsp;&nbsp; &nbsp; Bratia a&nbsp;sestry!<\/p>\n\n\n\n<p>\u00a0\u00a0 Iste nie je \u013eahk\u00e9 vidie\u0165 p\u00f4sobenie Bo\u017eej l\u00e1sky vtedy, ak sa v\u00a0tomto \u010dasnom \u017eivote nach\u00e1dzame uprostred nejakej tiesne, alebo v\u00a0hrani\u010dnej situ\u00e1cii. Takou m\u00f4\u017ee by\u0165 napr\u00edklad chv\u00ed\u013ea rozl\u00fa\u010dky s\u00a0na\u0161imi bl\u00edzkymi a\u00a0drah\u00fdmi. Akoby mizli l\u00fa\u010de l\u00e1sky Bo\u017eej pri poh\u013eade na hrob, do ktor\u00e9ho kladieme telesn\u00e9 pozostatky \u010dloveka. Vtedy je d\u00f4le\u017eit\u00e9 d\u00f4verova\u0165 Bo\u017e\u00edm zas\u013e\u00fabeniam a\u00a0moci Bo\u017eej l\u00e1sky, ktor\u00e1 zv\u00ed\u0165azila nad mocou smrti Kristov\u00fdm zm\u0155tvychvstan\u00edm. Je mnoho slov a\u00a0zas\u013e\u00faben\u00ed, ktor\u00e9 d\u00e1va P\u00e1n zvestova\u0165 svojou cirkvou v\u00a0tomto svete pre v\u0161etk\u00fdch, aby nezahynula, ale \u017eila n\u00e1dej \u010dloveka, \u017ee On s\u00e1m sa postav\u00ed aj nad na\u0161imi hrobmi, by ich otvoril a\u00a0veriacich v\u00a0Neho pozval do \u017eivota ve\u010dn\u00e9ho.<\/p>\n\n\n\n<p>&nbsp;&nbsp; H\u013abka Bo\u017eej l\u00e1sky v&nbsp;Kristovi a&nbsp;skrze Krista siaha a\u017e t\u00fdch najv\u00e4\u010d\u0161\u00edch hlb\u00edn smrti a&nbsp;z\u00e1niku. L\u00e1ska Bo\u017eia l\u00e1me moc smrti a&nbsp;br\u00e1ny z\u00e1hrobia.<\/p>\n\n\n\n<p>Preto sa Pavel modlil za efezsk\u00fdch i&nbsp;ostatn\u00fdch kres\u0165anov, aby neklesli na mysli v&nbsp;\u017eiadnom s\u00fa\u017een\u00ed, alebo utrpen\u00ed.&nbsp;<\/p>\n\n\n\n<p>&nbsp; &nbsp; Aj my smieme a m\u00e1me vo viere r\u00e1s\u0165 tak, aby Kristus preb\u00fdval vierou v&nbsp;na\u0161ich srdciach a&nbsp;my sme poznali a&nbsp;potom aj zvestovali a&nbsp;hl\u00e1sali: \u0161\u00edrku a&nbsp;d\u013a\u017eku, v\u00fd\u0161ku a&nbsp;h\u013abku Bo\u017eej l\u00e1sky, pre dobro na\u0161e i&nbsp;na\u0161ich bl\u00ed\u017enych a&nbsp;celej na\u0161ej cirkvi. Amen<\/p>\n\n\n\n<p>&nbsp;&nbsp; 6.nede\u013ea po Sv.Trojici&nbsp; &#8211; Myjava 2022 &#8211; \u013dubom\u00edr Batka, n\u00e1m.far\u00e1r<\/p>\n","protected":false},"excerpt":{"rendered":"<p>Rozmery Bo\u017eej l\u00e1sky Ef 3, (14 a),17 \u2013 19: \u201cPreto skl\u00e1\u0148am kolen\u00e1 pred Otcom\u2026aby Kristus preb\u00fdval vierou vo va\u0161ich srdciach, a vy, zakorenen\u00ed a zalo\u017een\u00ed v l\u00e1ske (18) aby ste mohli so v\u0161etk\u00fdmi sv\u00e4t\u00fdmi vystihn\u00fa\u0165, \u010do je to za \u0161\u00edrka a d\u013a\u017eka, v\u00fd\u0161ka a h\u013abka, (19) a pozna\u0165 l\u00e1sku Kristovu, ktor\u00e1 je nad v\u0161etky zn\u00e1mos\u0165; &#8230; <a title=\"Rozmery Bo\u017eej l\u00e1sky\" class=\"read-more\" href=\"https:\/\/www.e-anjelik.sk\/index.php\/2022\/07\/24\/rozmery-bozej-lasky\/\" aria-label=\"Pre\u010d\u00edtajte si viac o Rozmery Bo\u017eej l\u00e1sky\">\u010c\u00edta\u0165 viac<\/a><\/p>\n","protected":false},"author":4,"featured_media":0,"comment_status":"open","ping_status":"open","sticky":false,"template":"","format":"standard","meta":{"footnotes":""},"categories":[616,119,121,118,95],"tags":[],"class_list":["post-35620","post","type-post","status-publish","format-standard","hentry","category-6-nedela-po-sv-trojici","category-obdobie-po-sv-trojici","category-kazne","category-myjava","category-sobotiste"],"_links":{"self":[{"href":"https:\/\/www.e-anjelik.sk\/index.php\/wp-json\/wp\/v2\/posts\/35620","targetHints":{"allow":["GET"]}}],"collection":[{"href":"https:\/\/www.e-anjelik.sk\/index.php\/wp-json\/wp\/v2\/posts"}],"about":[{"href":"https:\/\/www.e-anjelik.sk\/index.php\/wp-json\/wp\/v2\/types\/post"}],"author":[{"embeddable":true,"href":"https:\/\/www.e-anjelik.sk\/index.php\/wp-json\/wp\/v2\/users\/4"}],"replies":[{"embeddable":true,"href":"https:\/\/www.e-anjelik.sk\/index.php\/wp-json\/wp\/v2\/comments?post=35620"}],"version-history":[{"count":2,"href":"https:\/\/www.e-anjelik.sk\/index.php\/wp-json\/wp\/v2\/posts\/35620\/revisions"}],"predecessor-version":[{"id":36976,"href":"https:\/\/www.e-anjelik.sk\/index.php\/wp-json\/wp\/v2\/posts\/35620\/revisions\/36976"}],"wp:attachment":[{"href":"https:\/\/www.e-anjelik.sk\/index.php\/wp-json\/wp\/v2\/media?parent=35620"}],"wp:term":[{"taxonomy":"category","embeddable":true,"href":"https:\/\/www.e-anjelik.sk\/index.php\/wp-json\/wp\/v2\/categories?post=35620"},{"taxonomy":"post_tag","embeddable":true,"href":"https:\/\/www.e-anjelik.sk\/index.php\/wp-json\/wp\/v2\/tags?post=35620"}],"curies":[{"name":"wp","href":"https:\/\/api.w.org\/{rel}","templated":true}]}}