{"id":35649,"date":"2022-09-11T18:06:12","date_gmt":"2022-09-11T16:06:12","guid":{"rendered":"https:\/\/e-anjelik.sk\/?p=35649"},"modified":"2024-07-05T10:54:19","modified_gmt":"2024-07-05T08:54:19","slug":"bozia-restitucia","status":"publish","type":"post","link":"https:\/\/www.e-anjelik.sk\/index.php\/2022\/09\/11\/bozia-restitucia\/","title":{"rendered":"Bo\u017eia re\u0161tit\u00facia"},"content":{"rendered":"\n<p><em>&nbsp; &nbsp; &nbsp; &nbsp; &nbsp; &nbsp; <\/em><strong>&nbsp; &nbsp; Bo\u017eia re\u0161tit\u00facia<\/strong><\/p>\n\n\n\n<p><em>D\u00fafame, Bo\u017ee,<\/em><br><em>n\u00e1\u0161 Pane mil\u00fd,<\/em><br><em>vykona\u0165 mnoho<\/em><br><em>ke\u010f d\u00e1\u0161 Ty sily,<\/em><br><em>zvl\u00e1da\u0165 i svet, \u010do<\/em><br><em>za hriechom tiahne,<\/em><br><em>tak mocou Ducha<\/em><br><em>zv\u00ed\u0165azi\u0165 sl\u00e1vne.\u00a0 Amen (M.R.)<\/em><\/p>\n\n\n\n<p><strong>1 K&nbsp; 2, 2 &#8211; 16:<\/strong><\/p>\n\n\n\n<p><em>\u201cLebo som si umienil ni\u010d in\u00e9ho nevedie\u0165 medzi vami, jedine Je\u017ei\u0161a Krista, a to toho ukri\u017eovan\u00e9ho. (3) Aj ja som bol u v\u00e1s i slab\u00fd i bojazliv\u00fd a ve\u013emi prestra\u0161en\u00fd, (4) moja re\u010d a moja k\u00e1ze\u0148 nebola v presved\u010div\u00fdch slov\u00e1ch m\u00fadrosti, ale v dokazovan\u00ed Ducha a moci, (5) aby sa va\u0161a viera nezakladala na \u013eudskej m\u00fadrosti, ale na Bo\u017eej moci. (6) My v\u0161ak hovor\u00edme m\u00fadros\u0165 medzi dokonal\u00fdmi; pravda nie m\u00fadros\u0165 tohoto sveta, ani knie\u017eat tohoto sveta, ktor\u00e9 hyn\u00fa, (7) ale hovor\u00edme m\u00fadros\u0165 Bo\u017eiu, skryt\u00fa v tajomstve, ktor\u00fa Boh pred vekmi ur\u010dil n\u00e1m na sl\u00e1vu, (8) a nikto ju neznal z knie\u017eat tohto veku, ve\u010f keby ju boli poznali, neboli by P\u00e1na sl\u00e1vy ukri\u017eovali; (9) ale, ako je nap\u00edsan\u00e9: Ani oko nev\u00eddalo, ani ucho nesl\u00fdchalo, ani do srdca \u010dloveka nevst\u00fapilo, \u010do pripravil Boh t\u00fdm, ktor\u00ed Ho miluj\u00fa. (10) Boh toti\u017e zjavil n\u00e1m to Duchom; lebo Duch sk\u00fama v\u0161etko, aj hlbokosti Bo\u017eie. (11) Ve\u010f kto z \u013eud\u00ed vie, \u010do je v \u010dloveku, ak nie duch \u010dloveka, ktor\u00fd je v \u0148om? Tak ani veci Bo\u017eie nepoznal nikto, iba Duch Bo\u017e\u00ed. (12) My sme v\u0161ak neprijali ducha sveta, ale Ducha, ktor\u00fd je z Boha, aby sme vedeli \u010doho sa n\u00e1m z milosti dostalo. (13) O tom aj hovor\u00edme, nie s\u00edce nau\u010den\u00fdmi slovami \u013eudskej m\u00fadrosti, ale (slovami), ktor\u00fdm u\u010d\u00ed Duch. A tak duchovn\u00e9 posudzujeme duchovne. (14) Prirodzen\u00fd \u010dlovek, pravda, neprij\u00edma veci Ducha Bo\u017eieho, lebo s\u00fa mu bl\u00e1znovstvom, a nem\u00f4\u017ee ich pozna\u0165, preto\u017ee ich duchovne treba rozsudzova\u0165. (15) Duchovn\u00fd v\u0161ak posudzuje v\u0161etko, ale jeho nik nem\u00f4\u017ee pos\u00fadi\u0165;&nbsp; (16) lebo kto poznal myse\u013e P\u00e1novu, aby Ho u\u010dil? My v\u0161ak myse\u013e&nbsp; Kristovu m\u00e1me!\u201d Amen<\/em><\/p>\n\n\n\n<p><strong>&nbsp;<\/strong> &nbsp; &nbsp; Bratia a sestry v P\u00e1novi!<\/p>\n\n\n\n<p>&nbsp;R\u00f4zne re\u0161titu\u010dn\u00e9 z\u00e1kony ktor\u00e9 boli v na\u0161om \u0161t\u00e1te prijat\u00e9 mali za cie\u013e obnovi\u0165 p\u00f4vodn\u00e9 vlastn\u00edcke vz\u0165ahy, ktor\u00e9 tu platili v minulosti.&nbsp;<\/p>\n\n\n\n<p>V\u0161etky \u013eudsk\u00e9 snahy o spravodliv\u00e9 re\u0161tit\u00facie s\u00fa nedokonal\u00e9. Vyvol\u00e1vaj\u00fa \u010dasto aj mnoho nap\u00e4tia a nespokojnosti. P\u00f4vodn\u00ed vlastn\u00edci toti\u017e nedost\u00e1vaj\u00fa v\u017edy to, \u010do im bolo nepr\u00e1vom odobran\u00e9, alebo dost\u00e1vaj\u00fa iba po\u0161koden\u00e9 ruiny stavieb, pr\u00edpadne zbytky\u00a0 p\u00f4vodn\u00e9ho majetku. Na druhej strane t\u00ed, \u010do cudz\u00ed majetok r\u00f4znym sp\u00f4sobom z\u00edskali sa s n\u00edm nechc\u00fa ani n\u00e1hodou rozl\u00fa\u010di\u0165. Ide najm\u00e4 o cudzie byty, domy a prev\u00e1dzky. Ak im dan\u00fd stav vyhovuje, pova\u017euj\u00fa za \u0161ikovnos\u0165 nepr\u00e1vom z\u00edskan\u00e9 vlastn\u00edctvo udr\u017ea\u0165 a vyu\u017e\u00edva\u0165 \u010falej. Na tak\u00fdto stav, hoci zl\u00fd a bezpr\u00e1vny si r\u00fdchlo zvykli a c\u00edtia sa v \u0148om dobre. Preto snaha \u010doko\u013evek re\u0161tituova\u0165 a napravi\u0165 vyvol\u00e1va neraz nap\u00e4tie.<\/p>\n\n\n\n<p>\u00a0 \u00a0 Nie je bez zauj\u00edmavosti, \u017ee aj v duchovno-n\u00e1bo\u017eenskej oblasti je to podobn\u00e9. Aj tu hriech v \u010dloveku pokazil prv\u00fd, p\u00f4vodn\u00fd, P\u00e1nom Bohom dan\u00fd stav, ktor\u00fd niekedy naz\u00fdvame aj stav nevinnosti. Ide o stav, ktor\u00fd ur\u010doval predov\u0161etk\u00fdm vz\u0165ah \u010dloveka ako Bo\u017eieho die\u0165a\u0165a k nebesk\u00e9mu Otcovi. Hriech naru\u0161il predov\u0161etk\u00fdm tento vz\u0165ah. Dokonca ho prevr\u00e1til a potom postupne naru\u0161il aj v\u0161etky ostatn\u00e9 vz\u0165ahy pre ktor\u00e9 bol \u010dlovek stvoren\u00fd. Ale \u013eudia si neraz na hriech zvykli, neraz sa im \u017eivot v hriechu, \u017eivot <em>\u201cbez Boha na svete\u201d<\/em> dokonca p\u00e1\u010di. Svet pova\u017euj\u00fa za najvy\u0161\u0161iu prioritu a svoju dom\u00e9nu a ak\u00fako\u013evek snahu zasahova\u0165 do ich teraj\u0161\u00edch, hoci naru\u0161en\u00fdch alebo prevr\u00e1ten\u00fdch vz\u0165ahov ch\u00e1pu ako \u201czasahovanie do ich vn\u00fatorn\u00fdch z\u00e1le\u017eitost\u00ed\u201d. Hrie\u0161nik sa vzpiera v\u0161etk\u00fdm re\u0161titu\u010dn\u00fdm snah\u00e1m opravi\u0165 vz\u0165ahy pod\u013ea Bo\u017eieho pr\u00e1va a z\u00e1kona. Vzpiera sa dokonca aj tomu najv\u00e4\u010d\u0161iemu z\u00e1sahu a vstupu Bo\u017eiemu do dej\u00edn sveta a do jeho vz\u0165ahov v osobe Syna Bo\u017eieho, Je\u017ei\u0161a Krista. Jeho slov\u00e1 a snahu vies\u0165 n\u00e1s novou cestou k pravde a blahoslaven\u00e9mu \u017eivotu s\u00fa neraz ozna\u010dovan\u00e9 za nerozum a \u201c<em>bl\u00e1znovstvo\u201d<\/em>. Preto tento svet, \u010di\u017ee \u010dlovek, ktor\u00fd \u017eije v zajat\u00ed otca l\u017ei je tak \u010dasto v trvalom rozpore a nap\u00e4t\u00ed so z\u00e1merom a duchom Bo\u017eej spravodlivosti a l\u00e1sky.<\/p>\n\n\n\n<p>\u00a0\u00a0 P\u00e1n Je\u017ei\u0161 poveril svoju cirkev hl\u00e1san\u00edm Jeho cesty, pravdy a l\u00e1sky. Nikto nem\u00e1 pr\u00e1vo zbavi\u0165 cirkev tejto povinnosti. Cirkev si je a m\u00e1 by\u0165 vedom\u00e1 tejto povinnosti a m\u00e1 hl\u00e1sa\u0165 v\u00f4\u013eu P\u00e1novu aj zo\u010di-vo\u010di skryt\u00fdm, alebo zjavn\u00fdm nepriate\u013eom a \u00fatokom. Cirkev P\u00e1nova a ka\u017ed\u00fd kres\u0165an v nej, stojaci v P\u00e1novej slu\u017ebe, si m\u00e1 z\u00e1rove\u0148 uvedomi\u0165, \u017ee <em>\u201cprirodzen\u00fd \u010dlovek neprij\u00edma veci Ducha Bo\u017eieho, lebo s\u00fa mu bl\u00e1znovstvom\u201d.<\/em> Takto otvorene hovor\u00ed apo\u0161tol Pavel o z\u00e1kladnom vz\u0165ahu k P\u00e1nu Bohu a o nap\u00e4t\u00ed, ktor\u00e9 tu je a existuje, ale aj bude existova\u0165 v\u017edy, a\u017e do posledn\u00fdch dn\u00ed tohoto sveta. Pod\u013ea slov P\u00edsma nemo\u017eno teda o\u010dak\u00e1va\u0165, \u017ee kres\u0165ansk\u00e1 misia bude po na konci vekov bezozbytku \u00faspe\u0161n\u00e1. Nie, na konci dn\u00ed, hovor\u00ed P\u00edsmo,<em> \u201cochladne l\u00e1ska mnoh\u00fdch\u201d.<\/em> Pozn\u00e1me\u00a0 aj mnoh\u00e9 in\u00e9 v\u00fdroky P\u00edsma, ktor\u00e9 n\u00e1s zbavuj\u00fa lacn\u00e9ho optimizmu a falo\u0161n\u00fdch n\u00e1dej\u00ed. Nie v\u0161etci \u013eudia bud\u00fa spasen\u00ed, i ke\u010f v\u0161etk\u00fdch \u013eud\u00ed chce P\u00e1n Boh spasi\u0165 a zachr\u00e1ni\u0165 pre plnos\u0165 nov\u00e9ho \u017eivota.<\/p>\n\n\n\n<p>&nbsp; &nbsp; Za tejto situ\u00e1cie je d\u00f4le\u017eit\u00e9, aby si cirkev P\u00e1nova uvedomila, \u017ee to, \u010do m\u00e1 dokazova\u0165, je najm\u00e4 vernos\u0165 a pravdivos\u0165. Hl\u00e1sa\u0165 \u201cnie m\u00fadros\u0165 tohoto sveta, ani knie\u017eat tohoto sveta, ktor\u00e9 hyn\u00fa ale m\u00fadros\u0165 Bo\u017eiu skryt\u00fa v tajomstve, ktor\u00fa Boh pred vekmi ur\u010dil n\u00e1m na sl\u00e1vu\u201d. Takto m\u00e1 dokazova\u0165 svoju prav\u00fa tv\u00e1r. Nem\u00f4\u017ee sa prisp\u00f4sobova\u0165 svetu a jeho n\u00e1lad\u00e1m a n\u00e1zorom.<\/p>\n\n\n\n<p>&nbsp; &nbsp; \u00daloha prin\u00e1\u0161a\u0165 radostn\u00fa zves\u0165 evanjelia nie je a nebude ani v bud\u00facnosti \u013eahk\u00e1. Pre mnoh\u00fdch \u013eud\u00ed je s\u00edce jeho zves\u0165 zauj\u00edmav\u00e1, ale jednoducho u\u017e neveria v n\u00e1pravu tohto stavu. Neveria, lebo si to u\u017e ani v najmen\u0161om neodk\u00e1\u017eu predstavi\u0165 svoj\u00edm rozumom a sk\u00fasenos\u0165ami, ktor\u00e9 v tomto nespravodlivom svete a stave z\u00edskali.<\/p>\n\n\n\n<p>Nedok\u00e1\u017eu si v\u00f4bec predstavi\u0165, \u017ee by mohlo existova\u0165 nie\u010do \u00faplne in\u00e9, ako je teraj\u0161\u00ed stav. \u017de by bolo pravdiv\u00e9 Bo\u017eie zas\u013e\u00fabenie: <em>\u201cAni oko nev\u00eddalo, ani ucho nesl\u00fdchalo, ani do srdca \u010dloveku nevst\u00fapilo, \u010do pripravil Boh t\u00fdm, ktor\u00ed Ho miluj\u00fa\u201d. ( v.9)\u00a0 <\/em>To, \u010do je pred nami ako Bo\u017eia bud\u00facnos\u0165 pln\u00e1 Bo\u017eieho pr\u00e1va a spravodlivosti sa mnoh\u00fdm zd\u00e1 nemo\u017en\u00e9.<\/p>\n\n\n\n<p>&nbsp;&nbsp; Bratia a sestry!<\/p>\n\n\n\n<p>&nbsp; &nbsp; Apo\u0161tol Pavel n\u00e1s svojim slovom a svedectvom chce povzbudi\u0165 vo vernosti P\u00e1nu Bohu a v odvahe viery v Bo\u017eiu bud\u00facnos\u0165. Aj on hovor\u00ed, ba priamo zd\u00f4raz\u0148uje, \u017ee \u013eudsk\u00fdm rozumom a \u013eudsk\u00fdmi mo\u017enos\u0165ami to nejde, ani nep\u00f4jde. Ale P\u00e1n Boh n\u00e1m t\u00fato bud\u00facnos\u0165 zjavil a dal pozna\u0165 skrze svojho Ducha Sv\u00e4t\u00e9ho. Ide teda o in\u00e9ho ducha, ako je duch \u010dloveka, alebo duch tohoto prevr\u00e1ten\u00e9ho sveta.<\/p>\n\n\n\n<p>\u00a0\u00a0 \u00a0 To, \u010do je v srdci, alebo v mysli \u010dloveka, to vie len on s\u00e1m. Neraz, pravda, m\u00e1me dojem, \u017ee to nevie ani samotn\u00fd \u010dlovek, \u017ee \u010dlovek vlastne nevie \u010do vlastne chce. Ale tak, ako nevid\u00edme do ducha a srdca \u010dloveka, nevid\u00edme dobre ani do hlb\u00edn Ducha Bo\u017eieho. My Bo\u017eie tajomstv\u00e1 nedok\u00e1\u017eeme pochopi\u0165 \u00faplne a bezo zbytku. Ale ako dar sme prijali v Krste sv\u00e4tom z\u00e1vdavok Ducha Bo\u017eieho, ktor\u00fdm m\u00f4\u017eeme pochopi\u0165 a pozna\u0165 mnoho z toho, \u010do Boh hovor\u00ed a kon\u00e1 dnes, i v bud\u00facnosti. To, \u010do sme od P\u00e1na boha dostali je dos\u0165 na to, aby sme poznali a vedeli, \u010doho sa n\u00e1m z Bo\u017eej milosti dostalo, \u010do je dostato\u010dn\u00e9 k poznaniu pravdy a k dosiahnutiu spasenia.<\/p>\n\n\n\n<p>\u00a0 \u00a0 \u00c1no, hovor\u00edme o tom s\u00edce nie <em>\u201cnau\u010den\u00fdmi slovami \u013eudskej m\u00fadrosti, ale slovami, ktor\u00fdm u\u010d\u00ed Duch Sv\u00e4t\u00fd\u201d. <\/em>Toto je\u00a0 z\u00e1kladn\u00fd rozpor, ktor\u00fd tu je a zost\u00e1va medzi \u013eu\u010fmi veden\u00fdmi <em>\u201cduchom sveta\u201d <\/em>a t\u00fdmi, ktor\u00ed sa d\u00e1vaj\u00fa vies\u0165 Duchu Sv\u00e4t\u00e9mu. S t\u00fdmto, s touto skuto\u010dnos\u0165ou mus\u00edme v cirkvi po\u010d\u00edta\u0165. Nemus\u00edme ma\u0165 v\u0161ak \u017eiaden \u201ckomplex menejcennosti\u201d z toho, \u017ee ver\u00edme slov\u00e1m P\u00e1na Je\u017ei\u0161a Krista, alebo apo\u0161tolsk\u00e9mu svedectvu. Nehanbime sa prija\u0165 svedectvo viery t\u00fdch, ktor\u00ed boli vo viere st\u00e1li, pevn\u00ed, vysk\u00fa\u0161an\u00ed a\u017e po t\u00fa najvy\u0161\u0161iu mieru. Tak\u00fdmi boli aj na\u0161i predkovia vo viere a iste aj mnoh\u00ed na\u0161i rodi\u010dia a star\u00ed rodi\u010dia. Dejiny na\u0161ej cirkvi a jej \u017eivot a odkaz je a m\u00f4\u017ee by\u0165 darom a in\u0161pir\u00e1ciou aj pre n\u00e1s. Nie v\u0161etko, \u010do je \u201cstar\u00e9\u201d je zl\u00e9 a netreba to vyhodi\u0165, alebo sa s trad\u00edciou na\u0161ej evanjelickej cirkvi rozl\u00fa\u010di\u0165.<\/p>\n\n\n\n<p>\u00a0\u00a0 <em>Je to podobn\u00e9, ako ke\u010f sa pozer\u00e1me na za\u017eltnut\u00fa fotografiu z minulosti svojej rodiny. Je na nej u\u017e viacero vec\u00ed nejasn\u00fdch, nevid\u00edme na nej u\u017e \u017eiadne farby, len ich slab\u00e9 odtiene, ale to z\u00e1kladn\u00e9 tu zost\u00e1va. Bolo by hriechom a \u0161kodou fotografiu zahodi\u0165 len preto, \u017ee nepripom\u00edna mno\u017estvo v\u0161elijak\u00fdch dne\u0161n\u00fdch obrazov, a reklamy v svietiv\u00fdch, neraz priam \u201cdivok\u00fdch\u201d farb\u00e1ch, ale \u010dasto im\u00a0 ch\u00fdba pr\u00e1ve to podstatn\u00e9: h\u013abka obsahu a duch.<\/em><\/p>\n\n\n\n<p>&nbsp;<em> &nbsp; \u201cMy v\u0161ak myse\u013e Kristovu m\u00e1me\u201d &#8211; <\/em>hovor\u00ed apo\u0161tol o sebe a in\u00fdch veriacich z prvej gener\u00e1cie kres\u0165anov. Kie\u017e by sme to mohli v\u017edy poveda\u0165 aj o sebe, o n\u00e1s a na\u0161ej cirkvi, napriek v\u0161etk\u00fdm n\u00e1zorom <em>\u201cprirodzen\u00fdch \u013eud\u00ed\u201d<\/em>, napriek ich nevra\u017eivosti a neochoty prij\u00edma\u0165 Bo\u017eiu re\u0161tit\u00faciu dne\u0161n\u00e9ho stavu \u010dloveka a sveta. Nedajme sa un\u00e1\u0161a\u0165 pr\u00fadmi dne\u0161nej konzumnej a zmaterializovanej spolo\u010dnosti, ktor\u00e1 sa tv\u00e1ri ako by zjedla v\u0161etku m\u00fadros\u0165 sveta, ale svojimi skutkami ohrozuje svoju vlastn\u00fa slobodu, \u017eivot a bud\u00facnos\u0165.<\/p>\n\n\n\n<p>&nbsp;&nbsp; Nepoh\u0155dajme darmi Ducha Sv\u00e4t\u00e9ho. Ak sme pri Krste sv\u00e4tom prijali z\u00e1vdavok tohoto daru, neop\u00fa\u0161\u0165ajme miesta, kde On p\u00f4sob\u00ed aj dnes. Ako hovor\u00ed apo\u0161tol v liste \u017didom: <em>\u201cNeop\u00fa\u0161\u0165ajme spolo\u010dn\u00e9 zhroma\u017edenia, ako niektor\u00ed maj\u00fa vo zvyku\u201d. <\/em>Neop\u00fa\u0161\u0165ajme slovo Bo\u017eie a sviatosti.<em> \u201cDucha neuh\u00e1\u0161ajme, proroctvami nepoh\u0155dajme, v\u0161etko sk\u00famajme a dobr\u00e9ho sa dr\u017eme\u201d, hovor\u00ed apo\u0161tol Pavel&nbsp;(1 Tes 5,19-21<\/em>), aby sme s\u00fa\u010dasne neodmietli to najvz\u00e1cnej\u0161ie, <em>\u201c\u010do do srdca \u010dloveka nevst\u00fapilo a \u010do pripravil Boh t\u00fdm, ktor\u00ed Ho miluj\u00fa\u201d. Amen<\/em><\/p>\n\n\n\n<p><em>&nbsp;&nbsp; &nbsp; &nbsp; &nbsp; &nbsp; &nbsp; <\/em><em>12.nede\u013ea po Sv\u00e4tej Trojici&nbsp; &#8211; 97\/2022&nbsp; &#8211; Mgr.\u013dubom\u00edr Batka st.<\/em><\/p>\n","protected":false},"excerpt":{"rendered":"<p>&nbsp; &nbsp; &nbsp; &nbsp; &nbsp; &nbsp; &nbsp; &nbsp; Bo\u017eia re\u0161tit\u00facia D\u00fafame, Bo\u017ee,n\u00e1\u0161 Pane mil\u00fd,vykona\u0165 mnohoke\u010f d\u00e1\u0161 Ty sily,zvl\u00e1da\u0165 i svet, \u010doza hriechom tiahne,tak mocou Duchazv\u00ed\u0165azi\u0165 sl\u00e1vne.\u00a0 Amen (M.R.) 1 K&nbsp; 2, 2 &#8211; 16: \u201cLebo som si umienil ni\u010d in\u00e9ho nevedie\u0165 medzi vami, jedine Je\u017ei\u0161a Krista, a to toho ukri\u017eovan\u00e9ho. (3) Aj ja som bol &#8230; <a title=\"Bo\u017eia re\u0161tit\u00facia\" class=\"read-more\" href=\"https:\/\/www.e-anjelik.sk\/index.php\/2022\/09\/11\/bozia-restitucia\/\" aria-label=\"Pre\u010d\u00edtajte si viac o Bo\u017eia re\u0161tit\u00facia\">\u010c\u00edta\u0165 viac<\/a><\/p>\n","protected":false},"author":4,"featured_media":0,"comment_status":"open","ping_status":"open","sticky":false,"template":"","format":"standard","meta":{"footnotes":""},"categories":[620,121,118,95],"tags":[],"class_list":["post-35649","post","type-post","status-publish","format-standard","hentry","category-12-nedela-po-svatej-trojici","category-kazne","category-myjava","category-sobotiste"],"_links":{"self":[{"href":"https:\/\/www.e-anjelik.sk\/index.php\/wp-json\/wp\/v2\/posts\/35649","targetHints":{"allow":["GET"]}}],"collection":[{"href":"https:\/\/www.e-anjelik.sk\/index.php\/wp-json\/wp\/v2\/posts"}],"about":[{"href":"https:\/\/www.e-anjelik.sk\/index.php\/wp-json\/wp\/v2\/types\/post"}],"author":[{"embeddable":true,"href":"https:\/\/www.e-anjelik.sk\/index.php\/wp-json\/wp\/v2\/users\/4"}],"replies":[{"embeddable":true,"href":"https:\/\/www.e-anjelik.sk\/index.php\/wp-json\/wp\/v2\/comments?post=35649"}],"version-history":[{"count":4,"href":"https:\/\/www.e-anjelik.sk\/index.php\/wp-json\/wp\/v2\/posts\/35649\/revisions"}],"predecessor-version":[{"id":36965,"href":"https:\/\/www.e-anjelik.sk\/index.php\/wp-json\/wp\/v2\/posts\/35649\/revisions\/36965"}],"wp:attachment":[{"href":"https:\/\/www.e-anjelik.sk\/index.php\/wp-json\/wp\/v2\/media?parent=35649"}],"wp:term":[{"taxonomy":"category","embeddable":true,"href":"https:\/\/www.e-anjelik.sk\/index.php\/wp-json\/wp\/v2\/categories?post=35649"},{"taxonomy":"post_tag","embeddable":true,"href":"https:\/\/www.e-anjelik.sk\/index.php\/wp-json\/wp\/v2\/tags?post=35649"}],"curies":[{"name":"wp","href":"https:\/\/api.w.org\/{rel}","templated":true}]}}