{"id":35666,"date":"2022-10-07T20:28:22","date_gmt":"2022-10-07T18:28:22","guid":{"rendered":"https:\/\/e-anjelik.sk\/?p=35666"},"modified":"2022-10-07T20:28:22","modified_gmt":"2022-10-07T18:28:22","slug":"maria-royova-hlad-na-breh","status":"publish","type":"post","link":"https:\/\/www.e-anjelik.sk\/index.php\/2022\/10\/07\/maria-royova-hlad-na-breh\/","title":{"rendered":"M\u00e1ria Royov\u00e1 \u2014 H\u013ea\u010f na breh!"},"content":{"rendered":"\n<p>H\u013ea\u010f na breh, mraky ke\u010f obzor kalia,<br>ke\u010f div\u00e9 vlny z hlb\u00edn sa valia,<br>ponad priepasti ke\u010f nutno kr\u00e1\u010da\u0165,<br>slzami \u017eia\u013eu krok ka\u017ed\u00fd zm\u00e1\u010da\u0165.<br>H\u013ea\u010f na breh, na breh! Tam zem je nov\u00e1 ;<br>slzy v nej zotrie ruka Otcova.<br><br>H\u013ea\u010f na breh, hrozn\u00fd ke\u010f ohlas boja<br>po\u010duje\u0161, c\u00edti\u0161, \u00f3, du\u0161a moja;<br>diel rachot temn\u00fd ke\u010f sa oz\u00fdva<br>a svetom let\u00ed skaza stra\u0161liv\u00e1.<br>H\u013ea\u010f na breh, na breh, tam zem je nov\u00e1,<br>pokoj v nej d\u00e1 ti milos\u0165 Otcova!<br><br>H\u013ea\u010f na breh, mil\u00fdch ke\u010f smr\u0165 si vzala,<br>ke\u010f Getsemane za podiel dala,<br>blesk blaha nav\u017edy ke\u010f je zhasnut\u00fd,<br>tak teskno, pusto na \u017eitia p\u00fati \u2014<br>h\u013ea\u010f na breh, na breh! Tam zem je nov\u00e1<br>mil\u00fdch v nej vr\u00e1ti ruka Otcova!<\/p>\n\n\n\n<p><em>(1914)<\/em><\/p>\n","protected":false},"excerpt":{"rendered":"<p>H\u013ea\u010f na breh, mraky ke\u010f obzor kalia,ke\u010f div\u00e9 vlny z hlb\u00edn sa valia,ponad priepasti ke\u010f nutno kr\u00e1\u010da\u0165,slzami \u017eia\u013eu krok ka\u017ed\u00fd zm\u00e1\u010da\u0165.H\u013ea\u010f na breh, na breh! Tam zem je nov\u00e1 ;slzy v nej zotrie ruka Otcova. H\u013ea\u010f na breh, hrozn\u00fd ke\u010f ohlas bojapo\u010duje\u0161, c\u00edti\u0161, \u00f3, du\u0161a moja;diel rachot temn\u00fd ke\u010f sa oz\u00fdvaa svetom let\u00ed skaza stra\u0161liv\u00e1.H\u013ea\u010f &#8230; <a title=\"M\u00e1ria Royov\u00e1 \u2014 H\u013ea\u010f na breh!\" class=\"read-more\" href=\"https:\/\/www.e-anjelik.sk\/index.php\/2022\/10\/07\/maria-royova-hlad-na-breh\/\" aria-label=\"Pre\u010d\u00edtajte si viac o M\u00e1ria Royov\u00e1 \u2014 H\u013ea\u010f na breh!\">\u010c\u00edta\u0165 viac<\/a><\/p>\n","protected":false},"author":3,"featured_media":0,"comment_status":"open","ping_status":"open","sticky":false,"template":"","format":"standard","meta":{"footnotes":""},"categories":[165],"tags":[],"class_list":["post-35666","post","type-post","status-publish","format-standard","hentry","category-poezia-2"],"_links":{"self":[{"href":"https:\/\/www.e-anjelik.sk\/index.php\/wp-json\/wp\/v2\/posts\/35666","targetHints":{"allow":["GET"]}}],"collection":[{"href":"https:\/\/www.e-anjelik.sk\/index.php\/wp-json\/wp\/v2\/posts"}],"about":[{"href":"https:\/\/www.e-anjelik.sk\/index.php\/wp-json\/wp\/v2\/types\/post"}],"author":[{"embeddable":true,"href":"https:\/\/www.e-anjelik.sk\/index.php\/wp-json\/wp\/v2\/users\/3"}],"replies":[{"embeddable":true,"href":"https:\/\/www.e-anjelik.sk\/index.php\/wp-json\/wp\/v2\/comments?post=35666"}],"version-history":[{"count":1,"href":"https:\/\/www.e-anjelik.sk\/index.php\/wp-json\/wp\/v2\/posts\/35666\/revisions"}],"predecessor-version":[{"id":35668,"href":"https:\/\/www.e-anjelik.sk\/index.php\/wp-json\/wp\/v2\/posts\/35666\/revisions\/35668"}],"wp:attachment":[{"href":"https:\/\/www.e-anjelik.sk\/index.php\/wp-json\/wp\/v2\/media?parent=35666"}],"wp:term":[{"taxonomy":"category","embeddable":true,"href":"https:\/\/www.e-anjelik.sk\/index.php\/wp-json\/wp\/v2\/categories?post=35666"},{"taxonomy":"post_tag","embeddable":true,"href":"https:\/\/www.e-anjelik.sk\/index.php\/wp-json\/wp\/v2\/tags?post=35666"}],"curies":[{"name":"wp","href":"https:\/\/api.w.org\/{rel}","templated":true}]}}