{"id":3567,"date":"2011-05-26T09:33:42","date_gmt":"2011-05-26T09:33:42","guid":{"rendered":"http:\/\/e-anjelik.sk\/?p=3567"},"modified":"2011-05-26T09:33:42","modified_gmt":"2011-05-26T09:33:42","slug":"20-rokov-od-obnovy-zdruzenia-diakonis-febe-v-madarsku","status":"publish","type":"post","link":"https:\/\/www.e-anjelik.sk\/index.php\/2011\/05\/26\/20-rokov-od-obnovy-zdruzenia-diakonis-febe-v-madarsku\/","title":{"rendered":"20 rokov od obnovy Zdru\u017eenia diakon\u00eds F\u00e9b\u00e9 v Ma\u010farsku"},"content":{"rendered":"<p>V nede\u013eu 22. m&aacute;ja t.r. sa v cirkevnom zbore v Budape&scaron;ti, Hegyvid&eacute;k konbal tret&iacute; celokrajinsk&yacute; de\u0148 Zdru\u017eenia diakon&iacute;s F&eacute;be. Na sl&aacute;vnostn&yacute;ch slu\u017eb&aacute;ch Bo\u017e&iacute;ch k&aacute;zal predsedaj&uacute;ci biskup G&aacute;ncs P&eacute;ter. Za z&aacute;klad k&aacute;zne si vzal 20. \u017ealm. Na \u0148om pouk&aacute;zal, \u017ee je to prosebn&yacute; \u017ealm o v&iacute;\u0165azstvo. Aj n&aacute;m treba pozna\u0165, \u017ee z mnoh&yacute;ch h\u013ead&iacute;sk n&aacute;m hroz&iacute; strata &#8211; n&aacute;&scaron;mu kres\u0165anstvu, cirkvi, spolo\u010denstv&aacute;m, cirkevn&yacute;m zborom i zdru\u017eeniam. Je nutn&eacute; spozna\u0165 re&aacute;lny stav a vykro\u010di\u0165 vpred tak, aby hrozba straty pominula. 8. ver&scaron; poukazuje, \u017ee na to nesta\u010dia iba prostriedky, ale hlavne vz\u0165ah a spoliehanie sa na Boha. Po Ve\u010deri P&aacute;novej bola kr&aacute;tka prest&aacute;vka. Po nej sa pr&iacute;tomnn&iacute; mohli obozn&aacute;mi\u0165 s minulos\u0165ou a s&uacute;\u010dasnos\u0165ou Zdru\u017eenia.<\/p>\n<p>Zdru\u017eenie diakon&iacute;s F&eacute;be bolo zalo\u017een&eacute; roku 1924. Pracovali v \u0148om v slu\u017ebe trpiacim zasv&auml;ten&eacute; mlad&eacute; \u017eeny &#8211; diakonisy a\u017e do ich z&aacute;kazu a rozpustenia komunistami v roku 1951. Vtedy malo Zdru\u017eenie do 200 diakon&iacute;s. Dnes m&aacute; Zdru\u017eenie matersk&yacute; domov a kaplnku v Budape&scaron;ti,H\u0171v&ouml;sv&ouml;lgyi &uacute;t 193. Rovnako v Budape&scaron;ti na Bodn&aacute;rovej ulici 29 a na Maros utca 25 prev&aacute;dzkuje domovy pre &scaron;tudentky &#8211; vysoko&scaron;kol&aacute;\u010dky. V hor&aacute;ch Matry v obci Bagolyirt&aacute;s v r. 1994 postavili rekrea\u010dn&yacute; dom pre letn&eacute; pobyty mlad&yacute;ch z cirkevn&yacute;ch zborov. Zariadenie nesie n&aacute;zov Nazaret. V pili&scaron;sk&yacute;ch hor&aacute;ch v Pili&scaron;skej \u010cabe je zariadenie Silo pre trval&yacute; pobyt telesne postihnut&yacute;ch. Pre nich poskytuje duchovn&uacute; i telesn&uacute; rehabilit&aacute;ciu. V podkrov&iacute; je 6 dvojl&ocirc;\u017ekov&yacute;ch izieb s mo\u017enos\u0165ou pobytu i stravy pre host&iacute;.&nbsp;<\/p>\n<p>church.lutheran.hu\/febe; <a href=\"http:\/\/www.evangelikus.hu\">www.evangelikus.hu<\/a><\/p>\n","protected":false},"excerpt":{"rendered":"<p>V nede\u013eu 22. m&aacute;ja t.r. sa v cirkevnom zbore v Budape&scaron;ti, Hegyvid&eacute;k konbal tret&iacute; celokrajinsk&yacute; de\u0148 Zdru\u017eenia diakon&iacute;s F&eacute;be. Na sl&aacute;vnostn&yacute;ch slu\u017eb&aacute;ch Bo\u017e&iacute;ch k&aacute;zal predsedaj&uacute;ci biskup G&aacute;ncs P&eacute;ter. Za z&aacute;klad k&aacute;zne si vzal 20. \u017ealm. Na \u0148om pouk&aacute;zal, \u017ee je to prosebn&yacute; \u017ealm o v&iacute;\u0165azstvo. Aj n&aacute;m treba pozna\u0165, \u017ee z mnoh&yacute;ch h\u013ead&iacute;sk n&aacute;m hroz&iacute; &#8230; <a title=\"20 rokov od obnovy Zdru\u017eenia diakon\u00eds F\u00e9b\u00e9 v Ma\u010farsku\" class=\"read-more\" href=\"https:\/\/www.e-anjelik.sk\/index.php\/2011\/05\/26\/20-rokov-od-obnovy-zdruzenia-diakonis-febe-v-madarsku\/\" aria-label=\"Pre\u010d\u00edtajte si viac o 20 rokov od obnovy Zdru\u017eenia diakon\u00eds F\u00e9b\u00e9 v Ma\u010farsku\">\u010c\u00edta\u0165 viac<\/a><\/p>\n","protected":false},"author":22,"featured_media":0,"comment_status":"open","ping_status":"open","sticky":false,"template":"","format":"standard","meta":{"footnotes":""},"categories":[1],"tags":[221,234],"class_list":["post-3567","post","type-post","status-publish","format-standard","hentry","category-adventna-modlitba","tag-diakonia","tag-zdruzenia-a-skupiny"],"_links":{"self":[{"href":"https:\/\/www.e-anjelik.sk\/index.php\/wp-json\/wp\/v2\/posts\/3567","targetHints":{"allow":["GET"]}}],"collection":[{"href":"https:\/\/www.e-anjelik.sk\/index.php\/wp-json\/wp\/v2\/posts"}],"about":[{"href":"https:\/\/www.e-anjelik.sk\/index.php\/wp-json\/wp\/v2\/types\/post"}],"author":[{"embeddable":true,"href":"https:\/\/www.e-anjelik.sk\/index.php\/wp-json\/wp\/v2\/users\/22"}],"replies":[{"embeddable":true,"href":"https:\/\/www.e-anjelik.sk\/index.php\/wp-json\/wp\/v2\/comments?post=3567"}],"version-history":[{"count":0,"href":"https:\/\/www.e-anjelik.sk\/index.php\/wp-json\/wp\/v2\/posts\/3567\/revisions"}],"wp:attachment":[{"href":"https:\/\/www.e-anjelik.sk\/index.php\/wp-json\/wp\/v2\/media?parent=3567"}],"wp:term":[{"taxonomy":"category","embeddable":true,"href":"https:\/\/www.e-anjelik.sk\/index.php\/wp-json\/wp\/v2\/categories?post=3567"},{"taxonomy":"post_tag","embeddable":true,"href":"https:\/\/www.e-anjelik.sk\/index.php\/wp-json\/wp\/v2\/tags?post=3567"}],"curies":[{"name":"wp","href":"https:\/\/api.w.org\/{rel}","templated":true}]}}