{"id":35670,"date":"2022-11-02T00:08:00","date_gmt":"2022-11-01T23:08:00","guid":{"rendered":"https:\/\/e-anjelik.sk\/?p=35670"},"modified":"2022-10-16T17:15:51","modified_gmt":"2022-10-16T15:15:51","slug":"rehor-uram-podtatransky-dva-hroby","status":"publish","type":"post","link":"https:\/\/www.e-anjelik.sk\/index.php\/2022\/11\/02\/rehor-uram-podtatransky-dva-hroby\/","title":{"rendered":"Rehor Uram Podtatransk\u00fd \u2014 Dva hroby"},"content":{"rendered":"\n<p>Slnca l\u00fa\u010de hrav\u00e9<br>zapadali, hasli pr\u00e1ve,<br>ke\u010f som vst\u00fapil v&nbsp;z\u00e1hradu pokoja, \u2014<br>kde sa t\u00fa\u017eby du\u0161e u\u017e ukoja; \u2014<br>a kde klesne ubolen\u00e1 hlava, \u2014<br>kde b\u00f4\u013e hynie a&nbsp;spo\u010din nast\u00e1va,<br>a kde m\u0155tve tel\u00e1<br>t\u00ed\u0161ko spia, ke\u010f du\u0161a odletela! \u2014<\/p>\n\n\n\n<p>Noci z\u00e1voj tmav\u00fd<br>povrch zeme i&nbsp;h\u00f4r hlavy<br>zap\u00e1lil u\u017e; \u2014<em> <\/em>mesiac za mrakami<br>\u010dupel t\u00ed\u0161ko s&nbsp;tis\u00edcmi hviezdami,<br>jakby \u0161\u00edpil: okolo polnoci<br>\u017ee d\u013ea danej z&nbsp;v\u00fd\u0161in neba moci,<br>v tmav\u00fa no\u010dn\u00fa dobu<br>vstan\u00fa m\u0155tve tel\u00e1 z&nbsp;hrobu. \u2014<\/p>\n\n\n\n<p>U&nbsp;n\u00f4h mojich le\u017e\u00ed<br>jeden d\u00e1vny, druh\u00fd svie\u017ei<br>kopec hrobu. \u2014<em> <\/em>Tento kvetinami,<br>vencom skvostn\u00fdm, \u010diernymi stuhami<br>ozdoben\u00fd, \u2014<em> <\/em>ale tamten pust\u00fd;<br>pokr\u00fdva ho len mach \u017elt\u00fd, hust\u00fd,<br>bo sn\u00e1\u010f du\u0161a mil\u00e1 . . .<br>nie viac v&nbsp;svete, by ho ozdobila. \u2014<br><br>V&nbsp;d\u00e1vnom hrobe kosti<br>le\u017eia otca, \u2014<em> <\/em>a&nbsp;v&nbsp;bl\u00edzkosti<br>umiestnili syna m\u0155tve telo,<br>aby ono stlelo, spr\u00e1chnivelo<br>pri tom, \u010do bol z&nbsp;krvi jeho<br>a kos\u0165 z&nbsp;kosti, \u2014 syna jedin\u00e9ho<br>by mal otec dolu<br>a po smrti le\u017eali si spolu!<\/p>\n\n\n\n<p>Zahu\u010dal zvon, \u2014<br>zat\u00edchnul zhon, \u2014<br>st\u00edchla vrava, st\u00edchol \u0161um, \u2014<br>pri\u0161la doba desn\u00fdch d\u00fam. \u2014<br>Zatriasli sa chladn\u00e9 rovy, \u2014<br>v nich povst\u00e1va \u017eivot nov\u00fd, \u2014<br>kostry m\u00e4sa pozbaven\u00e9<br>zdv\u00edhaj\u00fa sa z&nbsp;chladnej zeme. \u2014<br>Zahrkoc\u00fa hol\u00e9 \u00fady,<br>sprosten\u00e9 s\u00fac vlhkej hrudy<br>a druhovi vo bl\u00edzkosti<br>pod\u00e1va druh chladn\u00e9 kosti!<\/p>\n\n\n\n<p>\u201eA&nbsp;ty kto si? \u2014 riekne otec dumne. \u2014<br>\u010co si \u013eahnul v&nbsp;chladn\u00fa hrudu ku mne?<br>\u010ci to schv\u00e1lne a&nbsp;\u010di proti v\u00f4li<br>\u00fady tvoje zlo\u017een\u00e9 sem boli?\u201c<br>\u201eJa som tvoj syn! \u2014 odpoved\u00e1 tento, \u2014<br>Za \u017eivota \u017eiadal som si len to,<br>aby moje bezdu\u0161n\u00e9 u\u017e telo<br>pri otcovom boku pr\u00e1chnivelo!\u201c<br>\u201eTy \u017ees\u2018 m\u00f4j syn? \u2014 Ach, ja nem\u00e1m syna!<br>Mal som ho, \u2014 le\u017e ve\u013ek\u00e1 vina<br>od srdca ho strhla otcovsk\u00e9ho<br>a na hlavu kliatbu vniesla jeho! \u2014<br>Ja som \u013e\u00fabil n\u00e1rod svoj \u00faboh\u00fd, \u2014<br>obetova\u0165 za\u0148 bol som hotov\u00fd<br>manie svoje i&nbsp;svoj \u017eivot cel\u00fd, \u2014<br>z\u00e1chvev du\u0161e, pocit srdca vrel\u00fd, \u2014<br>za\u0148 som trpel v&nbsp;tmavom i&nbsp;\u017eal\u00e1ri,<br>za\u010d op\u013euval svet do mojej tv\u00e1ri,<br>no, ja trpel v\u010fa\u010dne som i&nbsp;hany<br>a chl\u00fabil sa b\u00f4\u013enom i&nbsp;ranami;<br>ve\u010f som trpel, ako syn vern\u00fd rodu<br>za pr\u00e1vo a&nbsp;jeho za slobodu; \u2014<br>ach, a&nbsp;m\u00f4j syn zradil otca, n\u00e1rod;<br>vyrval z&nbsp;du\u0161e rodo\u013eubstva z\u00e1rod,<br>ktor\u00fd v\u0161tepil som do srdca jeho<br>v \u00fatlej mladi veku detinsk\u00e9ho!<br>Zaprel p\u00f4vod, zhanil otca meno,<br>ktor\u00e9 b\u00f4\u013eom bolo posv\u00e4teno; \u2014<br>vst\u00fapil v&nbsp;rodu nepriate\u013eov \u010daty, \u2014<br>na svoj n\u00e1rod uplietol bi\u010d k\u013eat\u00fd,<br>a zad\u00e1val mu v\u017edy nov\u00e9 rany; \u2014<br>na pamiatku otca kydal hany,<br>a kone\u010dne . . .<br>\u201eAch odpus\u0165, ot\u010de mil\u00fd!\u201c<br>\u201eNezn\u00e1m teba! \u2014 Du\u0161a moja kv\u00edli,<br>ke\u010f to rieknem, \u2014 ale tvoje \u010diny<br>nezma\u017e\u00fa ni hrobu priehlbiny:<br>bo kto zrad\u00ed vlastn\u00fa krv,<br>je len biedny zeme \u010drv!<br>Ke\u010f sa zmieri\u0161 s&nbsp;Hospodinom,<br>bude\u0161 zase mojim synom!!\u201c <\/p>\n\n\n\n<p>A&nbsp;v&nbsp;tom jedna udrela hodina,<br>a hrob chladn\u00fd prijal otca, syna!<\/p>\n","protected":false},"excerpt":{"rendered":"<p>Slnca l\u00fa\u010de hrav\u00e9zapadali, hasli pr\u00e1ve,ke\u010f som vst\u00fapil v&nbsp;z\u00e1hradu pokoja, \u2014kde sa t\u00fa\u017eby du\u0161e u\u017e ukoja; \u2014a kde klesne ubolen\u00e1 hlava, \u2014kde b\u00f4\u013e hynie a&nbsp;spo\u010din nast\u00e1va,a kde m\u0155tve tel\u00e1t\u00ed\u0161ko spia, ke\u010f du\u0161a odletela! \u2014 Noci z\u00e1voj tmav\u00fdpovrch zeme i&nbsp;h\u00f4r hlavyzap\u00e1lil u\u017e; \u2014 mesiac za mrakami\u010dupel t\u00ed\u0161ko s&nbsp;tis\u00edcmi hviezdami,jakby \u0161\u00edpil: okolo polnoci\u017ee d\u013ea danej z&nbsp;v\u00fd\u0161in neba moci,v &#8230; <a title=\"Rehor Uram Podtatransk\u00fd \u2014 Dva hroby\" class=\"read-more\" href=\"https:\/\/www.e-anjelik.sk\/index.php\/2022\/11\/02\/rehor-uram-podtatransky-dva-hroby\/\" aria-label=\"Pre\u010d\u00edtajte si viac o Rehor Uram Podtatransk\u00fd \u2014 Dva hroby\">\u010c\u00edta\u0165 viac<\/a><\/p>\n","protected":false},"author":3,"featured_media":0,"comment_status":"open","ping_status":"open","sticky":false,"template":"","format":"standard","meta":{"footnotes":""},"categories":[281,165],"tags":[],"class_list":["post-35670","post","type-post","status-publish","format-standard","hentry","category-pamiatka-zosnulych","category-poezia-2"],"_links":{"self":[{"href":"https:\/\/www.e-anjelik.sk\/index.php\/wp-json\/wp\/v2\/posts\/35670","targetHints":{"allow":["GET"]}}],"collection":[{"href":"https:\/\/www.e-anjelik.sk\/index.php\/wp-json\/wp\/v2\/posts"}],"about":[{"href":"https:\/\/www.e-anjelik.sk\/index.php\/wp-json\/wp\/v2\/types\/post"}],"author":[{"embeddable":true,"href":"https:\/\/www.e-anjelik.sk\/index.php\/wp-json\/wp\/v2\/users\/3"}],"replies":[{"embeddable":true,"href":"https:\/\/www.e-anjelik.sk\/index.php\/wp-json\/wp\/v2\/comments?post=35670"}],"version-history":[{"count":2,"href":"https:\/\/www.e-anjelik.sk\/index.php\/wp-json\/wp\/v2\/posts\/35670\/revisions"}],"predecessor-version":[{"id":35679,"href":"https:\/\/www.e-anjelik.sk\/index.php\/wp-json\/wp\/v2\/posts\/35670\/revisions\/35679"}],"wp:attachment":[{"href":"https:\/\/www.e-anjelik.sk\/index.php\/wp-json\/wp\/v2\/media?parent=35670"}],"wp:term":[{"taxonomy":"category","embeddable":true,"href":"https:\/\/www.e-anjelik.sk\/index.php\/wp-json\/wp\/v2\/categories?post=35670"},{"taxonomy":"post_tag","embeddable":true,"href":"https:\/\/www.e-anjelik.sk\/index.php\/wp-json\/wp\/v2\/tags?post=35670"}],"curies":[{"name":"wp","href":"https:\/\/api.w.org\/{rel}","templated":true}]}}