{"id":3570,"date":"2011-05-26T20:43:58","date_gmt":"2011-05-26T20:43:58","guid":{"rendered":"http:\/\/e-anjelik.sk\/?p=3570"},"modified":"2011-05-26T20:43:58","modified_gmt":"2011-05-26T20:43:58","slug":"prehodnotenie-hodnot","status":"publish","type":"post","link":"https:\/\/www.e-anjelik.sk\/index.php\/2011\/05\/26\/prehodnotenie-hodnot\/","title":{"rendered":"Prehodnotenie hodn\u00f4t"},"content":{"rendered":"<p>&nbsp;<span class=\"Apple-style-span\" style=\"font-family: Helvetica; line-height: normal; font-size: 18px; \"><b>&nbsp;&nbsp; &nbsp; &nbsp; &nbsp; &nbsp; &nbsp; &nbsp; &nbsp; &nbsp; &nbsp; &nbsp; &nbsp; &nbsp; &nbsp; &nbsp; &nbsp; &nbsp; Prehodnotenie hodn&ocirc;t&nbsp;<\/b><\/span><\/p>\n<p style=\"margin: 0.0px 0.0px 0.0px 0.0px; font: 18.0px Helvetica; min-height: 22.0px\">&nbsp;<\/p>\n<p style=\"margin: 0.0px 0.0px 0.0px 0.0px; font: 18.0px Helvetica\"><span style=\"letter-spacing: 0.0px\"><b>Lk 19,5:<\/b> &rdquo;<i>Ke\u010f Je\u017ei&scaron; pri&scaron;iel na to miesto, pozrel na neho a povedal mu: Zacheus, zost&uacute;p r&yacute;chlo, lebo v tvojom dome mus&iacute;m dnes zosta\u0165&rdquo;. Amen.<\/i><\/span><\/p>\n<p style=\"margin: 0.0px 0.0px 0.0px 0.0px; font: 18.0px Helvetica; min-height: 22.0px\"><span style=\"letter-spacing: 0.0px\">&nbsp;&nbsp; &nbsp; &nbsp;<\/span><\/p>\n<p style=\"margin: 0.0px 0.0px 0.0px 0.0px; font: 18.0px Helvetica\"><span style=\"letter-spacing: 0.0px\">&nbsp; &nbsp; &nbsp; Bratia a sestry v P&aacute;novi!<\/span><\/p>\n<p style=\"margin: 0.0px 0.0px 0.0px 0.0px; font: 18.0px Helvetica; min-height: 22.0px\"><span style=\"letter-spacing: 0.0px\">&nbsp;&nbsp; &nbsp; &nbsp;<\/span><\/p>\n<p style=\"margin: 0.0px 0.0px 0.0px 0.0px; font: 18.0px Helvetica\"><span style=\"letter-spacing: 0.0px\">&nbsp; &nbsp; &nbsp; Pred p&aacute;r d\u0148ami na ceste zo &scaron;koly som celkom n&aacute;hodne vypo\u010dul rozhovor dvoch star&scaron;&iacute;ch evanjelick&yacute;ch Bo\u017e&iacute;ch det&iacute;. T&yacute;kal sa modlitby. Z&aacute;kladom rozhovoru bola, posledn&aacute; \/t.\u010d.\/ telev&iacute;zna rel&aacute;cia: Modr&eacute; z neba. Hoci nesie v n&aacute;zove slovo nebo, nie je to prim&aacute;rne n&aacute;bo\u017eensk&aacute; rel&aacute;cia. Jej posledn&yacute; pr&iacute;beh hovoril o \u0165a\u017ekom polo\u017een&iacute; jednej mladej rodiny, v ktorej kr&aacute;tko po uzavret&iacute; man\u017eelstva, v radostnom o\u010dak&aacute;van&iacute; n&aacute;dejn&eacute;ho potomstva, pri&scaron;iel \u0165a\u017ek&yacute; kr&iacute;\u017e a &scaron;ok. Asi v tre\u0165om mesiaci tehotenstva, mlad&aacute; man\u017eelka po predch&aacute;dzaj&uacute;cej mozgovej pr&iacute;hode upadla do k&oacute;my a lek&aacute;ri stratili n&aacute;dej na jej uzdravenie. Usilovali sa len o to, aby plod ostal nepo&scaron;koden&yacute; a aby sa mohlo narodi\u0165 a \u017ei\u0165 aspo\u0148 die\u0165atko. Rodina, najm&auml; sestra a teta mladej man\u017eelky boli veriace r.katol&iacute;\u010dky a ich t&uacute;\u017ebou bolo, aby by sa mohli &iacute;s\u0165 modli\u0165 do Vatik&aacute;nu v o\u010dak&aacute;van&iacute; z&aacute;zraku. Modr&eacute; z neba im t&uacute;\u017ebu splnilo a zrealizovalo.&nbsp;<\/span><\/p>\n<p style=\"margin: 0.0px 0.0px 0.0px 0.0px; font: 18.0px Helvetica\"><span style=\"letter-spacing: 0.0px\">&nbsp;&nbsp; &nbsp; Spom&iacute;nan&yacute; rozhovor ma zaujal v&scaron;ak t&yacute;m ( rel&aacute;ciu som aj ja sledoval), \u017ee dve evanjelick&eacute; deti, z rod&iacute;n n&aacute;bo\u017eensky sk&ocirc;r vla\u017en&yacute;ch, sa rozpl&yacute;vali nad t&yacute;m, ako sa tie dve \u017eeny modlili o z&aacute;zrak k neboh&eacute;mu p&aacute;pe\u017eovi J&aacute;novi Pavlovi II. pri jeho hrobe. Vn&iacute;mali to priam ako vzor kres\u0165anskej viery.<\/span><\/p>\n<p style=\"margin: 0.0px 0.0px 0.0px 0.0px; font: 18.0px Helvetica; min-height: 22.0px\"><span style=\"letter-spacing: 0.0px\">&nbsp; &nbsp; &nbsp;<\/span><\/p>\n<p style=\"margin: 0.0px 0.0px 0.0px 0.0px; font: 18.0px Helvetica\"><span style=\"letter-spacing: 0.0px\">&nbsp; &nbsp; Uvedomil som si in&uacute; trag&eacute;diu mnoh&yacute;ch evanjelick&yacute;ch kres\u0165ansk&yacute;ch rod&iacute;n. Toti\u017e, \u017ee na jednej strane sa mnoh&iacute; d&aacute;vno modli\u0165 prestali a na druhej strane obdivuj&uacute; modlitbu ako uctievanie \u010dloveka!&nbsp; Modli\u0165 sa &#8211; k teraz u\u017e s&iacute;ce tzv. blahoslavn&eacute;mu &#8211; ale predsa len \u010dloveku, je sk&ocirc;r degrad&aacute;cia modlitby a samotnej kres\u0165anskej viery, ako d&ocirc;vod obdivu a pozornosti. Ak sa toto medzi nami deje, tak sa na&scaron;i reforma\u010dn&iacute; otcovia musia &rdquo;v hrobe obraca\u0165&rdquo;.&nbsp; &nbsp; &nbsp; &nbsp; &nbsp; &nbsp; &nbsp; &nbsp; &nbsp;<\/span><\/p>\n<p style=\"margin: 0.0px 0.0px 0.0px 0.0px; font: 18.0px Helvetica\"><span style=\"letter-spacing: 0.0px\">&nbsp; &nbsp; &nbsp; <\/span><\/p>\n<p style=\"margin: 0.0px 0.0px 0.0px 0.0px; font: 18.0px Helvetica\"><span style=\"letter-spacing: 0.0px\">&nbsp;&nbsp; &nbsp; Samotn&aacute; my&scaron;lienka, \u017ee modlitba vo Vatik&aacute;ne k p&aacute;pe\u017eovi je viac, ako modlitba v hociktorej kom&ocirc;rke ktor&eacute;hoko\u013evek domu je tie\u017e scestn&aacute;. Akoby bol P&aacute;n Boh prij&iacute;mate\u013e a ude\u013eovate\u013e nejakej zvl&aacute;&scaron;tnej protekcie. Akoby neplatili slov&aacute; PJK o tom, ako a kedy po\u010duje a vypo\u010duje Boh Otec svoje deti. \u017de si to myslia tvorcovia jednej rel&aacute;cie v komer\u010dnej telev&iacute;zii, to iste neprekvapuje. Ak takto vn&iacute;ma modlitbu&nbsp; pr&iacute;slu&scaron;n&iacute;k inej cirkvi, je to jeho vec. Ak sa v&scaron;ak tak&aacute;to my&scaron;lienka a n&aacute;zor podar&iacute; prepa&scaron;ova\u0165 cez doj&iacute;mav&yacute; a emot&iacute;vny pr&iacute;beh ne&scaron;\u0165astnej rodiny do myslenia&nbsp; a duchovn&eacute;ho povedomia evanjelikov, je to ne&scaron;\u0165astie. Vec bo\u013eav&aacute; a smutn&aacute;.&nbsp;<\/span><span style=\"letter-spacing: 0.0px\">Nejde tu samozrejme iba o jednu udalos\u0165, ani o jedin&uacute; vec. Toto je sk&ocirc;r &scaron;pi\u010dka onoho povestn&eacute;ho \u013eadovca n&aacute;bo\u017eenskej negramotnosti a povrchnosti.<\/span><\/p>\n<p style=\"margin: 0.0px 0.0px 0.0px 0.0px; font: 18.0px Helvetica; min-height: 22.0px\"><span style=\"letter-spacing: 0.0px\">&nbsp; &nbsp; &nbsp;<\/span><\/p>\n<p style=\"margin: 0.0px 0.0px 0.0px 0.0px; font: 18.0px Helvetica\"><span style=\"letter-spacing: 0.0px\">&nbsp; &nbsp; &nbsp; Dnes n&aacute;m sl&uacute;\u017ei ako ilustr&aacute;cia z n&aacute;&scaron;ho prostredia, ke\u010f chceme&nbsp; a mo\u017eeme po\u010du\u0165 posolstvo, \u017ee <b>vzkriesen&yacute; a \u017eiv&yacute; PJK chce by\u0165 s nami a chce by\u0165 oslavovan&yacute; a vyv&yacute;&scaron;en&yacute;&nbsp; zvl&aacute;&scaron;\u0165 v na&scaron;ich domoch a v na&scaron;ich rodin&aacute;ch.<\/b><\/span><\/p>\n<p style=\"margin: 0.0px 0.0px 0.0px 0.0px; font: 18.0px Helvetica; min-height: 22.0px\"><span style=\"letter-spacing: 0.0px\"><b>&nbsp; &nbsp;<\/b><\/span><\/p>\n<p style=\"margin: 0.0px 0.0px 0.0px 0.0px; font: 18.0px Helvetica\"><span style=\"letter-spacing: 0.0px\">&nbsp; &nbsp; Vkzkriesen&yacute; P&aacute;n toti\u017eto vstal sl&aacute;vne z hrobu, ale Jeho pov&yacute;&scaron;enie pokra\u010dovalo Jeho vst&uacute;pen&iacute;m na nebo. Aby, ako s&aacute;m povedal, &ldquo;<i>bol s nami po v&scaron;etky dni&rdquo;.<\/i>.. Ak n&aacute;m teda pon&uacute;ka svoju pr&iacute;tomnos\u0165, svoje spolo\u010denstvo v ktorom d&aacute;va svoju milos\u0165, l&aacute;sku a mnoh&eacute; duchovn&eacute; dary a po\u017eehnanie, chce tak robi\u0165 naozaj v&scaron;ade. Konkr&eacute;tne to ale znamen&aacute;, \u017ee chce by\u0165 s nami aj v na&scaron;ich rodin&aacute;ch, domoch a dom&aacute;cnostiach.<\/span><\/p>\n<p style=\"margin: 0.0px 0.0px 0.0px 0.0px; font: 18.0px Helvetica; min-height: 22.0px\"><span style=\"letter-spacing: 0.0px\">&nbsp; &nbsp; &nbsp; &nbsp;<\/span><\/p>\n<p style=\"margin: 0.0px 0.0px 0.0px 0.0px; font: 18.0px Helvetica\"><span style=\"letter-spacing: 0.0px\">&nbsp;&nbsp; &nbsp; O tom sved\u010d&iacute; a hovor&iacute; aj dne&scaron;n&yacute; pre\u010d&iacute;tan&yacute;&nbsp; &uacute;ryvok z Luk&aacute;&scaron;ovho evanjelia. P&aacute;n Je\u017ei&scaron; pri&scaron;iel do domu coln&iacute;ka Zachea. Zacheovi, sediacemu na strome, ktor&yacute; mu sl&uacute;\u017eil ako &ldquo;trib&uacute;na&rdquo;, z ktorej mohol&nbsp; dobre pozorova\u0165 Je\u017ei&scaron;a, sa dostalo oslovenia a pozornosti zo strany samotn&eacute;ho P&aacute;na: <i>&ldquo;Zacheus, zost&uacute;p r&yacute;chlo, lebo v tvojom dome mus&iacute;m dnes zosta\u0165&rdquo;!&nbsp;<\/i><\/span><span style=\"letter-spacing: 0.0px\">Zacheus zost&uacute;pil a pozval Je\u017ei&scaron;a do svojho domu.&nbsp;<\/span><span style=\"letter-spacing: 0.0px\">A potom, po tomto pozvan&iacute; a prijat&iacute; sa za\u010dali dia\u0165 &#8211; ako mnoh&iacute; iste viete &#8211; v jeho \u017eivote ve\u013ek&eacute; veci. Mo\u017eno ich ozna\u010di\u0165 aj za ve\u013ek&eacute; z&aacute;zraky. Ve\u010f i&scaron;lo o premenu cel&eacute;ho jeho \u017eivota. Nastalo u neho duchovn&eacute; prebudenie. Nastalo tu skuto\u010dn&eacute;&nbsp; znovuzrodenie a nov&yacute; \u017eivot, ktor&yacute; iba Bo\u017e&iacute; Syn p&ocirc;sob&iacute; a kon&aacute;. P&aacute;n Je\u017ei&scaron; s&aacute;m o tom hovor&iacute; v z&aacute;vere tohoto pr&iacute;behu takto: <i>&ldquo;Dnes sa stalo spasenie tomuto domu, preto\u017ee aj on je synom Abrah&aacute;mov&yacute;m&rdquo;<\/i>.(v.9) <\/span><span style=\"letter-spacing: 0.0px\">Stal sa synom Abrah&aacute;ma, otca viery, ale aj skuto\u010dn&yacute;m Bo\u017e&iacute;m synom a dedi\u010dom. Neist&eacute; bohatsvo vymenil za ist&eacute;. Za tak&eacute;, ktor&eacute; prin&aacute;&scaron;a pokoj, rados\u0165, po\u017eehnanie u\u017e dnes a tu, a potom aj vo ve\u010dnosti.<\/span><\/p>\n<p style=\"margin: 0.0px 0.0px 0.0px 0.0px; font: 18.0px Helvetica; min-height: 22.0px\">&nbsp;<\/p>\n<p style=\"margin: 0.0px 0.0px 0.0px 0.0px; font: 18.0px Helvetica\"><span style=\"letter-spacing: 0.0px\">&nbsp;&nbsp; &nbsp; My sa v&scaron;ak vr&aacute;\u0165me na za\u010diatok! K my&scaron;lienke, \u010do to znamen&aacute;, ak my pr&iacute;jmeme PJK do na&scaron;ich domov, dom&aacute;cnost&iacute; a \u017eivotov! A uvedomme si aj&nbsp; druh&uacute; stranu mince: \u010do sa stane a \u010do to znamen&aacute;, ak nepozveme a nepr&iacute;jmeme Je\u017ei&scaron;a Krista do svojich domov. Vtedy v\u017edy pr&iacute;de &uacute;padok a bl&uacute;denie.<\/span><\/p>\n<p style=\"margin: 0.0px 0.0px 0.0px 0.0px; font: 18.0px Helvetica; min-height: 22.0px\">&nbsp;<\/p>\n<p style=\"margin: 0.0px 0.0px 0.0px 0.0px; font: 18.0px Helvetica\"><span style=\"letter-spacing: 0.0px\">&nbsp;&nbsp; Ke\u010f ide o zem, p&ocirc;du pol&iacute; \u010di z&aacute;hrad, ka\u017ed&yacute; vie, \u017ee ak ju neobrob&iacute;me a neobsejeme &#8211; neostane \u010dist&aacute;! Ak z ak&eacute;hoko\u013evek d&ocirc;vodu ostane neobsiata dobr&yacute;m semenom, ur\u010dite za kr&aacute;tku dobu ju obseje okolit&aacute; pr&iacute;roda, okolit&yacute; svet. A obseje ju &ldquo; (ne)kult&uacute;rami&rdquo;, ktor&eacute; s&uacute; ve\u013emi vytrval&eacute; a \u017eivotaschopn&eacute;. Je to burina, ktor&aacute; je napokon s&uacute;ca iba na sp&aacute;lenie.<\/span><\/p>\n<p style=\"margin: 0.0px 0.0px 0.0px 0.0px; font: 18.0px Helvetica; min-height: 22.0px\"><span style=\"letter-spacing: 0.0px\">&nbsp;&nbsp;<\/span><\/p>\n<p style=\"margin: 0.0px 0.0px 0.0px 0.0px; font: 18.0px Helvetica\"><span style=\"letter-spacing: 0.0px\">&nbsp;&nbsp; &nbsp; Podobne sa to deje aj s \u013eudsk&yacute;m srdcom. Mnoh&iacute; rodi\u010dia, ve\u013emi chybne a nerozumne neobsievaj&uacute; srdcia svojich det&iacute; dobrou kult&uacute;rou a dobr&yacute;m semenom, ktor&yacute;m je Slovo Bo\u017eie. Robia tak s rozli\u010dn&yacute;m od&ocirc;vodnen&iacute;m, ale aj bez ak&eacute;ho\u013evek zamyslenia sa, alebo od&ocirc;vodnenia. Nemaj&uacute; radi, ak sa ich na to niekto op&yacute;ta: Pre\u010do?! Jedna z \u010dast&yacute;ch odpoved&iacute; znie: &ldquo;Moje die\u0165a m&aacute; \u010das, nech sa rozhodne samo, a\u017e bude dospel&eacute;&rdquo;.<b> Len\u017ee ani p&ocirc;da \u013eudsk&yacute;ch s\u0155dc a du&scaron;&iacute; neostane nikdy neobsiata, neostane \u010dist&aacute; a \u010dakaj&uacute;ca, \u017ee sa raz do nej &ldquo;zasad&iacute;&rdquo;, \u010di &ldquo;zaseje&rdquo; t&aacute; najlep&scaron;ia kult&uacute;ra. Opak je pravdou:<\/b> N&aacute;letov&eacute; buriny tohoto sveta &#8211; v\u017edy pr&iacute;du a ve\u013emi r&yacute;chlo zakore\u0148uj&uacute; a rast&uacute; v srdciach na&scaron;ich det&iacute;. Samozrejme, \u017ee nes&uacute; \u010dasto ve\u013emi r&yacute;chlo svoju vlastn&uacute; &uacute;rodu. A tak&aacute; sejba sa deje dnes aj cez telev&iacute;zne obrazovky, aj cez internet, aj cez neraz naivn&eacute; a inokedy mo\u017eno perverzn&eacute; n&aacute;zory a n&aacute;pady det&iacute; tohoto sveta, hoci s&uacute; to tzv. hviezdy, alebo celebrity obrazoviek a m&eacute;di&iacute;.<\/span><\/p>\n<p style=\"margin: 0.0px 0.0px 0.0px 0.0px; font: 18.0px Helvetica; min-height: 22.0px\"><span style=\"letter-spacing: 0.0px\">&nbsp;&nbsp; &nbsp; &nbsp; &nbsp;&nbsp;<\/span><span style=\"letter-spacing: 0.0px\">Na&scaron;a mal&aacute; cirkev c&iacute;ti stratu ka\u017edej jednej, \u010do ako malej &ldquo;z&aacute;hradky&rdquo; srdca, &ldquo;z&aacute;hradky&rdquo; P&aacute;novej.&nbsp; A \u017ee ich str&aacute;came najm&auml; na&scaron;ou vlastnou \u013eahostajnos\u0165ou, som azda dostato\u010dne ilustroval &uacute;vodn&yacute;m pr&iacute;kladom. Kde sa srdcia neobsievaj&uacute; Bo\u017e&iacute;m slovom, urob&iacute; to svet, alebo niekto in&yacute;, ani nezbad&aacute;me ako.<\/span><\/p>\n<p style=\"margin: 0.0px 0.0px 0.0px 0.0px; font: 18.0px Helvetica\"><span style=\"letter-spacing: 0.0px\">&nbsp; &nbsp; <\/span><\/p>\n<p style=\"margin: 0.0px 0.0px 0.0px 0.0px; font: 18.0px Helvetica\"><span style=\"letter-spacing: 0.0px\">&nbsp;&nbsp; &nbsp;Bratia a sestry!&nbsp;<\/span><\/p>\n<p style=\"margin: 0.0px 0.0px 0.0px 0.0px; font: 18.0px Helvetica\"><span style=\"letter-spacing: 0.0px\">&nbsp; &nbsp; P&aacute;n Je\u017ei&scaron; hovor&iacute; nielen Zacheovi, ale ka\u017ed&eacute;mu otcovi, ka\u017edej matke:&nbsp; &ldquo;<b>V tvojom dome mus&iacute;m dnes zosta\u0165&rdquo;!<\/b> \u010co sa presne vtedy dialo v Zacheovom dome, \u010do presne Je\u017ei&scaron; Zacheovi povedal nevieme. Vieme, \u017ea nasledoval osobn&yacute; rozhovor P&aacute;nov s t&yacute;mto coln&iacute;kom, ktor&yacute; bol vn&iacute;man&yacute; ako verejn&yacute; hrie&scaron;nik. Ist&eacute; je jedno. Zacheus zost&uacute;pil&nbsp; zo stromu, pozval Je\u017ei&scaron;a do svojho domu, po\u010d&uacute;val a prijal Je\u017ei&scaron;ove slov&aacute;. A vtedy sa za\u010dali dia\u0165 nov&eacute;, ve\u013ek&eacute; veci. Za\u010dalo po\u017eehnan&eacute; p&ocirc;sobenie evanjelia, ktor&eacute; &ldquo;<i>je mocou Bo\u017eou na spasenie ka\u017ed&eacute;mu veriacemu&rdquo;. (R 1,16) <\/i>P&ocirc;sobenie Je\u017ei&scaron;ovho slova nevy&scaron;lo nazmar. Zo Zacheovej strany za\u010dala oslava mena Je\u017ei&scaron;ovho, ako P&aacute;na. Jasne to vidie\u0165 v osloven&iacute;:<b> &ldquo;Pane <\/b>&ldquo;. Ale neostalo iba pri slove. <i>&ldquo;Ajh\u013ea ,Pane, polovicu majetku d&aacute;vam chudobn&yacute;m&#8230;<\/i>&rdquo;. Toto je p&ocirc;sobenie prijat&eacute;ho evanjelia v praxi. Vidie\u0165 to aj v \u010fal&scaron;om Zacheovom skutku a v novom sp&ocirc;sobe \u017eivota.<i>&rdquo; Ak som niekoho oklamal v nie\u010dom,vraciam to &scaron;tvorn&aacute;sobne&rdquo;<\/i>. Za\u010dalo nov&eacute;, spr&aacute;vne poznanie Bo\u017eieho Syna a n&aacute;sledne<b> prehodnotenie hodn&ocirc;t<\/b>, ktor&yacute;m d&aacute;val dovtedy prednos\u0165.<\/span><\/p>\n<p style=\"margin: 0.0px 0.0px 0.0px 0.0px; font: 18.0px Helvetica; min-height: 22.0px\"><span style=\"letter-spacing: 0.0px\">&nbsp; &nbsp; &nbsp; &nbsp;<\/span><\/p>\n<p style=\"margin: 0.0px 0.0px 0.0px 0.0px; font: 18.0px Helvetica\"><span style=\"letter-spacing: 0.0px\">&nbsp;&nbsp; &nbsp; To chce P&aacute;n Je\u017ei&scaron; kona\u0165 a p&ocirc;sob\u0165 v&scaron;ade aj dnes. Preto vstal z m\u0155tvych, \u017eije a viacej neumiera. Nepoh\u0155dajme Jeho ponukou, Jeho osloven&iacute;m a Jeho pr&iacute;tomnos\u0165ou. Zobu\u010fme sa, ak chce vojs\u0165 k n&aacute;m. Ak chce, aby sme Ho lep&scaron;ie poznali a dovolili Mu vl&aacute;dnu\u0165 v na&scaron;ich domoch a rodin&aacute;ch.<\/span><\/p>\n<p style=\"margin: 0.0px 0.0px 0.0px 0.0px; font: 18.0px Helvetica\"><span style=\"letter-spacing: 0.0px\">&nbsp; &nbsp; &nbsp; &nbsp; Ak nebude v nich vl&aacute;dnu\u0165 On, bude niekto in&yacute;. Ak nebude oslavovan&yacute; On, bude niekto in&yacute;! Ak nebude u\u010di\u0165 On, bude niekto in&yacute;. Ak nedovol&iacute;me sejbu Jeho slova a evanjelia v na&scaron;ich domoch, zostane len in&aacute; sejba : &ldquo;n&aacute;letov&aacute; &ldquo;. Sejba v&scaron;elijakej buriny a &ldquo;baobabov&rdquo; \/ Exupery\/, ktor&aacute; m&aacute; tie\u017e svoju vlastn&uacute; &uacute;rodu, lebo je korene pevne vyrastaj&uacute; z tohoto sveta.&nbsp; Pred t&yacute;m n&aacute;s v&scaron;etk&yacute;ch zavaruj s&aacute;m Otec nebesk&yacute; a n&aacute;&scaron; milostiv&yacute; P&aacute;n!&nbsp; Amen. &nbsp;<\/span><\/p>\n<p style=\"margin: 0.0px 0.0px 0.0px 0.0px; font: 18.0px Helvetica; min-height: 22.0px\">&nbsp;<\/p>\n<p style=\"margin: 0.0px 0.0px 0.0px 0.0px; font: 12.0px Helvetica\"><span style=\"font: 18.0px Helvetica; letter-spacing: 0.0px\">&nbsp;&nbsp; &nbsp; &nbsp; &nbsp; &nbsp; &nbsp; &nbsp; <\/span><span style=\"letter-spacing: 0.0px\">K&aacute;ze\u0148&nbsp; &#8211;&nbsp; 3.ned.po V.Noci 2011&nbsp; &#8211;&nbsp; Jubilate&nbsp; &#8211;&nbsp; Rovensko a Soboti&scaron;te&nbsp; &nbsp; &nbsp; &nbsp; &nbsp; \u013d.Batka st.&nbsp;<\/span><\/p>\n","protected":false},"excerpt":{"rendered":"<p>&nbsp;&nbsp;&nbsp; &nbsp; &nbsp; &nbsp; &nbsp; &nbsp; &nbsp; &nbsp; &nbsp; &nbsp; &nbsp; &nbsp; &nbsp; &nbsp; &nbsp; &nbsp; &nbsp; Prehodnotenie hodn&ocirc;t&nbsp; &nbsp; Lk 19,5: &rdquo;Ke\u010f Je\u017ei&scaron; pri&scaron;iel na to miesto, pozrel na neho a povedal mu: Zacheus, zost&uacute;p r&yacute;chlo, lebo v tvojom dome mus&iacute;m dnes zosta\u0165&rdquo;. Amen. &nbsp;&nbsp; &nbsp; &nbsp; &nbsp; &nbsp; &nbsp; Bratia a sestry v &#8230; <a title=\"Prehodnotenie hodn\u00f4t\" class=\"read-more\" href=\"https:\/\/www.e-anjelik.sk\/index.php\/2011\/05\/26\/prehodnotenie-hodnot\/\" aria-label=\"Pre\u010d\u00edtajte si viac o Prehodnotenie hodn\u00f4t\">\u010c\u00edta\u0165 viac<\/a><\/p>\n","protected":false},"author":4,"featured_media":0,"comment_status":"open","ping_status":"open","sticky":false,"template":"","format":"standard","meta":{"footnotes":""},"categories":[121,95],"tags":[192],"class_list":["post-3570","post","type-post","status-publish","format-standard","hentry","category-kazne","category-sobotiste","tag-kazen"],"_links":{"self":[{"href":"https:\/\/www.e-anjelik.sk\/index.php\/wp-json\/wp\/v2\/posts\/3570","targetHints":{"allow":["GET"]}}],"collection":[{"href":"https:\/\/www.e-anjelik.sk\/index.php\/wp-json\/wp\/v2\/posts"}],"about":[{"href":"https:\/\/www.e-anjelik.sk\/index.php\/wp-json\/wp\/v2\/types\/post"}],"author":[{"embeddable":true,"href":"https:\/\/www.e-anjelik.sk\/index.php\/wp-json\/wp\/v2\/users\/4"}],"replies":[{"embeddable":true,"href":"https:\/\/www.e-anjelik.sk\/index.php\/wp-json\/wp\/v2\/comments?post=3570"}],"version-history":[{"count":0,"href":"https:\/\/www.e-anjelik.sk\/index.php\/wp-json\/wp\/v2\/posts\/3570\/revisions"}],"wp:attachment":[{"href":"https:\/\/www.e-anjelik.sk\/index.php\/wp-json\/wp\/v2\/media?parent=3570"}],"wp:term":[{"taxonomy":"category","embeddable":true,"href":"https:\/\/www.e-anjelik.sk\/index.php\/wp-json\/wp\/v2\/categories?post=3570"},{"taxonomy":"post_tag","embeddable":true,"href":"https:\/\/www.e-anjelik.sk\/index.php\/wp-json\/wp\/v2\/tags?post=3570"}],"curies":[{"name":"wp","href":"https:\/\/api.w.org\/{rel}","templated":true}]}}