{"id":35703,"date":"2022-10-30T00:09:00","date_gmt":"2022-10-29T22:09:00","guid":{"rendered":"https:\/\/e-anjelik.sk\/?p=35703"},"modified":"2022-10-27T20:34:51","modified_gmt":"2022-10-27T18:34:51","slug":"michal-kiss-za-tu-nasu-slovencinu","status":"publish","type":"post","link":"https:\/\/www.e-anjelik.sk\/index.php\/2022\/10\/30\/michal-kiss-za-tu-nasu-slovencinu\/","title":{"rendered":"Michal Ki\u0161\u0161 \u2014 Za t\u00fa na\u0161u sloven\u010dinu"},"content":{"rendered":"\n<p>Slov\u00e1kom bol m\u00f4j otec<br>a Slovenkou moja matka,<br>moja mluva a moja re\u010d \u2014<br>to je Sloven\u010dina sladk\u00e1;<br>Ach, \u013eudia zl\u00ed, nesu\u017eujte<br>moju du\u0161u bo\u013eav\u00fa,<br>ja znalos\u0165ou cudzej re\u010di<br>nechcem tr\u00e1pi\u0165 svoju hlavu.<\/p>\n\n\n\n<p>Slov\u00e1kom som sa narodil,<br>Slov\u00e1kom v\u017edy zosta\u0165 chcem<br>a jako tak\u00fd milova\u0165<br>budem st\u00e1le t\u00fa rodn\u00fa zem,<br>ona je mojou ot\u010dinou,<br>ona je moja drah\u00e1 vlas\u0165,<br>ja za \u0148u, ke\u010f bude treba.<br>chcem v obe\u0165 svoj \u017eivot kl\u00e1s\u0165!<\/p>\n\n\n\n<p>Ale odrodi\u0165  sa nejdem,<br>rod slovensk\u00fd nezapred\u00e1m,<br>ani moju slovensk\u00fa re\u010d<br>hani\u0165 a tupi\u0165 ned\u00e1m!<br>Nerobte mi, \u013eudia Bo\u017e\u00ed,<br>ach, nerobte \u017eiadne muky,<br>pre moje srdce m\u00e1 iba<br>Sloven\u010dina sladk\u00e9 zvuky!<\/p>\n\n\n\n<p><br><\/p>\n","protected":false},"excerpt":{"rendered":"<p>Slov\u00e1kom bol m\u00f4j oteca Slovenkou moja matka,moja mluva a moja re\u010d \u2014to je Sloven\u010dina sladk\u00e1;Ach, \u013eudia zl\u00ed, nesu\u017eujtemoju du\u0161u bo\u013eav\u00fa,ja znalos\u0165ou cudzej re\u010dinechcem tr\u00e1pi\u0165 svoju hlavu. Slov\u00e1kom som sa narodil,Slov\u00e1kom v\u017edy zosta\u0165 chcema jako tak\u00fd milova\u0165budem st\u00e1le t\u00fa rodn\u00fa zem,ona je mojou ot\u010dinou,ona je moja drah\u00e1 vlas\u0165,ja za \u0148u, ke\u010f bude treba.chcem v obe\u0165 svoj &#8230; <a title=\"Michal Ki\u0161\u0161 \u2014 Za t\u00fa na\u0161u sloven\u010dinu\" class=\"read-more\" href=\"https:\/\/www.e-anjelik.sk\/index.php\/2022\/10\/30\/michal-kiss-za-tu-nasu-slovencinu\/\" aria-label=\"Pre\u010d\u00edtajte si viac o Michal Ki\u0161\u0161 \u2014 Za t\u00fa na\u0161u sloven\u010dinu\">\u010c\u00edta\u0165 viac<\/a><\/p>\n","protected":false},"author":3,"featured_media":0,"comment_status":"open","ping_status":"open","sticky":false,"template":"","format":"standard","meta":{"footnotes":""},"categories":[165],"tags":[],"class_list":["post-35703","post","type-post","status-publish","format-standard","hentry","category-poezia-2"],"_links":{"self":[{"href":"https:\/\/www.e-anjelik.sk\/index.php\/wp-json\/wp\/v2\/posts\/35703","targetHints":{"allow":["GET"]}}],"collection":[{"href":"https:\/\/www.e-anjelik.sk\/index.php\/wp-json\/wp\/v2\/posts"}],"about":[{"href":"https:\/\/www.e-anjelik.sk\/index.php\/wp-json\/wp\/v2\/types\/post"}],"author":[{"embeddable":true,"href":"https:\/\/www.e-anjelik.sk\/index.php\/wp-json\/wp\/v2\/users\/3"}],"replies":[{"embeddable":true,"href":"https:\/\/www.e-anjelik.sk\/index.php\/wp-json\/wp\/v2\/comments?post=35703"}],"version-history":[{"count":2,"href":"https:\/\/www.e-anjelik.sk\/index.php\/wp-json\/wp\/v2\/posts\/35703\/revisions"}],"predecessor-version":[{"id":35706,"href":"https:\/\/www.e-anjelik.sk\/index.php\/wp-json\/wp\/v2\/posts\/35703\/revisions\/35706"}],"wp:attachment":[{"href":"https:\/\/www.e-anjelik.sk\/index.php\/wp-json\/wp\/v2\/media?parent=35703"}],"wp:term":[{"taxonomy":"category","embeddable":true,"href":"https:\/\/www.e-anjelik.sk\/index.php\/wp-json\/wp\/v2\/categories?post=35703"},{"taxonomy":"post_tag","embeddable":true,"href":"https:\/\/www.e-anjelik.sk\/index.php\/wp-json\/wp\/v2\/tags?post=35703"}],"curies":[{"name":"wp","href":"https:\/\/api.w.org\/{rel}","templated":true}]}}