{"id":35714,"date":"2022-11-03T00:24:16","date_gmt":"2022-11-02T23:24:16","guid":{"rendered":"https:\/\/e-anjelik.sk\/?p=35714"},"modified":"2024-07-05T10:41:09","modified_gmt":"2024-07-05T08:41:09","slug":"spolocenstvo-ktore-je-vecne","status":"publish","type":"post","link":"https:\/\/www.e-anjelik.sk\/index.php\/2022\/11\/03\/spolocenstvo-ktore-je-vecne\/","title":{"rendered":"Spolo\u010denstvo, ktor\u00e9 je ve\u010dn\u00e9"},"content":{"rendered":"\n<p><em>&nbsp; &nbsp; &nbsp; &nbsp; &nbsp; &nbsp; &nbsp; <\/em><strong>Spolo\u010denstvo, ktor\u00e9 je ve\u010dn\u00e9 &nbsp;<\/strong><\/p>\n\n\n\n<p><em>Smr\u0165 &#8211; za hriech odplata<\/em><br><em>Boh cnosti odmen\u00ed.<\/em><br><em>Raz zas\u013e\u00fabil n\u00e1m raj<\/em><br><em>a viac to nezmen\u00ed.<\/em><br><em>V slepote nevid\u00ed\u0161<\/em><br><em>jas otvoren\u00fdch br\u00e1n,<\/em><br><em>nebes\u00e1 dokor\u00e1n.<\/em><br><em>Prehliadni! Uvid\u00ed\u0161.\u00a0 Amen (M.R.)<\/em><\/p>\n\n\n\n<p><strong>J 17, 22 &#8211; 26:<\/strong><\/p>\n\n\n\n<p><em>\u201cA sl\u00e1vu, ktor\u00fa si Ty dal mne, ja som dal im, aby boli jedno, ako my\u00a0 jedno sme . (23)\u00a0 Ja v nich a Ty vo mne, aby boli dokonale jedno, aby svet poznal, \u017ee si ma Ty poslal a miloval si ich, ako si m\u0148a miloval. (24) Ot\u010de, chcem, aby aj t\u00ed, ktor\u00fdch si mi dal, boli so mnou, kde som ja, a videli moju sl\u00e1vu, ktor\u00fa si mi dal, preto\u017ee si ma miloval e\u0161te pred zalo\u017een\u00edm sveta. (25) Spravodliv\u00fd Ot\u010de,, svet \u0164a nepoznal, ale ja som \u0164a poznal, a t\u00edto poznali, \u017ee si ma Ty poslal. (26) Ozn\u00e1mil som im Tvoje meno a e\u0161te ozn\u00e1mim, aby l\u00e1ska, ktorou si ma miloval, bola v nich, a ja aby som bol v nich.\u201d Amen<\/em><\/p>\n\n\n\n<p>Bratia a sestry v P\u00e1novi!<\/p>\n\n\n\n<p>&nbsp;&nbsp; Op\u00e4\u0165 sv\u00e4t\u00edme spolo\u010dne Pamiatku zosnul\u00fdch. Mysl\u00edme na na\u0161ich drah\u00fdch, ktor\u00ed tu s nami \u017eili a ktor\u00ed n\u00e1s predi\u0161li br\u00e1nou smrti do ve\u010dnosti.&nbsp;<\/p>\n\n\n\n<p>&nbsp; &nbsp; Ako najlep\u0161ie zasv\u00e4ti\u0165 ich pamiatku? Uspokoj\u00edme sa s cestou na cintor\u00edn k ich hrobom? Uspokoj\u00edme sa s kyticami chryzant\u00e9m? So zap\u00e1lenou svie\u010dkou? S tich\u00fdm nostalgick\u00fdm spom\u00ednan\u00edm a pripom\u00ednan\u00edm si ich \u017eivota a skutkov l\u00e1sky?&nbsp;<\/p>\n\n\n\n<p>&nbsp; &nbsp; Nepochybne, to v\u0161etko je vhodn\u00e9 urobi\u0165. To v\u0161etko patr\u00ed ku d\u0148u Pamiatky zosnul\u00fdch. Netreba sa br\u00e1ni\u0165 ani \u013eudsk\u00fdm citom, ak sa n\u00e1m objav\u00ed nad hrobom bl\u00edzkych v\u010fa\u010dn\u00e1 slza.&nbsp;<\/p>\n\n\n\n<p>&nbsp; &nbsp; Ale netreba sa b\u00e1\u0165 ani zlo\u017ei\u0165 ruky k modlitbe a k prosbe, ako ju vyspieval aj n\u00e1\u0161 n\u00e1bo\u017en\u00fd pevec: <em>\u201cA Boh daj v\u00e1m sl\u00e1vu ve\u010dn\u00fa\u201d.<\/em><\/p>\n\n\n\n<p>&nbsp;Ako veriaci kres\u0165ania pre hlb\u0161ie pre\u017e\u00edvanie spomienok na zosnul\u00fdch v\u0161ak m\u00f4\u017eeme urobi\u0165 e\u0161te viac.&nbsp;<\/p>\n\n\n\n<p>\u00a0 \u00a0 M\u00f4\u017eeme sa v odvahe viery zamyslie\u0165 nad skuto\u010dnos\u0165ou smrti v\u0161etk\u00fdch \u013eud\u00ed, i n\u00e1s samotn\u00fdch. Modern\u00fd b\u00e1snik v prvej polovici 20.storo\u010dia (Ji\u0159\u00ed Volker) nap\u00edsal ver\u0161:<em> \u201cSmrt nen\u00ed zl\u00e1\u2026To, co je t\u011b\u017ek\u00e9, to um\u00edr\u00e1n\u00ed je\u201d.<\/em> Zrejme tie slov\u00e1 nap\u00edsal pod \u0165archou skuto\u010dnosti, \u017ee zomieral v mladom veku, ke\u010f si jeho rovesn\u00edci u\u017e\u00edvali \u017eivot pln\u00fdmi d\u00fa\u0161kami.\u00a0<\/p>\n\n\n\n<p>&nbsp; &nbsp; My kres\u0165ania v\u0161ak vieme a hovor\u00edme, \u017ee smr\u0165 je zl\u00e1. Smr\u0165&nbsp; znamen\u00e1 toti\u017e naru\u0161enie spolo\u010denstva. Smr\u0165 ru\u0161\u00ed a ni\u010d\u00ed spolo\u010denstvo medzi \u013eu\u010fmi. Napr\u00edklad spolo\u010denstvo man\u017eelsk\u00e9, ke\u010f sa dvaja stali jedn\u00fdm telom a jedn\u00fdm srdcom. Ako by nebolelo to, ke\u010f v man\u017eelskom partnerovi odch\u00e1dza \u010das\u0165 n\u00e1\u0161ho tela a srdca? Ako by nebolela smr\u0165 die\u0165a\u0165a matku, ktor\u00e1 ho zrodila? Ako by nebolo zlo, ak odch\u00e1dza sestra, brat, dobr\u00fd priate\u013e, alebo \u010dlen rodiny? \u010clovek bol stvoren\u00fd pre spolo\u010denstvo a t\u00fa\u017ei po spolo\u010denstve l\u00e1sky a smr\u0165 ho ni\u010d\u00ed.<\/p>\n\n\n\n<p>\u00a0\u00a0 K n\u00e1\u0161mu vierovyznaniu v\u0161ak patr\u00ed aj veta: <em>\u201d Ver\u00edm v spolo\u010denstvo sv\u00e4t\u00fdch\u201d.<\/em> To je spolo\u010denstvo \u013eud\u00ed duchovne bl\u00edzkych, ktor\u00e9 tvor\u00ed a udr\u017euje Boh v Kristu skrze Ducha Sv\u00e4t\u00e9ho. My si aj v tento de\u0148 chceme zvl\u00e1\u0161\u0165 pripomen\u00fa\u0165 toto na\u0161e duchovn\u00e9 spolo\u010denstvo s Otcom a Kristom, P\u00e1nom.\u00a0<\/p>\n\n\n\n<p>&nbsp; &nbsp; Pripomenut\u00edm a pre\u017e\u00edvan\u00edm tohoto spolo\u010denstva m\u00f4\u017eeme prija\u0165 nov\u00fd poh\u013ead na spolo\u010denstvo, ktor\u00e9 smr\u0165 na \u010das naru\u0161uje, ale zni\u010di\u0165 ho \u00faplne nem\u00f4\u017ee. Spolo\u010denstvo s P\u00e1nom Je\u017ei\u0161om Kristom je toti\u017e tak jedine\u010dn\u00e9 a siln\u00e9, \u017ee ho ani \u010dasn\u00e1 smr\u0165 nem\u00f4\u017ee pretrhn\u00fa\u0165.&nbsp;<\/p>\n\n\n\n<p>\u00a0 \u00a0 Tento dar, svoje spolo\u010denstvo a spojenie n\u00e1m pon\u00faka P\u00e1n Je\u017ei\u0161 v\u017edy nanovo. On s\u00e1m v nebi aj pros\u00ed za n\u00e1s, aby sme mali \u00fa\u010das\u0165 na Jeho \u017eivote i na Jeho sl\u00e1ve. Aby sme boli jedno s N\u00edm. Aby On bol v n\u00e1s a aby sme boli dokonale jedno s N\u00edm, ako je On s\u00e1m v dokonalom spolo\u010denstve a jednote so svoj\u00edm Otcom. Ide o spolo\u010denstvo l\u00e1sky. Jeho podstatou je l\u00e1ska Boha Otca k Synovi v moci Ducha Sv\u00e4t\u00e9ho.<\/p>\n\n\n\n<p>&nbsp; &nbsp; P\u00e1n Je\u017ei\u0161 uk\u00e1zal, \u017ee chce, aby sme aj my mali \u00fa\u010das\u0165 na tejto Bo\u017eej l\u00e1ske a tak aj na Bo\u017eej a Kristovej&nbsp; sl\u00e1ve. To sa aj deje tam, kde \u010dlovek pozn\u00e1va a prij\u00edma Je\u017ei\u0161a Krista ako Spasite\u013ea, ktor\u00fd pri\u0161iel od Otca, ktor\u00fd Ho poslal. Svoj\u00edm menom Je\u017ei\u0161 = Jo\u0161uach, ozn\u00e1mil n\u00e1m Bo\u017eie meno: Hospodin je sp\u00e1sa.<\/p>\n\n\n\n<p>Bratia a sestry!<\/p>\n\n\n\n<p>\u00a0 \u00a0 Toto spolo\u010denstvo s Kristom nie je spolo\u010denstvom, ktor\u00e9 m\u00f4\u017eeme za\u017ei\u0165 iba po smrti. My u\u017e dnes, v P\u00e1novom slove a vo sviatostiach m\u00e1me \u00fa\u010das\u0165 na P\u00e1novom \u017eivote a spolo\u010denstve. Takto je P\u00e1n v n\u00e1s a s nami, ktor\u00ed \u017eijeme na tejto strane \u017eivota. S\u00fa\u010dasne d\u00e1va a umo\u017e\u0148uje svoje spolo\u010denstvo v\u0161etk\u00fdm, ktor\u00ed s\u00fa s N\u00edm spojen\u00ed vierou. O to prosil vo svoje ve\u013ek\u0148azskej modlitbe:<em> \u201dOt\u010de, chcem, aby aj t\u00ed, ktor\u00fdch si mi dal, boli so mnou, kde som ja a videli moju sl\u00e1vu, ktor\u00fa si mi dal\u2026\u201d.(v.25).\u00a0<\/em><\/p>\n\n\n\n<p><em>\u00a0 \u00a0<\/em> Aj na\u0161i zosnul\u00ed, ktor\u00ed \u017eili s P\u00e1nom s\u00fa \u017eiv\u00ed v \u0147om a s N\u00edm. S\u00fa v Jeho sl\u00e1ve, v Bo\u017e\u00edch ruk\u00e1ch a v pr\u00edbytkoch nie rukou postaven\u00fdch. Pokia\u013e ide o na\u0161e \u013eudsk\u00e9 tel\u00e1, tel\u00e1 pochovan\u00fdch, alebo spopolnen\u00fdch, aj o nich plat\u00ed s\u013eub n\u00e1\u0161ho P\u00e1na:<em> \u201dAjh\u013ea, nov\u00e9 \u010din\u00edm v\u0161etko\u201d. <\/em>Na P\u00e1nov s\u013eub ako spolo\u010denstvo veriacich odpoved\u00e1me s vierou<em>: \u201cVer\u00edm v tela z m\u0155tvych vzkriesenie a v \u017eivot ve\u010dn\u00fd! Amen!\u201d<\/em><\/p>\n\n\n\n<p><em>&nbsp;&nbsp; <\/em>Bratia a sestry!<\/p>\n\n\n\n<p>&nbsp; &nbsp; Smr\u0165 znemo\u017e\u0148uje spolo\u010denstvo s na\u0161imi zosnul\u00fdmi, ale neru\u0161\u00ed spolo\u010denstvo s Kristom, P\u00e1nom. On je pod\u013ea svojho s\u013eubu s nami&nbsp; po v\u0161etky dni, a\u017e do konca vekov. S N\u00edm s\u00fa aj na\u0161i zosnul\u00ed a tak sme v Kristu, Jeho l\u00e1skou spojen\u00ed navz\u00e1jom. Myslime na to, ke\u010f stoj\u00edme nad hrobmi na\u0161ich drah\u00fdch. Pote\u0161me sa aj dnes zas\u013e\u00fabeniami n\u00e1\u0161ho P\u00e1na. Tejto nehyn\u00facej n\u00e1deji sa dr\u017eme, ke\u010f \u00fastami vyzn\u00e1vame:<em> \u201dVer\u00edm v spolo\u010denstvo sv\u00e4t\u00fdch\u201d. T<\/em>oto spolo\u010denstvo nem\u00f4\u017ee smr\u0165 zni\u010di\u0165.<\/p>\n\n\n\n<p>&nbsp; &nbsp; &nbsp; Prij\u00edmajme ho, ke\u010f n\u00e1m je zvestovan\u00e9 evanjelium a ke\u010f prij\u00edmame pri P\u00e1novom stole prav\u00e9 telo a prav\u00fa krv Krista P\u00e1na.&nbsp;<\/p>\n\n\n\n<p>V tomto spojen\u00ed s Kristom m\u00e1me aj trval\u00e9 a ve\u010dn\u00e9 spolo\u010denstvo s t\u00fdmi, ktor\u00ed n\u00e1s do ve\u010dnosti predi\u0161li.<\/p>\n\n\n\n<p>&nbsp;&nbsp; Pam\u00e4tajme, \u017ee raz s P\u00e1nom spolu budeme v novom tele v\u0161etci, v plnej radosti a v sl\u00e1ve n\u00e1\u0161ho Boha, Otca, Syna i Ducha Sv\u00e4t\u00e9ho. Amen<\/p>\n\n\n\n<p>&nbsp;&nbsp; &nbsp; &nbsp; &nbsp; Pamiatka zosnul\u00fdch &nbsp; &#8211; Myjava&nbsp; 2022 &nbsp; &#8211;&nbsp; Mgr. \u013dubom\u00edr Batka st.<\/p>\n","protected":false},"excerpt":{"rendered":"<p>&nbsp; &nbsp; &nbsp; &nbsp; &nbsp; &nbsp; &nbsp; Spolo\u010denstvo, ktor\u00e9 je ve\u010dn\u00e9 &nbsp; Smr\u0165 &#8211; za hriech odplataBoh cnosti odmen\u00ed.Raz zas\u013e\u00fabil n\u00e1m raja viac to nezmen\u00ed.V slepote nevid\u00ed\u0161jas otvoren\u00fdch br\u00e1n,nebes\u00e1 dokor\u00e1n.Prehliadni! Uvid\u00ed\u0161.\u00a0 Amen (M.R.) J 17, 22 &#8211; 26: \u201cA sl\u00e1vu, ktor\u00fa si Ty dal mne, ja som dal im, aby boli jedno, ako my\u00a0 jedno &#8230; <a title=\"Spolo\u010denstvo, ktor\u00e9 je ve\u010dn\u00e9\" class=\"read-more\" href=\"https:\/\/www.e-anjelik.sk\/index.php\/2022\/11\/03\/spolocenstvo-ktore-je-vecne\/\" aria-label=\"Pre\u010d\u00edtajte si viac o Spolo\u010denstvo, ktor\u00e9 je ve\u010dn\u00e9\">\u010c\u00edta\u0165 viac<\/a><\/p>\n","protected":false},"author":4,"featured_media":0,"comment_status":"open","ping_status":"open","sticky":false,"template":"","format":"standard","meta":{"footnotes":""},"categories":[121,171,118,281,95],"tags":[],"class_list":["post-35714","post","type-post","status-publish","format-standard","hentry","category-kazne","category-kosariska-priepasne","category-myjava","category-pamiatka-zosnulych","category-sobotiste"],"_links":{"self":[{"href":"https:\/\/www.e-anjelik.sk\/index.php\/wp-json\/wp\/v2\/posts\/35714","targetHints":{"allow":["GET"]}}],"collection":[{"href":"https:\/\/www.e-anjelik.sk\/index.php\/wp-json\/wp\/v2\/posts"}],"about":[{"href":"https:\/\/www.e-anjelik.sk\/index.php\/wp-json\/wp\/v2\/types\/post"}],"author":[{"embeddable":true,"href":"https:\/\/www.e-anjelik.sk\/index.php\/wp-json\/wp\/v2\/users\/4"}],"replies":[{"embeddable":true,"href":"https:\/\/www.e-anjelik.sk\/index.php\/wp-json\/wp\/v2\/comments?post=35714"}],"version-history":[{"count":3,"href":"https:\/\/www.e-anjelik.sk\/index.php\/wp-json\/wp\/v2\/posts\/35714\/revisions"}],"predecessor-version":[{"id":36956,"href":"https:\/\/www.e-anjelik.sk\/index.php\/wp-json\/wp\/v2\/posts\/35714\/revisions\/36956"}],"wp:attachment":[{"href":"https:\/\/www.e-anjelik.sk\/index.php\/wp-json\/wp\/v2\/media?parent=35714"}],"wp:term":[{"taxonomy":"category","embeddable":true,"href":"https:\/\/www.e-anjelik.sk\/index.php\/wp-json\/wp\/v2\/categories?post=35714"},{"taxonomy":"post_tag","embeddable":true,"href":"https:\/\/www.e-anjelik.sk\/index.php\/wp-json\/wp\/v2\/tags?post=35714"}],"curies":[{"name":"wp","href":"https:\/\/api.w.org\/{rel}","templated":true}]}}