{"id":3572,"date":"2011-05-27T09:35:49","date_gmt":"2011-05-27T09:35:49","guid":{"rendered":"http:\/\/e-anjelik.sk\/?p=3572"},"modified":"2011-05-27T09:35:49","modified_gmt":"2011-05-27T09:35:49","slug":"zjednotena-protestantska-cirkev-vo-francuzsku","status":"publish","type":"post","link":"https:\/\/www.e-anjelik.sk\/index.php\/2011\/05\/27\/zjednotena-protestantska-cirkev-vo-francuzsku\/","title":{"rendered":"Zjednoten\u00e1 protestantsk\u00e1 cirkev vo Franc\u00fazsku"},"content":{"rendered":"<p>Do roku 2013 sa zl&uacute;\u010dia, ak v&scaron;etko p&ocirc;jde plynulo, do spolo\u010dnej cirkvi reformovan&aacute; a luter&aacute;nska cirkev vo Franc&uacute;zsku. F&uacute;zia je teraz v z&aacute;vere\u010dnej f&aacute;ze. Synody oboch cirkv&iacute; vyjadrli s&uacute;hlas. Reformovan&aacute; cirkev vo Franc&uacute;zsku m&aacute; do 300 tis&iacute;c \u010dlenov, k&yacute;m luter&aacute;nska okolo 25 ti&iacute;sc. Najv&auml;\u010d&scaron;ou prek&aacute;\u017ekou doteraz sa javila nevedomos\u0165. Nov&yacute; n&aacute;zov spojen&yacute;ch cirkv&iacute; by mal by\u0165 Zjednoten&aacute; protestantsk&aacute; cirkev vo Franc&uacute;zsku.<\/p>\n<p>(<a href=\"http:\/\/www.kyrkanstidning.se\">www.kyrkanstidning.se<\/a>)<\/p>\n","protected":false},"excerpt":{"rendered":"<p>Do roku 2013 sa zl&uacute;\u010dia, ak v&scaron;etko p&ocirc;jde plynulo, do spolo\u010dnej cirkvi reformovan&aacute; a luter&aacute;nska cirkev vo Franc&uacute;zsku. F&uacute;zia je teraz v z&aacute;vere\u010dnej f&aacute;ze. Synody oboch cirkv&iacute; vyjadrli s&uacute;hlas. Reformovan&aacute; cirkev vo Franc&uacute;zsku m&aacute; do 300 tis&iacute;c \u010dlenov, k&yacute;m luter&aacute;nska okolo 25 ti&iacute;sc. Najv&auml;\u010d&scaron;ou prek&aacute;\u017ekou doteraz sa javila nevedomos\u0165. Nov&yacute; n&aacute;zov spojen&yacute;ch cirkv&iacute; by mal &#8230; <a title=\"Zjednoten\u00e1 protestantsk\u00e1 cirkev vo Franc\u00fazsku\" class=\"read-more\" href=\"https:\/\/www.e-anjelik.sk\/index.php\/2011\/05\/27\/zjednotena-protestantska-cirkev-vo-francuzsku\/\" aria-label=\"Pre\u010d\u00edtajte si viac o Zjednoten\u00e1 protestantsk\u00e1 cirkev vo Franc\u00fazsku\">\u010c\u00edta\u0165 viac<\/a><\/p>\n","protected":false},"author":22,"featured_media":0,"comment_status":"open","ping_status":"open","sticky":false,"template":"","format":"standard","meta":{"footnotes":""},"categories":[9,10],"tags":[],"class_list":["post-3572","post","type-post","status-publish","format-standard","hentry","category-europa","category-zo-sveta"],"_links":{"self":[{"href":"https:\/\/www.e-anjelik.sk\/index.php\/wp-json\/wp\/v2\/posts\/3572","targetHints":{"allow":["GET"]}}],"collection":[{"href":"https:\/\/www.e-anjelik.sk\/index.php\/wp-json\/wp\/v2\/posts"}],"about":[{"href":"https:\/\/www.e-anjelik.sk\/index.php\/wp-json\/wp\/v2\/types\/post"}],"author":[{"embeddable":true,"href":"https:\/\/www.e-anjelik.sk\/index.php\/wp-json\/wp\/v2\/users\/22"}],"replies":[{"embeddable":true,"href":"https:\/\/www.e-anjelik.sk\/index.php\/wp-json\/wp\/v2\/comments?post=3572"}],"version-history":[{"count":0,"href":"https:\/\/www.e-anjelik.sk\/index.php\/wp-json\/wp\/v2\/posts\/3572\/revisions"}],"wp:attachment":[{"href":"https:\/\/www.e-anjelik.sk\/index.php\/wp-json\/wp\/v2\/media?parent=3572"}],"wp:term":[{"taxonomy":"category","embeddable":true,"href":"https:\/\/www.e-anjelik.sk\/index.php\/wp-json\/wp\/v2\/categories?post=3572"},{"taxonomy":"post_tag","embeddable":true,"href":"https:\/\/www.e-anjelik.sk\/index.php\/wp-json\/wp\/v2\/tags?post=3572"}],"curies":[{"name":"wp","href":"https:\/\/api.w.org\/{rel}","templated":true}]}}