{"id":35784,"date":"2022-11-19T19:02:00","date_gmt":"2022-11-19T18:02:00","guid":{"rendered":"https:\/\/e-anjelik.sk\/?p=35784"},"modified":"2022-11-18T19:06:14","modified_gmt":"2022-11-18T18:06:14","slug":"ladislav-fricovsky-to-najkrajsie-to-este-iba-pride","status":"publish","type":"post","link":"https:\/\/www.e-anjelik.sk\/index.php\/2022\/11\/19\/ladislav-fricovsky-to-najkrajsie-to-este-iba-pride\/","title":{"rendered":"Ladislav Fri\u010dovsk\u00fd \u2014 To najkraj\u0161ie, to e\u0161te iba pr\u00edde"},"content":{"rendered":"\n<p>To najkraj\u0161ie, to e\u0161te iba pr\u00edde.<br>Ohniv\u00fdm st\u013apom kr\u00e1\u010da pred nami.<br>Bl\u00fdska sa bleskom archanjelsk\u00fdch kr\u00eddel.<br>Str\u00e1ca sa hore medzi hviezdami.<br><br>To najkraj\u0161ie, to e\u0161te iba pr\u00edde.<br>Zbyto\u010dne vn\u00e1ra\u0165 srdce do zeme.<br>Do tmy sa r\u00fati\u0165 v nekone\u010dn\u00fdch chyb\u00e1ch.<br>Cez dierku \u0161k\u00fali\u0165, kam u\u017e nesmieme.<br><br>To najkraj\u0161ie, to e\u0161te iba pr\u00edde.<br>Najv\u00e4\u010d\u0161ia t\u00fa\u017eba. Jedin\u00fd zo snov.<br>H\u013ea, priestor, kam som odtia\u013e nedovidel,<br>kde letm\u00e1 chv\u00ed\u013ea spl\u00fdva s ve\u010dnos\u0165ou.<br><br>To najkraj\u0161ie, to e\u0161te iba pr\u00edde.<br>S p\u00fatnikom st\u00fapam do nebesk\u00fdch br\u00e1n.<br>A\u017e raz budem st\u00e1\u0165 na tom istom mieste,<br>kam na oblaku predi\u0161iel ma P\u00e1n!<\/p>\n","protected":false},"excerpt":{"rendered":"<p>To najkraj\u0161ie, to e\u0161te iba pr\u00edde.Ohniv\u00fdm st\u013apom kr\u00e1\u010da pred nami.Bl\u00fdska sa bleskom archanjelsk\u00fdch kr\u00eddel.Str\u00e1ca sa hore medzi hviezdami. To najkraj\u0161ie, to e\u0161te iba pr\u00edde.Zbyto\u010dne vn\u00e1ra\u0165 srdce do zeme.Do tmy sa r\u00fati\u0165 v nekone\u010dn\u00fdch chyb\u00e1ch.Cez dierku \u0161k\u00fali\u0165, kam u\u017e nesmieme. To najkraj\u0161ie, to e\u0161te iba pr\u00edde.Najv\u00e4\u010d\u0161ia t\u00fa\u017eba. Jedin\u00fd zo snov.H\u013ea, priestor, kam som odtia\u013e nedovidel,kde letm\u00e1 &#8230; <a title=\"Ladislav Fri\u010dovsk\u00fd \u2014 To najkraj\u0161ie, to e\u0161te iba pr\u00edde\" class=\"read-more\" href=\"https:\/\/www.e-anjelik.sk\/index.php\/2022\/11\/19\/ladislav-fricovsky-to-najkrajsie-to-este-iba-pride\/\" aria-label=\"Pre\u010d\u00edtajte si viac o Ladislav Fri\u010dovsk\u00fd \u2014 To najkraj\u0161ie, to e\u0161te iba pr\u00edde\">\u010c\u00edta\u0165 viac<\/a><\/p>\n","protected":false},"author":3,"featured_media":0,"comment_status":"open","ping_status":"open","sticky":false,"template":"","format":"standard","meta":{"footnotes":""},"categories":[165],"tags":[],"class_list":["post-35784","post","type-post","status-publish","format-standard","hentry","category-poezia-2"],"_links":{"self":[{"href":"https:\/\/www.e-anjelik.sk\/index.php\/wp-json\/wp\/v2\/posts\/35784","targetHints":{"allow":["GET"]}}],"collection":[{"href":"https:\/\/www.e-anjelik.sk\/index.php\/wp-json\/wp\/v2\/posts"}],"about":[{"href":"https:\/\/www.e-anjelik.sk\/index.php\/wp-json\/wp\/v2\/types\/post"}],"author":[{"embeddable":true,"href":"https:\/\/www.e-anjelik.sk\/index.php\/wp-json\/wp\/v2\/users\/3"}],"replies":[{"embeddable":true,"href":"https:\/\/www.e-anjelik.sk\/index.php\/wp-json\/wp\/v2\/comments?post=35784"}],"version-history":[{"count":2,"href":"https:\/\/www.e-anjelik.sk\/index.php\/wp-json\/wp\/v2\/posts\/35784\/revisions"}],"predecessor-version":[{"id":35786,"href":"https:\/\/www.e-anjelik.sk\/index.php\/wp-json\/wp\/v2\/posts\/35784\/revisions\/35786"}],"wp:attachment":[{"href":"https:\/\/www.e-anjelik.sk\/index.php\/wp-json\/wp\/v2\/media?parent=35784"}],"wp:term":[{"taxonomy":"category","embeddable":true,"href":"https:\/\/www.e-anjelik.sk\/index.php\/wp-json\/wp\/v2\/categories?post=35784"},{"taxonomy":"post_tag","embeddable":true,"href":"https:\/\/www.e-anjelik.sk\/index.php\/wp-json\/wp\/v2\/tags?post=35784"}],"curies":[{"name":"wp","href":"https:\/\/api.w.org\/{rel}","templated":true}]}}