{"id":3579,"date":"2011-05-30T08:06:05","date_gmt":"2011-05-30T08:06:05","guid":{"rendered":"http:\/\/e-anjelik.sk\/?p=3579"},"modified":"2011-05-30T08:06:05","modified_gmt":"2011-05-30T08:06:05","slug":"evanjelicka-cirkev-v-madarsku-v-cislach-a-faktoch","status":"publish","type":"post","link":"https:\/\/www.e-anjelik.sk\/index.php\/2011\/05\/30\/evanjelicka-cirkev-v-madarsku-v-cislach-a-faktoch\/","title":{"rendered":"Evanjelick\u00e1 cirkev v Ma\u010farsku v \u010d\u00edslach a faktoch"},"content":{"rendered":"<p>Druh&eacute; \u010d&iacute;slo 2011 bulletinu Spolku Martina Luthera v Erlangene je monotematicky venovan&eacute; Evanjelickej cirkvi v Ma\u010farsku. Preto\u017ee ide o cirkev, s ktorou n&aacute;s via\u017eu spolo\u010dn&eacute; dejiny a je to na&scaron;a susedsk&aacute; cirkev, prin&aacute;&scaron;ame v&aacute;m z bulletinu nieko\u013eko faktov a \u010d&iacute;sel, aby sme ju poznali lep&scaron;ie.<\/p>\n<p>Evanjelick&aacute; cirkev v Ma\u010farsku (ECM) &nbsp;je diaspor&aacute;lnou cirkvou. \u010co do po\u010dtu \u010dlenov je v porad&iacute; v MR tre\u0165ou. Historicky jej korene siahaj&uacute; do roku 1520. Luter&aacute;ni v Ma\u010farsku s&uacute; p&ocirc;vodne slovensk&eacute;ho , nemeck&eacute;ho a ma\u010farsk&eacute;ho etnika. <strong>Po\u010det evidovan&yacute;ch \u010dlenov v zboroch je 212 tis&iacute;c<\/strong>, z toho platiacich pr&iacute;spevky 110 500.Pod\u013ea s\u010d&iacute;tania v r. 2001 sa k ECM prihl&aacute;silo do 300 tis&iacute;c \u013eud&iacute;. <strong>Rozpo\u010det cirkvi je ro\u010dne 30 mili&oacute;nov EUR<\/strong>, \u010do je 8,5 miliardy HUF. Z toho 6 miliard HUF pravidelne cirkvi prispieva &scaron;t&aacute;t, nako\u013eko cirkev preber&aacute; &scaron;t&aacute;tne &uacute;lohy cez vyu\u010dovanie, v&yacute;chovu a soci&aacute;lnu pomoc. <strong>&Scaron;t&aacute;t teda prispieva na 8 cirkevn&yacute;ch z&aacute;kladnm&yacute;ch &scaron;k&ocirc;l, 12 gymn&aacute;zi&iacute;, 16 matersk&yacute;ch &scaron;k&ocirc;lok, 35 diakonick&yacute;ch in&scaron;tit&uacute;ci&iacute; a nieko\u013eko celkom chudobn&yacute;ch diaspor&aacute;lnych zborov. <\/strong>Far&aacute;ri,ktor&iacute; sl&uacute;\u017eia v lokalit&aacute;ch s menej ako 5 tis&iacute;c obyvate\u013emi, dost&aacute;vaj&uacute; spolu 55 mili&oacute;nov HUF, \u010do je v prepo\u010dte cca 70 EUR na far&aacute;ra. Cirkevn&eacute; zbory s&uacute; samostatn&eacute; pr&aacute;vne osoby s vlastn&yacute;m rozpo\u010dtom. V podstate nedost&aacute;vaj&uacute; celocirkevn&uacute; podporu. V&yacute;nimku tvoria celkom chudobn&eacute; diaspor&aacute;lne zbory. Financovanie duchovn&yacute;ch sa vykon&aacute;va: * z cca 14.5% cez celocirkev, * z cca 23,3% cez &scaron;t&aacute;t (on&yacute;ch 70 EUR), ako aj hodinov&yacute; plat za vy&uacute;\u010dbu n&aacute;bo\u017eenstva, * <strong>z cca 62.2% cez zbory<\/strong>. S&uacute; ve\u013ek&eacute; rozdiely v platoch far&aacute;rov. <strong>Priemern&yacute; plat far&aacute;ra je asi 600 EUR (150 tis&iacute;c HUF). <\/strong><\/p>\n<p><strong>V cirkvi je: 217 far&aacute;rov a 98 far&aacute;riek<\/strong>; 196 penzionovan&yacute;ch far&aacute;rov a far&aacute;riek; 17 profesorov a profesoriek; 928 u\u010dite\u013eov, u\u010diteliek &scaron;k&ocirc;lok a asi 200 cirkevn&yacute;ch hudobn&iacute;kov. Organiza\u010dne sa ECM del&iacute; na : 1. <strong>Z&aacute;padn&yacute; di&scaron;trikt <\/strong>, 112 zborov, 115 duchovn&yacute;ch; 2.<strong> Severn&yacute; di&scaron;trikt <\/strong>, 82 zborov, 98 duchovn&yacute;ch ; 3. <strong>Ju\u017en&yacute; di&scaron;trikt<\/strong> , 65 zborov a 102 duchovn&yacute;ch.<\/p>\n<p>&nbsp;Stav : m&aacute;j 2009.<\/p>\n","protected":false},"excerpt":{"rendered":"<p>Druh&eacute; \u010d&iacute;slo 2011 bulletinu Spolku Martina Luthera v Erlangene je monotematicky venovan&eacute; Evanjelickej cirkvi v Ma\u010farsku. Preto\u017ee ide o cirkev, s ktorou n&aacute;s via\u017eu spolo\u010dn&eacute; dejiny a je to na&scaron;a susedsk&aacute; cirkev, prin&aacute;&scaron;ame v&aacute;m z bulletinu nieko\u013eko faktov a \u010d&iacute;sel, aby sme ju poznali lep&scaron;ie. Evanjelick&aacute; cirkev v Ma\u010farsku (ECM) &nbsp;je diaspor&aacute;lnou cirkvou. \u010co do &#8230; <a title=\"Evanjelick\u00e1 cirkev v Ma\u010farsku v \u010d\u00edslach a faktoch\" class=\"read-more\" href=\"https:\/\/www.e-anjelik.sk\/index.php\/2011\/05\/30\/evanjelicka-cirkev-v-madarsku-v-cislach-a-faktoch\/\" aria-label=\"Pre\u010d\u00edtajte si viac o Evanjelick\u00e1 cirkev v Ma\u010farsku v \u010d\u00edslach a faktoch\">\u010c\u00edta\u0165 viac<\/a><\/p>\n","protected":false},"author":22,"featured_media":0,"comment_status":"open","ping_status":"open","sticky":false,"template":"","format":"standard","meta":{"footnotes":""},"categories":[9,10],"tags":[],"class_list":["post-3579","post","type-post","status-publish","format-standard","hentry","category-europa","category-zo-sveta"],"_links":{"self":[{"href":"https:\/\/www.e-anjelik.sk\/index.php\/wp-json\/wp\/v2\/posts\/3579","targetHints":{"allow":["GET"]}}],"collection":[{"href":"https:\/\/www.e-anjelik.sk\/index.php\/wp-json\/wp\/v2\/posts"}],"about":[{"href":"https:\/\/www.e-anjelik.sk\/index.php\/wp-json\/wp\/v2\/types\/post"}],"author":[{"embeddable":true,"href":"https:\/\/www.e-anjelik.sk\/index.php\/wp-json\/wp\/v2\/users\/22"}],"replies":[{"embeddable":true,"href":"https:\/\/www.e-anjelik.sk\/index.php\/wp-json\/wp\/v2\/comments?post=3579"}],"version-history":[{"count":0,"href":"https:\/\/www.e-anjelik.sk\/index.php\/wp-json\/wp\/v2\/posts\/3579\/revisions"}],"wp:attachment":[{"href":"https:\/\/www.e-anjelik.sk\/index.php\/wp-json\/wp\/v2\/media?parent=3579"}],"wp:term":[{"taxonomy":"category","embeddable":true,"href":"https:\/\/www.e-anjelik.sk\/index.php\/wp-json\/wp\/v2\/categories?post=3579"},{"taxonomy":"post_tag","embeddable":true,"href":"https:\/\/www.e-anjelik.sk\/index.php\/wp-json\/wp\/v2\/tags?post=3579"}],"curies":[{"name":"wp","href":"https:\/\/api.w.org\/{rel}","templated":true}]}}