{"id":3581,"date":"2011-05-30T10:01:30","date_gmt":"2011-05-30T10:01:30","guid":{"rendered":"http:\/\/e-anjelik.sk\/?p=3581"},"modified":"2011-05-30T10:01:30","modified_gmt":"2011-05-30T10:01:30","slug":"sviatok-vstupenia-pana-na-nebo-vo-stvrtok-2-juna-2011","status":"publish","type":"post","link":"https:\/\/www.e-anjelik.sk\/index.php\/2011\/05\/30\/sviatok-vstupenia-pana-na-nebo-vo-stvrtok-2-juna-2011\/","title":{"rendered":"Sviatok Vst\u00fapenia P\u00e1na na nebo vo \u0161tvrtok 2. j\u00fana 2011"},"content":{"rendered":"<p>Hoci v na&scaron;om &scaron;t&aacute;te je tento de\u0148 pracovn&yacute;, v ka\u017edom cirkevnom zbore bud&uacute; slu\u017eby Bo\u017eie ,najm&auml; vo ve\u010dern&yacute;ch hodin&aacute;ch. V krajin&aacute;ch , kde je d\u0148om pracovn&eacute;ho pokoja, bud&uacute; SB v predpolud\u0148aj&scaron;&iacute;ch hodin&aacute;ch. Pre t&yacute;ch, ktor&iacute; vedia po nemecky a maj&uacute; mo\u017enos\u0165 prij&iacute;ma\u0165 prv&yacute; celonemeck&yacute; program ARD , odpor&uacute;\u010dam im o <strong>10. oo hodine priamy prenos evanjelick&yacute;ch SB z Kreuzkirche v Dr&aacute;\u017e\u010fanoch<\/strong>, na ktorom posl&uacute;\u017ei spevom svetozn&aacute;my zbor tohto chr&aacute;mu. K&aacute;za\u0165 bud&uacute;: far&aacute;r Joachim Zirkler a superintendent Peter Meis. D\u013a\u017eka prenosu 60 min&uacute;t.<\/p>\n<p>Kristus vrav&iacute;:&quot;<strong>A ja, ke\u010f budem pov&yacute;&scaron;en&yacute; zo zeme, v&scaron;etk&yacute;ch pritiahnem k sebe<\/strong>.&quot; J&aacute;n 12,32<\/p>\n","protected":false},"excerpt":{"rendered":"<p>Hoci v na&scaron;om &scaron;t&aacute;te je tento de\u0148 pracovn&yacute;, v ka\u017edom cirkevnom zbore bud&uacute; slu\u017eby Bo\u017eie ,najm&auml; vo ve\u010dern&yacute;ch hodin&aacute;ch. V krajin&aacute;ch , kde je d\u0148om pracovn&eacute;ho pokoja, bud&uacute; SB v predpolud\u0148aj&scaron;&iacute;ch hodin&aacute;ch. Pre t&yacute;ch, ktor&iacute; vedia po nemecky a maj&uacute; mo\u017enos\u0165 prij&iacute;ma\u0165 prv&yacute; celonemeck&yacute; program ARD , odpor&uacute;\u010dam im o 10. oo hodine priamy prenos &#8230; <a title=\"Sviatok Vst\u00fapenia P\u00e1na na nebo vo \u0161tvrtok 2. j\u00fana 2011\" class=\"read-more\" href=\"https:\/\/www.e-anjelik.sk\/index.php\/2011\/05\/30\/sviatok-vstupenia-pana-na-nebo-vo-stvrtok-2-juna-2011\/\" aria-label=\"Pre\u010d\u00edtajte si viac o Sviatok Vst\u00fapenia P\u00e1na na nebo vo \u0161tvrtok 2. j\u00fana 2011\">\u010c\u00edta\u0165 viac<\/a><\/p>\n","protected":false},"author":22,"featured_media":0,"comment_status":"open","ping_status":"open","sticky":false,"template":"","format":"standard","meta":{"footnotes":""},"categories":[217],"tags":[],"class_list":["post-3581","post","type-post","status-publish","format-standard","hentry","category-vstupenie"],"_links":{"self":[{"href":"https:\/\/www.e-anjelik.sk\/index.php\/wp-json\/wp\/v2\/posts\/3581","targetHints":{"allow":["GET"]}}],"collection":[{"href":"https:\/\/www.e-anjelik.sk\/index.php\/wp-json\/wp\/v2\/posts"}],"about":[{"href":"https:\/\/www.e-anjelik.sk\/index.php\/wp-json\/wp\/v2\/types\/post"}],"author":[{"embeddable":true,"href":"https:\/\/www.e-anjelik.sk\/index.php\/wp-json\/wp\/v2\/users\/22"}],"replies":[{"embeddable":true,"href":"https:\/\/www.e-anjelik.sk\/index.php\/wp-json\/wp\/v2\/comments?post=3581"}],"version-history":[{"count":0,"href":"https:\/\/www.e-anjelik.sk\/index.php\/wp-json\/wp\/v2\/posts\/3581\/revisions"}],"wp:attachment":[{"href":"https:\/\/www.e-anjelik.sk\/index.php\/wp-json\/wp\/v2\/media?parent=3581"}],"wp:term":[{"taxonomy":"category","embeddable":true,"href":"https:\/\/www.e-anjelik.sk\/index.php\/wp-json\/wp\/v2\/categories?post=3581"},{"taxonomy":"post_tag","embeddable":true,"href":"https:\/\/www.e-anjelik.sk\/index.php\/wp-json\/wp\/v2\/tags?post=3581"}],"curies":[{"name":"wp","href":"https:\/\/api.w.org\/{rel}","templated":true}]}}