{"id":3583,"date":"2011-05-31T08:11:30","date_gmt":"2011-05-31T08:11:30","guid":{"rendered":"http:\/\/e-anjelik.sk\/?p=3583"},"modified":"2011-05-31T08:11:30","modified_gmt":"2011-05-31T08:11:30","slug":"33-nemecky-evanjelicky-kirchentag","status":"publish","type":"post","link":"https:\/\/www.e-anjelik.sk\/index.php\/2011\/05\/31\/33-nemecky-evanjelicky-kirchentag\/","title":{"rendered":"33. nemeck\u00fd evanjelick\u00fd Kirchentag"},"content":{"rendered":"<p>Od 1. j&uacute;na do 5. j&uacute;na 2011 bude sa v Dr&aacute;\u017e\u010fanoch kona\u0165 33. nemeck&yacute; evanjelick&yacute; Kirchentag. Jeho mottom s&uacute; slov&aacute; z Mat&uacute;&scaron;ovho evanjelia &quot;&#8230;<strong>tam bude aj tvoje srdce.&quot;<\/strong> T&eacute;ma sa bude prebera\u0165 na bohoslu\u017eb&aacute;ch, Ve\u010deri P&aacute;novej, biblick&yacute;ch hodin&aacute;ch a vyst&uacute;peniach. Otv&aacute;racie slu\u017eby Bo\u017eie bud&uacute; 1. j&uacute;na o 17.30 hodine. V priamom prenose ich mo\u017eno sledova\u0165 na stanici MDR. Na Kirchentagu je mno\u017estvo programov pre mal&yacute;ch, dorast, ml&aacute;de\u017e, dospel&yacute;ch. Vystupova\u0165 bud&uacute; divadeln&eacute; kr&uacute;\u017eky, politici , dychovky, spevokoly, pozrie\u0165 si mo\u017eno zauj&iacute;mav&eacute; v&yacute;stavy. V nede\u013eu 5. j&uacute;na o 10.00 hodine bud&uacute; z&aacute;vere\u010dn&eacute; slu\u017eby Bo\u017eie s prenosom cez stanicu ZDF. Na Kirchentagu sa bud&uacute; prezentova\u0165 rozli\u010dn&eacute; cirkevn&eacute; spolky, zdru\u017eenia, diakonia, &scaron;koly. Pr&iacute;tomn&iacute; bud&uacute; nielen dom&aacute;ci ,ale i po\u010detn&iacute; zahrani\u010dn&iacute; hostia. Podrobnosti mo\u017eno n&aacute;js\u0165 na <a href=\"http:\/\/www.kirchentag.de\">www.kirchentag.de<\/a><\/p>\n","protected":false},"excerpt":{"rendered":"<p>Od 1. j&uacute;na do 5. j&uacute;na 2011 bude sa v Dr&aacute;\u017e\u010fanoch kona\u0165 33. nemeck&yacute; evanjelick&yacute; Kirchentag. Jeho mottom s&uacute; slov&aacute; z Mat&uacute;&scaron;ovho evanjelia &quot;&#8230;tam bude aj tvoje srdce.&quot; T&eacute;ma sa bude prebera\u0165 na bohoslu\u017eb&aacute;ch, Ve\u010deri P&aacute;novej, biblick&yacute;ch hodin&aacute;ch a vyst&uacute;peniach. Otv&aacute;racie slu\u017eby Bo\u017eie bud&uacute; 1. j&uacute;na o 17.30 hodine. V priamom prenose ich mo\u017eno sledova\u0165 &#8230; <a title=\"33. nemeck\u00fd evanjelick\u00fd Kirchentag\" class=\"read-more\" href=\"https:\/\/www.e-anjelik.sk\/index.php\/2011\/05\/31\/33-nemecky-evanjelicky-kirchentag\/\" aria-label=\"Pre\u010d\u00edtajte si viac o 33. nemeck\u00fd evanjelick\u00fd Kirchentag\">\u010c\u00edta\u0165 viac<\/a><\/p>\n","protected":false},"author":22,"featured_media":0,"comment_status":"open","ping_status":"open","sticky":false,"template":"","format":"standard","meta":{"footnotes":""},"categories":[9,10],"tags":[],"class_list":["post-3583","post","type-post","status-publish","format-standard","hentry","category-europa","category-zo-sveta"],"_links":{"self":[{"href":"https:\/\/www.e-anjelik.sk\/index.php\/wp-json\/wp\/v2\/posts\/3583","targetHints":{"allow":["GET"]}}],"collection":[{"href":"https:\/\/www.e-anjelik.sk\/index.php\/wp-json\/wp\/v2\/posts"}],"about":[{"href":"https:\/\/www.e-anjelik.sk\/index.php\/wp-json\/wp\/v2\/types\/post"}],"author":[{"embeddable":true,"href":"https:\/\/www.e-anjelik.sk\/index.php\/wp-json\/wp\/v2\/users\/22"}],"replies":[{"embeddable":true,"href":"https:\/\/www.e-anjelik.sk\/index.php\/wp-json\/wp\/v2\/comments?post=3583"}],"version-history":[{"count":0,"href":"https:\/\/www.e-anjelik.sk\/index.php\/wp-json\/wp\/v2\/posts\/3583\/revisions"}],"wp:attachment":[{"href":"https:\/\/www.e-anjelik.sk\/index.php\/wp-json\/wp\/v2\/media?parent=3583"}],"wp:term":[{"taxonomy":"category","embeddable":true,"href":"https:\/\/www.e-anjelik.sk\/index.php\/wp-json\/wp\/v2\/categories?post=3583"},{"taxonomy":"post_tag","embeddable":true,"href":"https:\/\/www.e-anjelik.sk\/index.php\/wp-json\/wp\/v2\/tags?post=3583"}],"curies":[{"name":"wp","href":"https:\/\/api.w.org\/{rel}","templated":true}]}}