{"id":3585,"date":"2011-06-01T07:16:01","date_gmt":"2011-06-01T07:16:01","guid":{"rendered":"http:\/\/e-anjelik.sk\/?p=3585"},"modified":"2011-06-01T07:16:01","modified_gmt":"2011-06-01T07:16:01","slug":"misijne-dni-v-madarsku","status":"publish","type":"post","link":"https:\/\/www.e-anjelik.sk\/index.php\/2011\/06\/01\/misijne-dni-v-madarsku\/","title":{"rendered":"Misijn\u00e9 dni v Ma\u010farsku"},"content":{"rendered":"<p>V sobotu 28. m&aacute;ja t.r. sa vo v&scaron;etk&yacute;ch troch di&scaron;triktoch Evanjelickej cirkvi v Ma\u010farsku konal misijn&yacute; de\u0148. Spolo\u010dnou t&eacute;mou bol text z Gal 5,13 &quot; &#8230;ste povolan&iacute; k slobode.&quot; Veriaci zo Z&aacute;padn&eacute;ho di&scaron;triktu sa v po\u010dte 250 os&ocirc;b zi&scaron;li v Zalaegerszegu. Bo\u017eie slovo na dan&yacute; text zvestoval biskup J. Itz&eacute;s. Dospel&iacute; i deti v po\u010dte do tis&iacute;c os&ocirc;b sa zi&scaron;lo v Bonyh&aacute;de na misijnom dni Ju\u017en&eacute;ho di&scaron;triktu. Telocvi\u010d\u0148a Evanjelick&eacute;ho gymn&aacute;zia v Aszode bolo miestom pre stretnutie 950 veriacich Severn&eacute;ho di&scaron;triktu. Sem pri&scaron;la aj polovica duchovn&yacute;ch z di&scaron;triktu so svojimi veriacimi.Odznela tu o.i. aj predn&aacute;&scaron;ka ved&uacute;ceho lek&aacute;ra-toxikol&oacute;ga G&aacute;bora Zachera s n&aacute;zvom&quot; Jedna trag&eacute;dia V&yacute;chodn&eacute;ho Balk&aacute;nu&quot;.<\/p>\n<p>(<a href=\"http:\/\/www.evangelikus.hu\">www.evangelikus.hu<\/a>)<\/p>\n","protected":false},"excerpt":{"rendered":"<p>V sobotu 28. m&aacute;ja t.r. sa vo v&scaron;etk&yacute;ch troch di&scaron;triktoch Evanjelickej cirkvi v Ma\u010farsku konal misijn&yacute; de\u0148. Spolo\u010dnou t&eacute;mou bol text z Gal 5,13 &quot; &#8230;ste povolan&iacute; k slobode.&quot; Veriaci zo Z&aacute;padn&eacute;ho di&scaron;triktu sa v po\u010dte 250 os&ocirc;b zi&scaron;li v Zalaegerszegu. Bo\u017eie slovo na dan&yacute; text zvestoval biskup J. Itz&eacute;s. Dospel&iacute; i deti v po\u010dte &#8230; <a title=\"Misijn\u00e9 dni v Ma\u010farsku\" class=\"read-more\" href=\"https:\/\/www.e-anjelik.sk\/index.php\/2011\/06\/01\/misijne-dni-v-madarsku\/\" aria-label=\"Pre\u010d\u00edtajte si viac o Misijn\u00e9 dni v Ma\u010farsku\">\u010c\u00edta\u0165 viac<\/a><\/p>\n","protected":false},"author":22,"featured_media":0,"comment_status":"open","ping_status":"open","sticky":false,"template":"","format":"standard","meta":{"footnotes":""},"categories":[9,10],"tags":[],"class_list":["post-3585","post","type-post","status-publish","format-standard","hentry","category-europa","category-zo-sveta"],"_links":{"self":[{"href":"https:\/\/www.e-anjelik.sk\/index.php\/wp-json\/wp\/v2\/posts\/3585","targetHints":{"allow":["GET"]}}],"collection":[{"href":"https:\/\/www.e-anjelik.sk\/index.php\/wp-json\/wp\/v2\/posts"}],"about":[{"href":"https:\/\/www.e-anjelik.sk\/index.php\/wp-json\/wp\/v2\/types\/post"}],"author":[{"embeddable":true,"href":"https:\/\/www.e-anjelik.sk\/index.php\/wp-json\/wp\/v2\/users\/22"}],"replies":[{"embeddable":true,"href":"https:\/\/www.e-anjelik.sk\/index.php\/wp-json\/wp\/v2\/comments?post=3585"}],"version-history":[{"count":0,"href":"https:\/\/www.e-anjelik.sk\/index.php\/wp-json\/wp\/v2\/posts\/3585\/revisions"}],"wp:attachment":[{"href":"https:\/\/www.e-anjelik.sk\/index.php\/wp-json\/wp\/v2\/media?parent=3585"}],"wp:term":[{"taxonomy":"category","embeddable":true,"href":"https:\/\/www.e-anjelik.sk\/index.php\/wp-json\/wp\/v2\/categories?post=3585"},{"taxonomy":"post_tag","embeddable":true,"href":"https:\/\/www.e-anjelik.sk\/index.php\/wp-json\/wp\/v2\/tags?post=3585"}],"curies":[{"name":"wp","href":"https:\/\/api.w.org\/{rel}","templated":true}]}}