{"id":35873,"date":"2022-12-15T23:36:27","date_gmt":"2022-12-15T22:36:27","guid":{"rendered":"https:\/\/e-anjelik.sk\/?p=35873"},"modified":"2024-07-05T10:15:47","modified_gmt":"2024-07-05T08:15:47","slug":"mariino-amen-na-bozie-konanie","status":"publish","type":"post","link":"https:\/\/www.e-anjelik.sk\/index.php\/2022\/12\/15\/mariino-amen-na-bozie-konanie\/","title":{"rendered":"M\u00e1riino amen na Bo\u017eie konanie"},"content":{"rendered":"\n<p><em>&nbsp; &nbsp;<\/em><strong> M\u00e1riino amen na Bo\u017eie konanie<\/strong><\/p>\n\n\n\n<p><em>Ke\u010f zrieme vierou dnes<\/em><br><em>ku v\u00fd\u0161in\u00e1m,<\/em><br><em>\u00f3, Kriste, Pane n\u00e1\u0161,<\/em><br><em>zjav sa i n\u00e1m!<\/em><br><em>Pre l\u00e1sku premnoh\u00fa<\/em><br><em>ozna\u010d n\u00e1m \u00falohu<\/em><br><em>a ve\u010f n\u00e1s ku Bohu,<\/em><br><em>ve\u010f k v\u00fd\u0161in\u00e1m! Amen (M.R.)<\/em><\/p>\n\n\n\n<p><strong>L 1, 26 &#8211; &nbsp; 38:<\/strong><\/p>\n\n\n\n<p><em>\u201c Potom v \u0161iestom mesiaci poslal Boh anjela Gabriela do galilejsk\u00e9ho mesta Nazareta (27) k panne, zasn\u00fabenej s mu\u017eom, ktor\u00fd sa menoval Jozef a bol z domu D\u00e1vidovho; panna sa volala M\u00e1ria. (28) Ke\u010f anjel vo\u0161iel k nej, povedal: Bu\u010f pozdraven\u00e1, milos\u0165ou obdaren\u00e1, P\u00e1n s Tebou! \/Blahoslaven\u00e1 medzi \u017eenami!\/ (29) Ona, zarazen\u00e1 jeho re\u010dou, prem\u00fd\u0161\u013eala, ak\u00fd to pozdrav. (30) Ale anjel jej povedal: Neboj sa, M\u00e1ria, lebo si na\u0161la milos\u0165 u Boha. (31) Ajh\u013ea, po\u010dne\u0161, porod\u00ed\u0161 syna a d\u00e1\u0161 mu meno Je\u017ei\u0161. (32) Bude velik\u00fd, Synom Najvy\u0161\u0161ieho sa bude vola\u0165, a Boh Mu d\u00e1 tr\u00f3n Jeho otca D\u00e1vida. (33) Bude kra\u013eova\u0165 nad domom J\u00e1kobov\u00fdm naveky a Jeho kr\u00e1\u013eovstvu nebude konca. (34) A M\u00e1ria povedala anjelovi: Ako sa to stane, ve\u010f ja neobcujem s mu\u017eom! (35) Odpovedal jej anjel a riekol: Duch Sv\u00e4t\u00fd zost\u00fapi na teba a moc Najvy\u0161\u0161ieho zatieni \u0165a; preto aj to, \u010do sv\u00e4t\u00e9ho narod\u00ed sa z teba, bude sa vola\u0165 Syn Bo\u017e\u00ed. (36) H\u013ea, Al\u017ebeta, tvoja pr\u00edbuzn\u00e1, ktor\u00fa naz\u00fdvali neplodnou, tie\u017e po\u010dala v starobe a je u\u017e v \u0161iestom mesiaci. (37) Lebo Bohu ni\u010d nebude nemo\u017en\u00e9. (38) Vtedy povedala M\u00e1ria: Som slu\u017eobnica P\u00e1nova, sta\u0148 sa mi pod\u013ea tvojho slova! A anjel odi\u0161iel od nej.\u201d Amen<\/em><\/p>\n\n\n\n<p><em>&nbsp;&nbsp; <\/em>Drah\u00ed bratia, mil\u00e9 sestry v P\u00e1nu!<\/p>\n\n\n\n<p>&nbsp;&nbsp;<em> \u201cBo\u017e\u00ed viano\u010dn\u00fd svet je pln\u00fd poslov a niektor\u00ed s\u00fa na ceste k tebe\u201d &#8211; <\/em>nap\u00edsal h\u013abav\u00fd kres\u0165ansk\u00fd myslite\u013e. Sk\u00fasme dnes, ke\u010f advent vrchol\u00ed, h\u013eada\u0165 pravdivos\u0165 tejto my\u0161lienky v na\u0161om vlastnom \u017eivote. Sk\u00fasme n\u00e1js\u0165 o\u010dami viery aj my tak\u00e9ho Bo\u017eieho posla, ktor\u00fd ide pr\u00e1ve k n\u00e1m. Pod na\u0161u strechu. Do n\u00e1\u0161ho domu a azda aj ku mne osobne.<\/p>\n\n\n\n<p>\u00a0\u00a0 Neuspokojme sa s t\u00fdm, \u017ee kedysi d\u00e1vno takto konal P\u00e1n Boh, ale dnes u\u017e nie. Nemyslime si, \u017ee P\u00e1n Boh m\u00e1 iba jedn\u00e9ho posla &#8211; toho, ktor\u00fd niekedy vkro\u010dil do galilejsk\u00e9ho mesta Nazareta a zav\u00edtal k panne z D\u00e1vidovho rodu, ktor\u00e1 sa volala M\u00e1ria. Nebu\u010fme smutn\u00ed z toho, \u017ee pr\u00e1ve jej, jedinej vyvolenej spomedzi v\u0161etk\u00fdch \u017eien, blahoslavenej a po\u017eehnanej dal Boh svojho Syna. Dal Ho v\u0161etk\u00fdm n\u00e1m. Preto apo\u0161tolsk\u00e9 slovo hovor\u00ed: <em>\u201cOpakujem, radujte sa!\u201d. <\/em>Pripravuje n\u00e1s nanovo na prijatie radosti, ktor\u00e1 bude v\u0161etk\u00e9mu \u013eudu.<\/p>\n\n\n\n<p>\u00a0\u00a0 Tak, ako bolo posolstvo o vtelen\u00ed a naroden\u00ed Je\u017ei\u0161a, Syna Najvy\u0161\u0161ieho a s\u00fa\u010dasne potomka zo sl\u00e1vneho D\u00e1vidovho rodu rados\u0165ou pre predch\u00e1dzaj\u00face gener\u00e1cie,je d\u00f4vodom radosti i pre n\u00e1s, pre na\u0161e deti, pre na\u0161ich vnukov a pravnukov.<\/p>\n\n\n\n<p>&nbsp;&nbsp; \u0160tvrtou adventnou nede\u013eou vrchol\u00ed \u010das pr\u00edprav na Vianoce a mno\u017estvo \u013eud\u00ed je presved\u010den\u00fdch, \u017ee v\u0161etka viano\u010dn\u00e1 rados\u0165 je v na\u0161ich ruk\u00e1ch, v na\u0161ich mo\u017enostiach, v na\u0161ej pe\u0148a\u017eenke, v na\u0161ej vynaliezavosti a v na\u0161om nerv\u00f3znom zhone a pachten\u00ed. Viano\u010dn\u00e1 rados\u0165 m\u00e1 in\u00fd prame\u0148 a z\u00e1klad, ktor\u00fd nie je z n\u00e1s.<\/p>\n\n\n\n<p>\u00a0\u00a0 Preto P\u00e1n Boh posiela svojich poslov i dnes do ka\u017ed\u00e9ho domu. Je jedno, \u010di je to posol, ktor\u00fd m\u00e1 na sebe kam\u017eu (luter\u00e1k) alebo je to mo\u017eno die\u0165a, ktor\u00e9 si opakuje viano\u010dn\u00fd vin\u0161, b\u00e1sni\u010dku, piese\u0148, koledu, alebo slov\u00e1\u00a0 evanjelistu Luk\u00e1\u0161a. Mo\u017eno je to posol telev\u00edzny, mo\u017eno ten, ktor\u00fd sa n\u00e1 prihovoril z tla\u010den\u00e9ho slova Evanjelick\u00e9ho posla, mo\u017eno z nejak\u00e9ho in\u00e9ho textu, \u010di obr\u00e1zku. M\u00f4\u017ee to by\u0165 posol v podobe suseda, alebo \u010dlovek, ktor\u00fd sa zachoval skuto\u010dne \u013eudsky ku n\u00e1m, alebo n\u00e1\u0161mu bl\u00ed\u017enemu, ke\u010f to potreboval. Alebo je to niekto, kto sa povzbudivo na n\u00e1s pozrel a usmial, bez z\u00e1visti a zloby.\u00a0<\/p>\n\n\n\n<p>\u00a0\u00a0 Ak n\u00e1s prenikne pocit novej sk\u00fasenosti l\u00e1sky a pomoci, bratstva, pravdy, \u010destnosti, \u010di dokonca zmeny spr\u00e1vania n\u00e1\u0161ho bl\u00ed\u017eneho, m\u00f4\u017ee to by\u0165 ten posol, ktor\u00fd obr\u00e1ti n\u00e1\u0161 zrak na Toho, ktor\u00fd kon\u00e1 v\u017edy znovu tak, \u017ee n\u00e1s obdarov\u00e1va svojou milos\u0165ou. Je\u017ei\u0161 bol Darom milosti nielen pre M\u00e1riu a pre jej osobn\u00fd \u017eivot. Je\u017ei\u0161 a jeho kr\u00e1\u013eovstvo, ktor\u00e9mu <em>\u201cnebude konca\u201d <\/em>je tu st\u00e1le pre ka\u017ed\u00e9ho. Bol nezasl\u00fa\u017een\u00fdm darom pre Jeho matku M\u00e1riu, ale aj pre jej pr\u00edbuzn\u00fa Al\u017ebetu. Bol darom pre Zachari\u00e1\u0161a, ale aj pre e\u0161te nenaroden\u00e9ho J\u00e1na Krstite\u013ea. Aj on sa toti\u017e \u201dradostne pohol\u201d pod srdcom svojej matky Al\u017ebety, ke\u010f pri\u0161la do ich domu M\u00e1ria s Je\u017ei\u0161kom pod srdcom i v srdci, ako Bo\u017e\u00ed posol.<\/p>\n\n\n\n<p>&nbsp;&nbsp; Na za\u010diatku je to v\u017edy P\u00e1n Boh, ktor\u00fd kon\u00e1,ktor\u00fd pripravuj Dar nev\u00fdslovnej ceny &#8211; sp\u00e1su a z\u00e1chranu v Je\u017ei\u0161ovi ka\u017ed\u00e9mu. To n\u00e1m hovor\u00ed evanjelium. Ale potom tento Dar z neba mus\u00ed \u010dlovek prija\u0165, mus\u00ed Ho uchopi\u0165 vierou. Mus\u00ed sa odv\u00e1\u017ei\u0165 veri\u0165, \u017ee je to dar aj pre m\u0148a, tak\u00e9ho ak\u00fd som teraz. \u010clovek sa nemus\u00ed zmeni\u0165, aby ten Dar mohol prija\u0165, vzia\u0165 do svojich, \u010di lep\u0161ie &#8211; do svojho srdca. Ale ke\u010f Ho \u010dlovek pr\u00edjme, potom sa men\u00ed a zmen\u00ed. On s\u00e1m to urob\u00ed. Sp\u00f4sob\u00ed t\u00fa neraz vyt\u00fa\u017een\u00fa zmenu v n\u00e1s a s nami.<\/p>\n\n\n\n<p>&nbsp;&nbsp; Prirodzene, prijatie toho Daru mus\u00ed by\u0165 skuto\u010dn\u00e9. Nie form\u00e1lne, ani \u201cstrojen\u00e9\u201d, alebo \u201chran\u00e9\u201d a \u201cnafilmovan\u00e9\u201d. Ani nie iba \u201cnau\u010den\u00e9\u201d, ale &#8211; norm\u00e1lne a&nbsp; \u00faprimn\u00e9. A to v\u0161etko napriek tomu, \u010di pr\u00e1ve preto, \u017ee ide v\u017edy znovu o prijatie Ducha Sv\u00e4t\u00e9ho a o to, \u017ee \u010dloveka sa jemne dotkne a <em>\u201czatieni ho moc Najvy\u0161\u0161ieho\u201d.&nbsp;<\/em><\/p>\n\n\n\n<p>&nbsp;&nbsp; Bratia a sestry!<\/p>\n\n\n\n<p>\u00a0\u00a0 Toto sa u\u010d\u00edme dnes od M\u00e1rie, matky P\u00e1na Je\u017ei\u0161a a vzoru ka\u017ed\u00e9ho veriaceho kres\u0165ana. \u201cViera je z po\u010d\u00favania\u201d, hovor\u00ed apo\u0161tol Pavol. M\u00e1ria po\u010d\u00favala Bo\u017eie slovo pozorne, prem\u00fd\u0161\u013eala nad po\u010dut\u00fdm slovom a konci toho je &#8211; viera. Nie ak\u00fdsi neur\u010dit\u00fd \u201cpocit\u201d, nie ak\u00e9si \u201ctu\u0161enie \u010dohosi\u201d, ale viera a pohyb, smeruj\u00faci k \u010dinu. Viera je prijatie obdarovania a M\u00e1ria povedala: <em>\u201cSom slu\u017eobnica P\u00e1nova, sta\u0148 sa mi pod\u013ea tvojho slova\u201d. <\/em>To je prav\u00e1 a skuto\u010dn\u00e1 viera v Krista. To je jedin\u00e1 viera, ktor\u00e1 prij\u00edma to, \u010do P\u00e1n Boh pon\u00faka. A to je hodn\u00e9 nasledovania aj z na\u0161ej strany.<\/p>\n\n\n\n<p>&nbsp;&nbsp; Bratia a sestry!<\/p>\n\n\n\n<p>&nbsp;&nbsp; Aj ke\u010f sme v z\u00e1vere svedectva evanjelistu po\u010duli, \u017ee <em>\u201canjel<\/em>\u201d, posol Bo\u017e\u00ed,<em> \u201codi\u0161iel od nej<\/em>\u201d, neodi\u0161la od M\u00e1rie viera a rados\u0165. Neodi\u0161la ani ochota podeli\u0165 sa so svojou rados\u0165ou s Al\u017ebetou, hoci bolo potrebn\u00e9 vynalo\u017ei\u0165 \u00fasilie a n\u00e1mahu, aby sa dostala do Judska, kde jej pr\u00edbuzn\u00e1 \u017eila. Tu uk\u00e1zala, \u017ee z jej viery vych\u00e1dzala celkom spont\u00e1nna, prirodzen\u00e1 a hlbok\u00e1 chv\u00e1la a oslava P\u00e1na Boha.<\/p>\n\n\n\n<p>Vtedy povedal M\u00e1ria: <em>\u201cVeleb\u00ed moja du\u0161a P\u00e1na\u201d<\/em>\u2026<\/p>\n\n\n\n<p>Martin Luther bol unesen\u00fd t\u00fdmto chv\u00e1lospevom a v\u010fakyvzdan\u00edm M\u00e1rie. Hodnotil ho ve\u013emi vysoko. U\u010dil sa z neho a in\u0161piroval sa z neho. Mo\u017eno by niekto povedal: Ale ve\u010f ni\u010d tak\u00e9 zvl\u00e1\u0161tne nepovedala! Iba zopakovala a zaspievala r\u00f4zne ver\u0161e \u017ealmov a cit\u00e1ty zo SZ. To, \u010do sa iste nau\u010dila na n\u00e1bo\u017eenstve v nazaretskej synag\u00f3ge tak, ako ka\u017ed\u00e9 in\u00e9 izraelsk\u00e9 die\u0165a.<\/p>\n\n\n\n<p>&nbsp; Bratia a sestry!<\/p>\n\n\n\n<p>&nbsp; &nbsp; O to pr\u00e1ve ide. My sa tie\u017e u\u017e v\u0161eli\u010do nau\u010dili z P\u00edsma: zo \u017ealmov, nie\u010do z prorokov a nie\u010do z vyu\u010duj\u00facich kn\u00edh at\u010f. A aj n\u00e1m sa tie v\u00fdroky, cit\u00e1ty, osobn\u00e9 vyznania a chv\u00e1lospevy m\u00f4\u017eu sta\u0165 na\u0161imi vlastn\u00fdmi chv\u00e1lospevmi, ke\u010f Bo\u017e\u00ed dar pr\u00edjmeme s plnou d\u00f4verou. Kie\u017e by zaznelo u\u017e dnes v na\u0161ich \u00fastach a srdciach na\u0161e amen na Bo\u017eie konanie&nbsp; a skrze n\u00e1s aj v srdciach a \u00fastach na\u0161ich bl\u00edzkych a v na\u0161ich rodin\u00e1ch.<\/p>\n\n\n\n<p>&nbsp;&nbsp; <em>\u201cBo\u017e\u00ed viano\u010dn\u00fd svet je pln\u00fd poslov\u201d\u2026<\/em>povedal h\u013abav\u00fd myslite\u013e- a my m\u00f4\u017eeme doda\u0165, \u017ee sa nimi m\u00f4\u017eeme a m\u00e1me sta\u0165 aj my. Mo\u017eno preto pre\u017eijeme nie\u010do ne\u010dakan\u00e9, ale pr\u00edjemn\u00e9, bla\u017een\u00e9 a radostn\u00e9, ke\u010f niekto z n\u00e1\u0161ho okolia aj pre na\u0161e posolstvo a vernos\u0165 evanjeliu za\u010dne spieva\u0165 star\u00fd viano\u010dn\u00fd chor\u00e1l, alebo piese\u0148 a chv\u00e1lospev, ktor\u00fd bude znie\u0165 nielen na \u0160tedr\u00fd ve\u010der a cez Vianoce, ale aj po nich. Ak sa tak stane, bude pokra\u010dova\u0165 tento sl\u00e1vospev aj potom, ke\u010f n\u00e1\u0161 hlas tu na zemi doznie v tichom m\u00f3le a zam\u013akne, preto\u017ee bude trvalo znie\u0165 v nebesiach v spolo\u010denstve mnoh\u00fdch vern\u00fdch a s anjelsk\u00fdmi z\u00e1stupami pred tr\u00f3nom Najvy\u0161\u0161ieho. Amen&nbsp;<\/p>\n\n\n\n<p>&nbsp;&nbsp; 4.adventn\u00e1 nede\u013ea &nbsp; \u2014 Myjava&nbsp; 22 &nbsp; \u2014&nbsp; \u013dubom\u00edr Batka&nbsp; st. &nbsp;<\/p>\n","protected":false},"excerpt":{"rendered":"<p>&nbsp; &nbsp; M\u00e1riino amen na Bo\u017eie konanie Ke\u010f zrieme vierou dnesku v\u00fd\u0161in\u00e1m,\u00f3, Kriste, Pane n\u00e1\u0161,zjav sa i n\u00e1m!Pre l\u00e1sku premnoh\u00faozna\u010d n\u00e1m \u00falohua ve\u010f n\u00e1s ku Bohu,ve\u010f k v\u00fd\u0161in\u00e1m! Amen (M.R.) L 1, 26 &#8211; &nbsp; 38: \u201c Potom v \u0161iestom mesiaci poslal Boh anjela Gabriela do galilejsk\u00e9ho mesta Nazareta (27) k panne, zasn\u00fabenej s mu\u017eom, &#8230; <a title=\"M\u00e1riino amen na Bo\u017eie konanie\" class=\"read-more\" href=\"https:\/\/www.e-anjelik.sk\/index.php\/2022\/12\/15\/mariino-amen-na-bozie-konanie\/\" aria-label=\"Pre\u010d\u00edtajte si viac o M\u00e1riino amen na Bo\u017eie konanie\">\u010c\u00edta\u0165 viac<\/a><\/p>\n","protected":false},"author":4,"featured_media":0,"comment_status":"open","ping_status":"open","sticky":false,"template":"","format":"standard","meta":{"footnotes":""},"categories":[583,179,121,118,95],"tags":[],"class_list":["post-35873","post","type-post","status-publish","format-standard","hentry","category-4-adventna-nedela","category-advent","category-kazne","category-myjava","category-sobotiste"],"_links":{"self":[{"href":"https:\/\/www.e-anjelik.sk\/index.php\/wp-json\/wp\/v2\/posts\/35873","targetHints":{"allow":["GET"]}}],"collection":[{"href":"https:\/\/www.e-anjelik.sk\/index.php\/wp-json\/wp\/v2\/posts"}],"about":[{"href":"https:\/\/www.e-anjelik.sk\/index.php\/wp-json\/wp\/v2\/types\/post"}],"author":[{"embeddable":true,"href":"https:\/\/www.e-anjelik.sk\/index.php\/wp-json\/wp\/v2\/users\/4"}],"replies":[{"embeddable":true,"href":"https:\/\/www.e-anjelik.sk\/index.php\/wp-json\/wp\/v2\/comments?post=35873"}],"version-history":[{"count":3,"href":"https:\/\/www.e-anjelik.sk\/index.php\/wp-json\/wp\/v2\/posts\/35873\/revisions"}],"predecessor-version":[{"id":36941,"href":"https:\/\/www.e-anjelik.sk\/index.php\/wp-json\/wp\/v2\/posts\/35873\/revisions\/36941"}],"wp:attachment":[{"href":"https:\/\/www.e-anjelik.sk\/index.php\/wp-json\/wp\/v2\/media?parent=35873"}],"wp:term":[{"taxonomy":"category","embeddable":true,"href":"https:\/\/www.e-anjelik.sk\/index.php\/wp-json\/wp\/v2\/categories?post=35873"},{"taxonomy":"post_tag","embeddable":true,"href":"https:\/\/www.e-anjelik.sk\/index.php\/wp-json\/wp\/v2\/tags?post=35873"}],"curies":[{"name":"wp","href":"https:\/\/api.w.org\/{rel}","templated":true}]}}