{"id":3588,"date":"2011-06-01T23:45:44","date_gmt":"2011-06-01T23:45:44","guid":{"rendered":"http:\/\/e-anjelik.sk\/?p=3588"},"modified":"2011-06-01T23:45:44","modified_gmt":"2011-06-01T23:45:44","slug":"10-rocnik-cykloturistickeho-maratonu-po-stopach-martina-razusa","status":"publish","type":"post","link":"https:\/\/www.e-anjelik.sk\/index.php\/2011\/06\/01\/10-rocnik-cykloturistickeho-maratonu-po-stopach-martina-razusa\/","title":{"rendered":"10. RO\u010cN\u00cdK CYKLOTURISTICK\u00c9HO MARAT\u00d3NU PO STOP\u00c1CH MARTINA R\u00c1ZUSA"},"content":{"rendered":"<p>&nbsp;<b style=\"margin-top: 0px; margin-right: 0px; margin-bottom: 0px; margin-left: 0px; padding-top: 0px; padding-right: 0px; padding-bottom: 0px; padding-left: 0px; color: rgb(51, 51, 51); font-size: 12px; line-height: 1.5; font-family: Arial, Verdana, Lucida, sans-serif; \">Kde: Lipt. Mikul&aacute;&scaron; &#8211; Brezno &#8211; Bansk&aacute; Bystrica &#8211; Lipt. Mikul&aacute;&scaron;<\/b><\/p>\n<p><b style=\"margin-top: 0px; margin-right: 0px; margin-bottom: 0px; margin-left: 0px; padding-top: 0px; padding-right: 0px; padding-bottom: 0px; padding-left: 0px; color: rgb(51, 51, 51); font-size: 12px; line-height: 1.5; font-family: Arial, Verdana, Lucida, sans-serif; \">Kedy: 20.08.2011 do 20.08.2011\t<\/b><\/p>\n<h5 style=\"margin-top: 14px; margin-right: 0px; margin-bottom: -5px; margin-left: 0px; padding-top: 0px; padding-right: 0px; padding-bottom: 0px; padding-left: 0px; font-size: 15px; color: rgb(51, 51, 51); line-height: 1.5; font-family: Times, Georgia, Arial; \">&nbsp;<\/h5>\n<h2 style=\"margin-top: 16px; margin-right: 0px; margin-bottom: -5px; margin-left: 0px; padding-top: 0px; padding-right: 0px; padding-bottom: 0px; padding-left: 0px; font-size: 16px; color: rgb(51, 51, 51); line-height: 1.5; font-family: Times, Georgia, Arial; \">10. ro\u010dn&iacute;k Cykloturistick&eacute;ho marat&oacute;nu &quot;Po stop&aacute;ch Martina R&aacute;zusa&quot;<\/h2>\n<p style=\"margin-top: 10px; margin-right: 0px; margin-bottom: 6px; margin-left: 0px; padding-top: 0px; padding-right: 0px; padding-bottom: 0px; padding-left: 0px; color: rgb(51, 51, 51); font-size: 12px; line-height: 1.5; font-family: Arial, Verdana, Lucida, sans-serif; \">Spolok Martina R&aacute;zusa v&nbsp;spolupr&aacute;ci s&nbsp;Mestom Liptovsk&yacute; Mikul&aacute;&scaron; a &Scaron;K Leader Fox bike Liptovsk&yacute; Mikul&aacute;&scaron; organizuj&uacute;&nbsp;<br style=\"margin-top: 0px; margin-right: 0px; margin-bottom: 0px; margin-left: 0px; padding-top: 0px; padding-right: 0px; padding-bottom: 0px; padding-left: 0px; color: rgb(51, 51, 51); font-size: 12px; line-height: 1.5; font-family: Arial, Verdana, Lucida, sans-serif; \" \/><br \/>\n10<strong style=\"margin-top: 0px; margin-right: 0px; margin-bottom: 0px; margin-left: 0px; padding-top: 0px; padding-right: 0px; padding-bottom: 0px; padding-left: 0px; color: rgb(51, 51, 51); font-size: 12px; line-height: 1.5; font-family: Arial, Verdana, Lucida, sans-serif; \">. ro\u010dn&iacute;k Cykloturistick&eacute;ho marat&oacute;nu Po stop&aacute;ch Martina R&aacute;zusa, a&nbsp;to v&nbsp;sobotu, 20. augusta 2011<\/strong>&nbsp;na tradi\u010dnej trase z&nbsp;Liptovsk&eacute;ho Mikul&aacute;&scaron;a cez \u010certovicu (1233 m n. m.), Brezno, Bansk&uacute; Bystricu, Donovaly (795 m n. m.) do Liptovsk&eacute;ho Mikul&aacute;&scaron;a.<\/p>\n<h2 style=\"margin-top: 16px; margin-right: 0px; margin-bottom: -5px; margin-left: 0px; padding-top: 0px; padding-right: 0px; padding-bottom: 0px; padding-left: 0px; font-size: 16px; color: rgb(51, 51, 51); line-height: 1.5; font-family: Times, Georgia, Arial; \">&Scaron;tart podujatia<\/h2>\n<p style=\"margin-top: 10px; margin-right: 0px; margin-bottom: 6px; margin-left: 0px; padding-top: 0px; padding-right: 0px; padding-bottom: 0px; padding-left: 0px; color: rgb(51, 51, 51); font-size: 12px; line-height: 1.5; font-family: Arial, Verdana, Lucida, sans-serif; \">&Scaron;tart podujatia bude o&nbsp;8.45 h pri rodnom dome Martina R&aacute;zusa, prv&aacute; zast&aacute;vka v&nbsp;Brezne pri jeho pomn&iacute;ku (cca o&nbsp;11.00 h). V&nbsp;Banskej Bystrici (cca 13.25 h) &uacute;\u010dastn&iacute;ci polo\u017eia kyticu na hrob Martina R&aacute;zusa a&nbsp;doplnia sily na dobrom obede. Cie\u013e marat&oacute;nu bude pri pam&auml;tn&iacute;ku Martina R&aacute;zusa v&nbsp;Liptovskom Mikul&aacute;&scaron;i o&nbsp;cca 18.15 h.<\/p>\n<h5 style=\"margin-top: 14px; margin-right: 0px; margin-bottom: -5px; margin-left: 0px; padding-top: 0px; padding-right: 0px; padding-bottom: 0px; padding-left: 0px; font-weight: normal; font-family: Times, Georgia, Arial; font-size: 15px; color: rgb(51, 51, 51); line-height: 1.5; \">&nbsp;<\/h5>\n<p style=\"margin-top: 10px; margin-right: 0px; margin-bottom: 6px; margin-left: 0px; padding-top: 0px; padding-right: 0px; padding-bottom: 0px; padding-left: 0px; color: rgb(51, 51, 51); font-size: 12px; line-height: 1.5; font-family: Arial, Verdana, Lucida, sans-serif; \">&nbsp;<\/p>\n<h2 style=\"margin-top: 16px; margin-right: 0px; margin-bottom: -5px; margin-left: 0px; padding-top: 0px; padding-right: 0px; padding-bottom: 0px; padding-left: 0px; font-size: 16px; color: rgb(51, 51, 51); line-height: 1.5; font-family: Times, Georgia, Arial; \">Hist&oacute;ria podujatia<strong style=\"margin-top: 0px; margin-right: 0px; margin-bottom: 0px; margin-left: 0px; padding-top: 0px; padding-right: 0px; padding-bottom: 0px; padding-left: 0px; color: rgb(51, 51, 51); font-size: 12px; line-height: 1.5; font-family: Arial, Verdana, Lucida, sans-serif; \"><br style=\"margin-top: 0px; margin-right: 0px; margin-bottom: 0px; margin-left: 0px; padding-top: 0px; padding-right: 0px; padding-bottom: 0px; padding-left: 0px; color: rgb(51, 51, 51); font-size: 12px; line-height: 1.5; font-family: Arial, Verdana, Lucida, sans-serif; \" \/><br \/>\n<\/strong><\/h2>\n<p style=\"margin-top: 10px; margin-right: 0px; margin-bottom: 6px; margin-left: 0px; padding-top: 0px; padding-right: 0px; padding-bottom: 0px; padding-left: 0px; color: rgb(51, 51, 51); font-size: 12px; line-height: 1.5; font-family: Arial, Verdana, Lucida, sans-serif; \">Cykloturistick&yacute; marat&oacute;n Po stop&aacute;ch Martina R&aacute;zusa je jednou z&nbsp;nosn&yacute;ch aktiv&iacute;t Spolku Martina R&aacute;zusa (zalo\u017een&yacute; 2002). Po\u010das doteraj&scaron;&iacute;ch 9. ro\u010dn&iacute;kov sa ho z&uacute;\u010dastnilo&nbsp;takmer 600 cyklistov zo v&scaron;etk&yacute;ch k&uacute;tov Slovenska, a&nbsp;to perfektne vybaven&yacute;ch, ale aj na amat&eacute;rskych strojoch. Nejde o&nbsp;v&iacute;\u0165azstvo, ide o&nbsp;&uacute;\u010das\u0165! Pravda, dostato\u010dn&aacute; fyzick&aacute; kond&iacute;cia a&nbsp;vhodn&eacute; technick&eacute; vybavenie s&uacute; podmienkou &uacute;spe&scaron;nej &uacute;\u010dasti.<\/p>\n<p style=\"margin-top: 10px; margin-right: 0px; margin-bottom: 6px; margin-left: 0px; padding-top: 0px; padding-right: 0px; padding-bottom: 0px; padding-left: 0px; color: rgb(51, 51, 51); font-size: 12px; line-height: 1.5; font-family: Arial, Verdana, Lucida, sans-serif; \">Ob\u010dianske zdru\u017eenie Spolok Martina R&aacute;zusa sa hl&aacute;si k&nbsp;odkazu v&yacute;znamn&eacute;ho slovensk&eacute;ho spisovate\u013ea, dramatika, b&aacute;snika, publicistu, evanjelick&eacute;ho k\u0148aza, politika, rod&aacute;ka z&nbsp;Vrbice, dnes s&uacute;\u010dasti Liptovsk&eacute;ho Mikul&aacute;&scaron;a. Dalo si za cie\u013e propagova\u0165 st&aacute;le aktu&aacute;lne dedi\u010dstvo duchovnej, umeleckej i&nbsp;politickej pr&aacute;ce Martina R&aacute;zusa, preniknutej demokratick&yacute;m, humanistick&yacute;m&nbsp;a&nbsp; etick&yacute;m posolstvom a &uacute;porn&yacute;m z&aacute;pasom o&nbsp;presadenie poznanej pravdy.&nbsp;<\/p>\n<p style=\"margin-top: 10px; margin-right: 0px; margin-bottom: 6px; margin-left: 0px; padding-top: 0px; padding-right: 0px; padding-bottom: 0px; padding-left: 0px; color: rgb(51, 51, 51); font-size: 12px; line-height: 1.5; font-family: Arial, Verdana, Lucida, sans-serif; \">&nbsp;<\/p>\n<h5 style=\"margin-top: 14px; margin-right: 0px; margin-bottom: -5px; margin-left: 0px; padding-top: 0px; padding-right: 0px; padding-bottom: 0px; padding-left: 0px; font-weight: normal; font-family: Times, Georgia, Arial; font-size: 15px; color: rgb(51, 51, 51); line-height: 1.5; \">Kontaktn&eacute; osoby a&nbsp;podrobn&eacute; inform&aacute;cie pre z&aacute;ujemcov:<\/h5>\n<ul style=\"margin-top: 0px; margin-right: 0px; margin-bottom: 0px; margin-left: 10px; padding-top: 0px; padding-right: 0px; padding-bottom: 0px; padding-left: 0px; color: rgb(51, 51, 51); font-size: 12px; line-height: 1.5; font-family: Arial, Verdana, Lucida, sans-serif; list-style-type: square; \">\n<li style=\"margin-top: 2px; margin-right: 10px; margin-bottom: 2px; margin-left: 10px; padding-top: 0px; padding-right: 0px; padding-bottom: 0px; padding-left: 0px; list-style-type: none; list-style-image: none; background-image: url(http:\/\/www.evanjelik.sk\/files\/color\/garland-36bd7216\/menu-leaf.gif); background-attachment: initial; background-origin: initial; background-clip: initial; background-color: transparent; color: rgb(51, 51, 51); font-size: 12px; line-height: 1.5; font-family: Arial, Verdana, Lucida, sans-serif; background-position: 1px 0.35em; background-repeat: no-repeat no-repeat; \">Ing. J&aacute;n Bether,&nbsp; predseda &Scaron;K Leader Fox Bike,&nbsp; 0903 510&nbsp;246,&nbsp;<a title=\"vitalit@vitalitsport.sk\" style=\"color: rgb(146, 16, 16); text-decoration: none; margin-top: 0px; margin-right: 0px; margin-bottom: 0px; margin-left: 0px; padding-top: 0px; padding-right: 0px; padding-bottom: 0px; padding-left: 0px; font-size: 12px; line-height: 1.5; font-family: Arial, Verdana, Lucida, sans-serif; \" href=\"mailto:vitalit@vitalitsport.sk\">vitalit@vitalitsport.sk<\/a><\/li>\n<li style=\"margin-top: 2px; margin-right: 10px; margin-bottom: 2px; margin-left: 10px; padding-top: 0px; padding-right: 0px; padding-bottom: 0px; padding-left: 0px; list-style-type: none; list-style-image: none; background-image: url(http:\/\/www.evanjelik.sk\/files\/color\/garland-36bd7216\/menu-leaf.gif); background-attachment: initial; background-origin: initial; background-clip: initial; background-color: transparent; color: rgb(51, 51, 51); font-size: 12px; line-height: 1.5; font-family: Arial, Verdana, Lucida, sans-serif; background-position: 1px 0.35em; background-repeat: no-repeat no-repeat; \">Mgr. Vladim&iacute;r Feren\u010d&iacute;k, predseda Spolku Martina R&aacute;zusa, 0918&nbsp;828 153,&nbsp;<a title=\"vlafe@inmail.sk\" style=\"color: rgb(146, 16, 16); text-decoration: none; margin-top: 0px; margin-right: 0px; margin-bottom: 0px; margin-left: 0px; padding-top: 0px; padding-right: 0px; padding-bottom: 0px; padding-left: 0px; font-size: 12px; line-height: 1.5; font-family: Arial, Verdana, Lucida, sans-serif; \" href=\"mailto:vlafe@inmail.sk\">vlafe@inmail.sk<\/a><\/li>\n<\/ul>\n<p style=\"margin-top: 10px; margin-right: 0px; margin-bottom: 6px; margin-left: 0px; padding-top: 0px; padding-right: 0px; padding-bottom: 0px; padding-left: 0px; color: rgb(51, 51, 51); font-size: 12px; line-height: 1.5; font-family: Arial, Verdana, Lucida, sans-serif; \">Viac na:<\/p>\n<p>&nbsp;<\/p>\n<p style=\"margin-top: 10px; margin-right: 0px; margin-bottom: 6px; margin-left: 0px; padding-top: 0px; padding-right: 0px; padding-bottom: 0px; padding-left: 0px; color: rgb(51, 51, 51); font-size: 12px; line-height: 1.5; font-family: Arial, Verdana, Lucida, sans-serif; \"><a href=\"http:\/\/www.razus.sk\/podujatia\/10-rocnik-cykloturistickeho-maratonu-po-stopach-martina-razusa\/\">http:\/\/www.razus.sk\/podujatia\/10-rocnik-cykloturistickeho-maratonu-po-stopach-martina-razusa\/<\/a><\/p>\n","protected":false},"excerpt":{"rendered":"<p>&nbsp;Kde: Lipt. Mikul&aacute;&scaron; &#8211; Brezno &#8211; Bansk&aacute; Bystrica &#8211; Lipt. Mikul&aacute;&scaron; Kedy: 20.08.2011 do 20.08.2011 &nbsp; 10. ro\u010dn&iacute;k Cykloturistick&eacute;ho marat&oacute;nu &quot;Po stop&aacute;ch Martina R&aacute;zusa&quot; Spolok Martina R&aacute;zusa v&nbsp;spolupr&aacute;ci s&nbsp;Mestom Liptovsk&yacute; Mikul&aacute;&scaron; a &Scaron;K Leader Fox bike Liptovsk&yacute; Mikul&aacute;&scaron; organizuj&uacute;&nbsp; 10. ro\u010dn&iacute;k Cykloturistick&eacute;ho marat&oacute;nu Po stop&aacute;ch Martina R&aacute;zusa, a&nbsp;to v&nbsp;sobotu, 20. augusta 2011&nbsp;na tradi\u010dnej trase z&nbsp;Liptovsk&eacute;ho &#8230; <a title=\"10. RO\u010cN\u00cdK CYKLOTURISTICK\u00c9HO MARAT\u00d3NU PO STOP\u00c1CH MARTINA R\u00c1ZUSA\" class=\"read-more\" href=\"https:\/\/www.e-anjelik.sk\/index.php\/2011\/06\/01\/10-rocnik-cykloturistickeho-maratonu-po-stopach-martina-razusa\/\" aria-label=\"Pre\u010d\u00edtajte si viac o 10. RO\u010cN\u00cdK CYKLOTURISTICK\u00c9HO MARAT\u00d3NU PO STOP\u00c1CH MARTINA R\u00c1ZUSA\">\u010c\u00edta\u0165 viac<\/a><\/p>\n","protected":false},"author":1,"featured_media":0,"comment_status":"open","ping_status":"open","sticky":false,"template":"","format":"standard","meta":{"footnotes":""},"categories":[1],"tags":[],"class_list":["post-3588","post","type-post","status-publish","format-standard","hentry","category-adventna-modlitba"],"_links":{"self":[{"href":"https:\/\/www.e-anjelik.sk\/index.php\/wp-json\/wp\/v2\/posts\/3588","targetHints":{"allow":["GET"]}}],"collection":[{"href":"https:\/\/www.e-anjelik.sk\/index.php\/wp-json\/wp\/v2\/posts"}],"about":[{"href":"https:\/\/www.e-anjelik.sk\/index.php\/wp-json\/wp\/v2\/types\/post"}],"author":[{"embeddable":true,"href":"https:\/\/www.e-anjelik.sk\/index.php\/wp-json\/wp\/v2\/users\/1"}],"replies":[{"embeddable":true,"href":"https:\/\/www.e-anjelik.sk\/index.php\/wp-json\/wp\/v2\/comments?post=3588"}],"version-history":[{"count":0,"href":"https:\/\/www.e-anjelik.sk\/index.php\/wp-json\/wp\/v2\/posts\/3588\/revisions"}],"wp:attachment":[{"href":"https:\/\/www.e-anjelik.sk\/index.php\/wp-json\/wp\/v2\/media?parent=3588"}],"wp:term":[{"taxonomy":"category","embeddable":true,"href":"https:\/\/www.e-anjelik.sk\/index.php\/wp-json\/wp\/v2\/categories?post=3588"},{"taxonomy":"post_tag","embeddable":true,"href":"https:\/\/www.e-anjelik.sk\/index.php\/wp-json\/wp\/v2\/tags?post=3588"}],"curies":[{"name":"wp","href":"https:\/\/api.w.org\/{rel}","templated":true}]}}