{"id":35890,"date":"2022-12-23T00:25:40","date_gmt":"2022-12-22T23:25:40","guid":{"rendered":"https:\/\/e-anjelik.sk\/?p=35890"},"modified":"2022-12-24T16:20:41","modified_gmt":"2022-12-24T15:20:41","slug":"pozdrav-k-vianociam-2022","status":"publish","type":"post","link":"https:\/\/www.e-anjelik.sk\/index.php\/2022\/12\/23\/pozdrav-k-vianociam-2022\/","title":{"rendered":"Pozdrav k Vianociam 2022"},"content":{"rendered":"\n<p><strong><em>&nbsp; Pozdrav k Vianociam 2022<\/em><\/strong><\/p>\n\n\n\n<p><strong><em>&nbsp;&nbsp; &nbsp; <\/em><\/strong><em>Redakcia <\/em><a href=\"http:\/\/www.evanjelik.sk\"><em>www.evanjelik.sk<\/em><\/a><em>&nbsp; praje v\u0161etk\u00fdm svoj\u00edm nav\u0161tevovate\u013eom, prispievate\u013eom a priaznivcom pokojn\u00e9, radostn\u00e9 a milostipln\u00e9 Vianoce.&nbsp;<\/em><\/p>\n\n\n\n<p><em>&nbsp;&nbsp; &nbsp; Pros\u00edme P\u00e1na Boha, aby n\u00e1m&nbsp; zves\u0165 ve\u013ekej radosti z betlehemsk\u00fdch pol\u00ed dala nov\u00fa n\u00e1dej pokoja a mieru v cirkvi i vo svete, zvl\u00e1\u0161\u0165 aj na\u0161\u00edm susedom na \u0165a\u017eko sk\u00fa\u0161anej Ukrajine.<\/em><\/p>\n\n\n\n<p><em>&nbsp;&nbsp; Nech pokoj Bo\u017e\u00ed, ktor\u00fd prevy\u0161uje ka\u017ed\u00fd rozum, chr\u00e1ni srdcia a mysle v\u0161etk\u00fdch V\u00e1s aj v novom roku 2023.<\/em><\/p>\n\n\n\n<p><strong><em>Viano\u010dn\u00fd pozdrav<\/em><\/strong><\/p>\n\n\n\n<p><strong><em>Nie v kvete \u013eadovom,<\/em><\/strong><\/p>\n\n\n\n<p><strong><em>\u010do kvitne na Vianoce,<\/em><\/strong><\/p>\n\n\n\n<p><strong><em>nie v stromku vo\u0148avom,<\/em><\/strong><\/p>\n\n\n\n<p><strong><em>\u010do lesn\u00fa b\u00e1j \u0161epoce,<\/em><\/strong><\/p>\n\n\n\n<p><strong><em>ani v hodokvase,<\/em><\/strong><\/p>\n\n\n\n<p><strong><em>\u010do s\u00fdti iba telo,<\/em><\/strong><\/p>\n\n\n\n<p><strong><em>ani v hviezdnej kr\u00e1se,<\/em><\/strong><\/p>\n\n\n\n<p><strong><em>hoc by ju obletelo<\/em><\/strong><\/p>\n\n\n\n<p><strong><em>je prav\u00e9 \u010daro t\u00fdchto dn\u00ed\u2026!<\/em><\/strong><\/p>\n\n\n\n<p><strong><em>Ono je v Die\u0165atku, \u010do te\u0161\u00ed n\u00e1s,<\/em><\/strong><\/p>\n\n\n\n<p><strong><em>rozt\u00e1pa \u013eudsk\u00fd \u013ead, rozt\u00e1pa mr\u00e1z.<\/em><\/strong><\/p>\n\n\n\n<p><strong><em>A v hrudi bud\u00ed n\u00e1dej,<\/em><\/strong><\/p>\n\n\n\n<p><strong><em>\u017ee p\u00fa\u0165 p\u00f4jde \u010falej<\/em><\/strong><\/p>\n\n\n\n<p><strong><em>a na druhom brehu,<\/em><\/strong><\/p>\n\n\n\n<p><strong><em>po v\u00ed\u0165aznom behu<\/em><\/strong><\/p>\n\n\n\n<p><strong><em>sa n\u00e1m zas rozodn\u00ed\u2026!<\/em><\/strong><\/p>\n\n\n\n<p><em>Daniel M.Fakla<\/em><\/p>\n","protected":false},"excerpt":{"rendered":"<p>&nbsp; Pozdrav k Vianociam 2022 &nbsp;&nbsp; &nbsp; Redakcia www.evanjelik.sk&nbsp; praje v\u0161etk\u00fdm svoj\u00edm nav\u0161tevovate\u013eom, prispievate\u013eom a priaznivcom pokojn\u00e9, radostn\u00e9 a milostipln\u00e9 Vianoce.&nbsp; &nbsp;&nbsp; &nbsp; Pros\u00edme P\u00e1na Boha, aby n\u00e1m&nbsp; zves\u0165 ve\u013ekej radosti z betlehemsk\u00fdch pol\u00ed dala nov\u00fa n\u00e1dej pokoja a mieru v cirkvi i vo svete, zvl\u00e1\u0161\u0165 aj na\u0161\u00edm susedom na \u0165a\u017eko sk\u00fa\u0161anej Ukrajine. &nbsp;&nbsp; Nech &#8230; <a title=\"Pozdrav k Vianociam 2022\" class=\"read-more\" href=\"https:\/\/www.e-anjelik.sk\/index.php\/2022\/12\/23\/pozdrav-k-vianociam-2022\/\" aria-label=\"Pre\u010d\u00edtajte si viac o Pozdrav k Vianociam 2022\">\u010c\u00edta\u0165 viac<\/a><\/p>\n","protected":false},"author":4,"featured_media":0,"comment_status":"open","ping_status":"open","sticky":false,"template":"","format":"standard","meta":{"footnotes":""},"categories":[598,1,345,159],"tags":[],"class_list":["post-35890","post","type-post","status-publish","format-standard","hentry","category-vianocne-obdobie","category-adventna-modlitba","category-media","category-vianoce"],"_links":{"self":[{"href":"https:\/\/www.e-anjelik.sk\/index.php\/wp-json\/wp\/v2\/posts\/35890","targetHints":{"allow":["GET"]}}],"collection":[{"href":"https:\/\/www.e-anjelik.sk\/index.php\/wp-json\/wp\/v2\/posts"}],"about":[{"href":"https:\/\/www.e-anjelik.sk\/index.php\/wp-json\/wp\/v2\/types\/post"}],"author":[{"embeddable":true,"href":"https:\/\/www.e-anjelik.sk\/index.php\/wp-json\/wp\/v2\/users\/4"}],"replies":[{"embeddable":true,"href":"https:\/\/www.e-anjelik.sk\/index.php\/wp-json\/wp\/v2\/comments?post=35890"}],"version-history":[{"count":1,"href":"https:\/\/www.e-anjelik.sk\/index.php\/wp-json\/wp\/v2\/posts\/35890\/revisions"}],"predecessor-version":[{"id":35891,"href":"https:\/\/www.e-anjelik.sk\/index.php\/wp-json\/wp\/v2\/posts\/35890\/revisions\/35891"}],"wp:attachment":[{"href":"https:\/\/www.e-anjelik.sk\/index.php\/wp-json\/wp\/v2\/media?parent=35890"}],"wp:term":[{"taxonomy":"category","embeddable":true,"href":"https:\/\/www.e-anjelik.sk\/index.php\/wp-json\/wp\/v2\/categories?post=35890"},{"taxonomy":"post_tag","embeddable":true,"href":"https:\/\/www.e-anjelik.sk\/index.php\/wp-json\/wp\/v2\/tags?post=35890"}],"curies":[{"name":"wp","href":"https:\/\/api.w.org\/{rel}","templated":true}]}}