{"id":3591,"date":"2011-06-02T14:51:20","date_gmt":"2011-06-02T14:51:20","guid":{"rendered":"http:\/\/e-anjelik.sk\/?p=3591"},"modified":"2011-06-02T14:51:20","modified_gmt":"2011-06-02T14:51:20","slug":"cim-nam-prospelo-panovo-vstupenie","status":"publish","type":"post","link":"https:\/\/www.e-anjelik.sk\/index.php\/2011\/06\/02\/cim-nam-prospelo-panovo-vstupenie\/","title":{"rendered":"\u010c\u00edm n\u00e1m prospelo P\u00e1novo vst\u00fapenie?"},"content":{"rendered":"<p>&nbsp;<b>&nbsp;&nbsp; &nbsp; &nbsp; &nbsp; &nbsp; &nbsp; &nbsp; &nbsp; &nbsp; &nbsp; &nbsp; &nbsp; &nbsp; &nbsp; \u010c&iacute;m n&aacute;m prospelo P&aacute;novo vst&uacute;penie?<\/b><\/p>\n<p style=\"margin: 0.0px 0.0px 0.0px 0.0px; font: 18.0px Helvetica\"><span style=\"letter-spacing: 0.0px\"><b>J 16, 5-15:<\/b><\/span><\/p>\n<p style=\"margin: 0.0px 0.0px 0.0px 0.0px; font: 18.0px Helvetica\"><span style=\"letter-spacing: 0.0px\">&nbsp; &nbsp; <\/span><\/p>\n<p style=\"margin: 0.0px 0.0px 0.0px 0.0px; font: 18.0px Helvetica\"><span style=\"letter-spacing: 0.0px\">&nbsp;&nbsp; &nbsp;Bratia a sestry v PJK!<\/span><\/p>\n<p style=\"margin: 0.0px 0.0px 0.0px 0.0px; font: 18.0px Helvetica\"><span style=\"letter-spacing: 0.0px\">&nbsp; &nbsp; Ke\u010f chceli betlehemsk&iacute; pastieri vidie\u0165 Je\u017ei&scaron;a, vybrali sa do Betlehema, hovoriac: Po\u010fme a\u017e do Betlehema a vi\u010fme, \u010do sa to stalo, \u010do n&aacute;m ozn&aacute;mil P&aacute;n&rdquo;. Ke\u010f chcel Zacheus v Jerichu vidie\u0165 Je\u017ei&scaron;a, ktor&yacute; to je, vyliezol na div&yacute; figovn&iacute;k a pozeral sa ponad hlavy \u013eud&iacute; v z&aacute;stupe. Ke\u010f chceli vidie\u0165 Je\u017ei&scaron;a&nbsp; gr&eacute;cki prozelyti, obr&aacute;tili sa v Jeruzaleme na u\u010den&iacute;kov Filipa a Ondreja, ktor&iacute; boli z Galilejskej Betsaidy a vyu\u017eili svoju zn&aacute;mos\u0165 s nimi.&nbsp;<\/span><\/p>\n<p style=\"margin: 0.0px 0.0px 0.0px 0.0px; font: 18.0px Helvetica\"><span style=\"letter-spacing: 0.0px\">&nbsp;&nbsp; &nbsp; Ke\u010f chceme my vidie\u0165 Je\u017ei&scaron;a, nepom&ocirc;\u017ee n&aacute;m &iacute;s\u0165 ani do Betlehema, ani do Jericha, ani do Jeruzalema, alebo Galileje. Tam Je\u017ei&scaron;a neuvid&iacute;me.&nbsp;<\/span><\/p>\n<p style=\"margin: 0.0px 0.0px 0.0px 0.0px; font: 18.0px Helvetica\"><span style=\"letter-spacing: 0.0px\">&nbsp;&nbsp; &nbsp; Ale ak Ho predsa len chceme vidie\u0165, tak mus&iacute;me vzhliadnu\u0165 k nebes&aacute;m!&nbsp; Vzhliadnu\u0165 k nebu! Neznamen&aacute; to v&scaron;ak h\u013eadie\u0165 hore na oblohu, ako to urobii Jeho u\u010den&iacute;ci na hore Olivovej, nad sv&auml;t&yacute;m mestom. Ani najvy&scaron;&scaron;&iacute; kon\u010diar sveta n&aacute;s nepribl&iacute;\u017ei k sl&aacute;ve, do ktorej vst&uacute;pil P&aacute;n Je\u017ei&scaron;. &nbsp; &nbsp; &nbsp; &nbsp; &nbsp; &nbsp; &nbsp; &nbsp; &nbsp; &nbsp; &nbsp; &nbsp; &nbsp; &nbsp; &nbsp; &nbsp; &nbsp;<\/span><\/p>\n<p style=\"margin: 0.0px 0.0px 0.0px 0.0px; font: 18.0px Helvetica; min-height: 22.0px\">&nbsp;<\/p>\n<p style=\"margin: 0.0px 0.0px 0.0px 0.0px; font: 18.0px Helvetica\"><span style=\"letter-spacing: 0.0px\">&nbsp;&nbsp; &nbsp; &nbsp; Vidie\u0165 skuto\u010dnos\u0165, \u017ee PJ vst&uacute;pil do sl&aacute;vy Otca (Ef 1,17), znamen&aacute; prosi\u0165 a verne o\u010dak&aacute;va\u0165 na dar Ducha Sv&auml;t&eacute;ho, ktor&yacute; n&aacute;m otv&aacute;ra o\u010di a d&aacute;va prav&uacute; m&uacute;dros\u0165. Prejavuje sa v tom, \u017ee &ldquo;<i>osvecuje<\/i>&rdquo; na&scaron;e o\u010di pre poznanie, \u017ee Je\u017ei&scaron; sa vzkriesen&iacute;m z m\u0155tvych vymanil nielen z plachiet a z tmy hrobu, ale zo v&scaron;etkej pominute\u013enosti a poru&scaron;ite\u013enosti, v ktorej my e&scaron;te zost&aacute;vame. Bo\u017e&iacute; \u010din vzkriesenia je skuto\u010dn&yacute;m osl&aacute;ven&iacute;m Syna Bo\u017eieho, ktor&yacute; pokra\u010duje tak&yacute;m preb&yacute;van&iacute;m, ak&eacute; m&aacute; Otec. Takou existenciou, ktor&aacute; je mo\u017en&aacute; bez akejko\u013evek obmedzenosti. Sl&aacute;vu neba neh\u013eadajme ani my v nadobla\u010dn&yacute;ch v&yacute;&scaron;in&aacute;ch, ale v duchovnom svete, primeranom Bo\u017eej ve\u013ekosti a sl&aacute;ve. Je to tak, ako ap.Pavel zvestoval Gr&eacute;kom pri prvej n&aacute;v&scaron;teve At&eacute;n: <i>&ldquo;Ve\u010f Boh nie je \u010faleko od nikoho z n&aacute;s, lebo N&iacute;m \u017eijeme, h&yacute;beme sa a trv&aacute;me!<\/i>&nbsp; <\/span><\/p>\n<p style=\"margin: 0.0px 0.0px 0.0px 0.0px; font: 18.0px Helvetica\"><span style=\"letter-spacing: 0.0px\"><b>&nbsp;&nbsp; &nbsp;Nebo<\/b>, ako oblas\u0165 Bo\u017eieho preb&yacute;vania a sl&aacute;vy nie je \u010faleko od nikoho z n&aacute;s. Opak je pravdou! Aj s&aacute;m PJ povedal a potvrdil svoju pr&iacute;tomnso\u0165 pre u\u010den&iacute;kov po vst&uacute;pen&iacute; do sl&aacute;vy:&rdquo; <i>Ajh\u013ea, ja som s vami, po v&scaron;etky dni, a\u017e do konca sveta&rdquo;.(Mt 28,20).&nbsp;<\/i><\/span><span style=\"letter-spacing: 0.0px\">Je\u017ei&scaron; teda neodi&scaron;iel z tejto zeme, ale zo sp&ocirc;sobu \u017eivota na&scaron;ej \u013eudskej existencie, aby prijal ten prv&yacute; a p&ocirc;vodn&yacute; sp&ocirc;sob existencie, ktor&yacute; Mu pr&aacute;vom patr&iacute;. By\u0165 spolu s Otcom a Duchom Sv&auml;t&yacute;m, v dokonalej jednote a v sp&ocirc;sobe existencie duchovnej a ve\u010dnej.&nbsp;<\/span><\/p>\n<p style=\"margin: 0.0px 0.0px 0.0px 0.0px; font: 18.0px Helvetica\"><span style=\"letter-spacing: 0.0px\">&nbsp; &nbsp; Tento sp&ocirc;sob \u017eivota, ako prvotn&yacute; a Jemu vlastn&yacute; Mu v&scaron;ak umo\u017e\u0148uje, aby bol On s nami v&scaron;ade a na ka\u017edom mieste. \u010ci u\u017e tu na zemi, alebo nad \u0148ou, ale aj v r&iacute;&scaron;i m\u0155tvych.&nbsp;<\/span><\/p>\n<ul>\n<li style=\"margin: 0.0px 0.0px 0.0px 0.0px; font: 18.0px Helvetica\"><span style=\"letter-spacing: 0.0px\"> &nbsp; Pred p&aacute;r t&yacute;\u017ed\u0148ami sa pripom&iacute;nal prv&yacute; let \u010dloveka do kozmick&eacute;ho priestoru. Major Gagarin sa t&yacute;m stal sl&aacute;vnym. Stal sa v&scaron;ak aj smutne sl&aacute;vnym, ke\u010f pod tlakom vtedaj&scaron;ej propagandy pred novin&aacute;rmi povedal: &ldquo;Bol som vo vesm&iacute;re a Boha som tam nevidel&rdquo;!&nbsp; Pri n&aacute;v&scaron;teve Ameriky mu nesk&ocirc;r povedalo jedno diev\u010datko: &ldquo;P&aacute;n Gagarin, ak ste e&scaron;te nevideli Boha, tak to preto, lebo nem&aacute;te \u010dist&eacute; srdce&rdquo;. P&aacute;n Je\u017ei&scaron; hovor&iacute;: &ldquo;Blahoslaven&iacute; \u010dist&eacute;ho srdca, leob oni Boha uvidia&rdquo;. (Mt 5,8)<\/span><\/li>\n<\/ul>\n<p style=\"margin: 0.0px 0.0px 0.0px 0.0px; font: 18.0px Helvetica\"><span style=\"letter-spacing: 0.0px\">&nbsp; &nbsp; &nbsp; <b>Vst&uacute;pen&iacute;m na nebes&aacute; sa Je\u017ei&scaron; vr&aacute;til k Otcovi!<\/b><\/span><\/p>\n<p style=\"margin: 0.0px 0.0px 0.0px 0.0px; font: 18.0px Helvetica\"><span style=\"letter-spacing: 0.0px\"><b>&nbsp;&nbsp; &nbsp; &nbsp; &nbsp; &nbsp; &nbsp; U\u010den&iacute;kom i n&aacute;m to prospieva preto,&nbsp;<\/b><\/span><\/p>\n<p style=\"margin: 0.0px 0.0px 0.0px 0.0px; font: 18.0px Helvetica\"><span style=\"letter-spacing: 0.0px\"><b>&nbsp;&nbsp; &nbsp; &nbsp; &nbsp; 1. aby bol st&aacute;le s nami,<\/b><\/span><\/p>\n<p style=\"margin: 0.0px 0.0px 0.0px 0.0px; font: 18.0px Helvetica\"><span style=\"letter-spacing: 0.0px\"><b>&nbsp;&nbsp; &nbsp; &nbsp; &nbsp; 2.&nbsp; aby sme modli by\u0165 Duchom vyu\u010dovan&iacute;&nbsp;<\/b><\/span><\/p>\n<p style=\"margin: 0.0px 0.0px 0.0px 0.0px; font: 18.0px Helvetica\"><span style=\"letter-spacing: 0.0px\"><b>&nbsp;&nbsp; &nbsp; &nbsp; &nbsp; 3. aby bol spr&aacute;vne oslavovan&yacute;&nbsp; &nbsp; &nbsp; &nbsp; &nbsp; &nbsp; &nbsp; &nbsp; &nbsp; &nbsp; &nbsp; &nbsp; &nbsp; &nbsp; &nbsp; &nbsp; &nbsp; &nbsp; &nbsp; &nbsp; &nbsp;<\/b><\/span><\/p>\n<p style=\"margin: 0.0px 0.0px 0.0px 0.0px; font: 18.0px Helvetica; min-height: 22.0px\"><span style=\"letter-spacing: 0.0px\"><b>&nbsp; &nbsp;<\/b><\/span><\/p>\n<p style=\"margin: 0.0px 0.0px 0.0px 0.0px; font: 18.0px Helvetica\"><span style=\"letter-spacing: 0.0px\"><b>&nbsp;&nbsp; &nbsp; <\/b>Mil&iacute; bratia a sestry v Kristu, P&aacute;novi!<\/span><\/p>\n<p style=\"margin: 0.0px 0.0px 0.0px 0.0px; font: 18.0px Helvetica; min-height: 22.0px\"><span style=\"letter-spacing: 0.0px\">&nbsp; &nbsp; &nbsp;<\/span><\/p>\n<p style=\"margin: 0.0px 0.0px 0.0px 0.0px; font: 18.0px Helvetica\"><span style=\"letter-spacing: 0.0px\">&nbsp;&nbsp; &nbsp;<i> <strong>&ldquo;A teraz idem k Tomu, ktor&yacute; ma poslal&rdquo;<\/strong>&#8211;&nbsp;<\/i>&nbsp;povedal P&aacute;n Je\u017ei&scaron; u\u010den&iacute;kom pred svoj&iacute;m pov&yacute;&scaron;en&iacute;m. T&yacute;m rozumel svoje ukri\u017eovanie, vzkriesenie a vst&uacute;penie na nebes&aacute;. Nechcel vst&uacute;pi\u0165&nbsp; bez obete na Golgote, ani bez sl&aacute;vneho vzkriesenia, ani bez zost&uacute;penia do najhlb&scaron;ej jamy &#8211; podsvetia a r&iacute;&scaron;e m\u0155tvych. V smrti sa n&aacute;m stal podobn&yacute;, okrem hriechu. Tu v&scaron;ade je st&aacute;le s nami. V utrpen&iacute; i v smrti, ale aj po smrti. Neop&uacute;&scaron;\u0165a n&aacute;s a nenech&aacute;va n&aacute;s osamel&yacute;ch a opusten&yacute;ch. Ke\u010f vstupuje na nebo, ide v&scaron;ak domov. Ide k Otcovi, ktor&yacute; Ho poslal. Neprestal Ho milova\u0165, aj ke\u010f sa Je\u017ei&scaron; musel pon&iacute;\u017ei\u0165, ke\u010f musel vzia\u0165 na seba \u013eudsk&eacute; telo a vystavi\u0165 sa \u013eudskej nel&aacute;ske, zlobe, posmechu a prevr&aacute;tenosti.&nbsp;<\/span><\/p>\n<p style=\"margin: 0.0px 0.0px 0.0px 0.0px; font: 18.0px Helvetica\"><span style=\"letter-spacing: 0.0px\">&nbsp;&nbsp; &nbsp; Jedno Je\u017ei&scaron; nechcel zo strany svojich u\u010den&iacute;kov. Aby sa ho p&yacute;tali: &ldquo;<b><i>kam ide&scaron;&rdquo;<\/i><\/b><i>?<\/i> Bol by to znak nedospelej viery, ktor&eacute; nevie, \u017ee &ldquo;<i>od Boha vy&scaron;iel a ide k Bohu&rdquo;.<\/i>&nbsp;<\/span><\/p>\n<p style=\"margin: 0.0px 0.0px 0.0px 0.0px; font: 18.0px Helvetica\"><span style=\"letter-spacing: 0.0px\">&nbsp;&nbsp; &nbsp; &nbsp;Bratia a sestry!<\/span><\/p>\n<p style=\"margin: 0.0px 0.0px 0.0px 0.0px; font: 18.0px Helvetica\"><span style=\"letter-spacing: 0.0px\">&nbsp;&nbsp; &nbsp; &nbsp;Ke\u010f m&aacute; niekto niekoho r&aacute;d, chce s n&iacute;m by\u0165 v\u017edy. St&aacute;le chce zotrv&aacute;va\u0165 v jeho bl&iacute;zkosti. P&aacute;n Je\u017ei&scaron; vedel, \u017ee u\u010den&iacute;kom <strong>&ldquo;<i>sm&uacute;tok naplnil srdce<\/i>&rdquo;<\/strong>, ke\u010f si uvedomovali, \u010do \u010dasn&aacute; rozl&uacute;\u010dka pre nich znamen&aacute; a \u010do v&scaron;etko prinesie v ich \u010fal&scaron;om \u017eivote.&nbsp;<\/span><span style=\"letter-spacing: 0.0px\">Ale On vie viac. P&aacute;n vie, \u017ee ak m&aacute; by\u0165 s nimi v\u017edy a na ka\u017edom mieste v ich misijnom diele vo svete, mus&iacute; prija\u0165 sp&ocirc;sob \u017eivota v sl&aacute;ve Otcovej. Neobmedzovan&yacute; \u010dasn&yacute;m \u013eudsk&yacute;m telom m&ocirc;\u017ee by\u0165 s nimi v\u017edy. Preto zd&ocirc;raz\u0148uje to, \u010do e&scaron;te ako plnos\u0165 pravdy nevedeli a nesk&uacute;sili: &rdquo;<i>J<strong>a v&aacute;m v&scaron;ak pravdu hovor&iacute;m<\/strong>: <strong>v&aacute;m prospeje<\/strong>, <\/i><\/span><strong><span style=\"letter-spacing: 0.0px\"><i>aby som odi&scaron;iel&rdquo;<\/i>.<\/span><\/strong><\/p>\n<p style=\"margin: 0.0px 0.0px 0.0px 0.0px; font: 18.0px Helvetica; min-height: 22.0px\"><span style=\"letter-spacing: 0.0px\">&nbsp;&nbsp; &nbsp;<\/span><\/p>\n<p style=\"margin: 0.0px 0.0px 0.0px 0.0px; font: 18.0px Helvetica\"><span style=\"letter-spacing: 0.0px\">&nbsp;&nbsp; &nbsp; T&aacute;to skuto\u010dnos\u0165 sl&aacute;vneho vst&uacute;penia P&aacute;na do neba prospieva aj n&aacute;m v&scaron;etk&yacute;m. Sk&uacute;sili to mnoh&iacute; z na&scaron;ich predkov. &nbsp;Spozn&aacute;vame a zakusujeme ju aj my sami a iste bude sk&uacute;snos\u0165ou aj na&scaron;ich potomkov. Nemus&iacute;me &iacute;s\u0165 na miesta, kde P&aacute;n chodil po tejto zemi. On je a chce by\u0165 st&aacute;le s nami v&scaron;ade a na ka\u017edom mieste.<\/span><\/p>\n<p style=\"margin: 0.0px 0.0px 0.0px 0.0px; font: 18.0px Helvetica\"><span style=\"letter-spacing: 0.0px\">&nbsp; &nbsp; <\/span><\/p>\n<p style=\"margin: 0.0px 0.0px 0.0px 0.0px; font: 18.0px Helvetica\"><span style=\"letter-spacing: 0.0px\">&nbsp;&nbsp; &nbsp; &nbsp; 2. P&aacute;n Je\u017ei&scaron; sa vr&aacute;til k Otcovi aj preto, aby sme boli Duchom Sv&auml;t&yacute;m <b>pou\u010den&iacute;.<\/b> <b>&ldquo;Lebo ak neod&iacute;dem, Radca nepr&iacute;de k v&aacute;m, ale ak od&iacute;dem, po&scaron;lem Ho k v&aacute;m&rdquo;.&nbsp; &nbsp; <\/b>Mnoho kr&aacute;t potrebovali u\u010den&iacute;ci d&ocirc;le\u017eit&uacute; radu, ale aj povzbudenie, posilnenie, naplnenie radostnou n&aacute;dejou v \u0165a\u017ek&yacute;ch chv&iacute;\u013each.<\/span><\/p>\n<p style=\"margin: 0.0px 0.0px 0.0px 0.0px; font: 18.0px Helvetica\"><span style=\"letter-spacing: 0.0px\">&nbsp;&nbsp; &nbsp; &nbsp; &nbsp;Boh a Otec sl&aacute;vy a Je\u017ei&scaron; povolal, osvietil o\u010di, rozum a myse\u013e nielen u\u010den&iacute;kom, ale aj Saulovi &#8211; neskor&scaron;iemu apo&scaron;tolovi Pavlovi. O tom sved\u010d&iacute; aj slovo z dne&scaron;nej epi&scaron;toly: <i>&ldquo;Osvietil v&aacute;m o\u010di, abyste vedeli, \u010do je to za n&aacute;dej, do ktorej On povol&aacute;va, \u010do je to za bohatstvo Jeho sl&aacute;vneho dedi\u010dstva, ktor&eacute; je pre sv&auml;t&yacute;ch a \u010do je to za nesmierna ve\u013ekos\u0165 Jeho moci pri n&aacute;s, ktor&iacute; ver&iacute;me tak, ako p&ocirc;sob&iacute; v n&aacute;s moc Jeho sily&rdquo;<\/i>. ( Ef 1, 7b-8).<\/span><\/p>\n<p style=\"margin: 0.0px 0.0px 0.0px 0.0px; font: 18.0px Helvetica; min-height: 22.0px\"><span style=\"letter-spacing: 0.0px\">&nbsp; &nbsp; &nbsp; &nbsp;<\/span><\/p>\n<p style=\"margin: 0.0px 0.0px 0.0px 0.0px; font: 18.0px Helvetica\"><span style=\"letter-spacing: 0.0px\">&nbsp;&nbsp; &nbsp; &nbsp; &nbsp;Je\u017ei&scaron; hovor&iacute; o tom, \u017ee Duch S&auml;t&yacute; je Ten U\u010dite\u013e , ktor&yacute; u\u010d&iacute; a vyu\u010duje \u013eud&iacute; aj o hriechu, ale aj o ospravedlnen&iacute;. Pr&aacute;ve t&aacute;to skuto\u010dnos\u0165, \u017ee DSV hriech nezaml\u010duje, nekamufluje, ale ohha\u013euje, mnoh&yacute;m prek&aacute;\u017ea. Preto odmietaj&uacute; pou\u010denie DSV v Slove, alebo vo sviatostiach, \u010di v ustanen&iacute; spovede, kde prv&aacute; vec je pr&aacute;ve p o k &aacute; n i e!&nbsp; <\/span><\/p>\n<p style=\"margin: 0.0px 0.0px 0.0px 0.0px; font: 18.0px Helvetica\"><span style=\"letter-spacing: 0.0px\">DSV v&scaron;ak nielen sved\u010d&iacute; o hrie&scaron;nom srdci ka\u017ed&eacute;ho \u010dloveka. Nielen osvecuje to, \u010do je v nahlb&scaron;&iacute;ch &uacute;trob&aacute;ch srdca (toti\u017e &ldquo;skala hriechu&rdquo;), ale u\u010d&iacute; aj o vysloboden&iacute; a ospravedlnen&iacute; hrie&scaron;neho \u010dloveka z milosti Bo\u017eej svojimi z&aacute;sluhami. &nbsp;<\/span><\/p>\n<p style=\"margin: 0.0px 0.0px 0.0px 0.0px; font: 18.0px Helvetica\"><span style=\"letter-spacing: 0.0px\">&nbsp; &nbsp; <\/span><\/p>\n<p style=\"margin: 0.0px 0.0px 0.0px 0.0px; font: 18.0px Helvetica\"><span style=\"letter-spacing: 0.0px\">&nbsp;&nbsp; Slovo <strong>&quot;o s&uacute;de&quot;<\/strong> nie je pre veriaceho stra&scaron;iakom a ani najvy&scaron;&scaron;ou motiv&aacute;ciou ku konaniu dobra. &nbsp;Je povzbuden&iacute;m a pote&scaron;en&iacute;m! Povzbuden&iacute;m v dvoch veciach: 1. &ldquo;<b>\u017ee knie\u017ea tohoto sveta&nbsp; je u\u017e ods&uacute;den&eacute;&rdquo;<\/b>. 2. On n&aacute;m hovor&iacute; a u\u010d&iacute; n&aacute;s aj<b> o veciach bud&uacute;cich, ktor&eacute; pr&aacute;vom smieme o\u010dak&aacute;va\u0165.<\/b> T&yacute;m je na&scaron;e vzkriesenie pri druhom pr&iacute;chode PJK v sl&aacute;ve a moci a uvedenie vern&yacute;ch do &uacute;\u010dasti na Jeho sl&aacute;ve. To bude chv&iacute;\u013ea radostn&eacute;ho vzhliadania a preb&yacute;vania s P&aacute;nom a dar blahoslavenstva ka\u017ed&eacute;ho veriaceho!<\/span><\/p>\n<p style=\"margin: 0.0px 0.0px 0.0px 0.0px; font: 18.0px Helvetica; min-height: 22.0px\"><span style=\"letter-spacing: 0.0px\">&nbsp; &nbsp; &nbsp;<\/span><\/p>\n<p style=\"margin: 0.0px 0.0px 0.0px 0.0px; font: 18.0px Helvetica\"><span style=\"letter-spacing: 0.0px\">&nbsp;&nbsp; &nbsp; Mil&iacute; bratia a sestry!&nbsp;<\/span><\/p>\n<p style=\"margin: 0.0px 0.0px 0.0px 0.0px; font: 18.0px Helvetica\"><span style=\"letter-spacing: 0.0px\">&nbsp;&nbsp; &nbsp; 3. Napokon je tu aj &nbsp;tretia d&ocirc;le\u017eit&aacute; vec, ktor&uacute; Je\u017ei&scaron; spom&iacute;na v s&uacute;vislosti so svoj&iacute;m odchodom, vst&uacute;pen&iacute;m k Otcovi a zoslan&iacute;m Ducha Sv&auml;t&eacute;ho. P&aacute;n hovor&iacute;: <b>&rdquo;On m\u0148a osl&aacute;vi, lebo z m&ocirc;jho vezme a bude zvestova\u0165 v&aacute;m. V&scaron;etko, \u010do m&aacute; Otec, je moje&rdquo;&#8230;<\/b><\/span><\/p>\n<p style=\"margin: 0.0px 0.0px 0.0px 0.0px; font: 18.0px Helvetica\"><span style=\"letter-spacing: 0.0px\"><b>&nbsp;&nbsp; <\/b>&nbsp; &Uacute;lohou cirkvi, ako spolo\u010denstva veriacich je, aby sme chodili v m&uacute;drosti DSV, aby sme o Je\u017ei&scaron;ovi spr&aacute;vne sved\u010dili a hovorili, ale <i>Ho aj spr&aacute;vne ctili, sl&aacute;vili a velebili.<\/i><\/span><\/p>\n<p style=\"margin: 0.0px 0.0px 0.0px 0.0px; font: 18.0px Helvetica\"><span style=\"letter-spacing: 0.0px\"><i>&nbsp; &nbsp; <\/i>Jeden zo zn&aacute;mych chv&aacute;lospevov je aj na&scaron;e Kr&eacute;do. Viera prevzat&aacute; od apo&scaron;tolov v jej mnohorakom prejave.&nbsp;<\/span><\/p>\n<p style=\"margin: 0.0px 0.0px 0.0px 0.0px; font: 18.0px Helvetica\"><span style=\"letter-spacing: 0.0px\">V Nicejskom vyznan&iacute; k stroh&yacute;m slov&aacute;m Apo&scaron;tolsk&eacute;ho vyznania prid&aacute;va Cirkev v&yacute;sti\u017en&eacute; slov&aacute; oslavy o Je\u017ei&scaron;a ako P&aacute;na:<i> &ldquo; Boh z Boha, Svetlo zo svetla, prav&eacute;ho Boha z Boha prav&eacute;ho, sploden&eacute;ho, nie stvoren&eacute;ho, jednej podstaty s Otcom, skrze ktor&eacute;ho bolo v&scaron;etko stvoren&eacute;&#8230;<\/i>a doklad&aacute;<i>: a zas pr&iacute;de v sl&aacute;ve &#8211; a Jeho kr&aacute;\u013eovstvu nebude konca&rdquo;.<\/i><\/span><\/p>\n<p style=\"margin: 0.0px 0.0px 0.0px 0.0px; font: 18.0px Helvetica; min-height: 22.0px\"><span style=\"letter-spacing: 0.0px\"><i>&nbsp;&nbsp; <\/i>&nbsp;<\/span><\/p>\n<p style=\"margin: 0.0px 0.0px 0.0px 0.0px; font: 18.0px Helvetica\"><span style=\"letter-spacing: 0.0px\">&nbsp; &nbsp; &nbsp; K spr&aacute;vnemu poznaniu P&aacute;na i k Jeho spr&aacute;vnej oslave potrebujeme dary Ducha Sv&auml;t&eacute;ho. On s&aacute;m stoj&iacute; za mnoh&yacute;mi kr&aacute;snymi spevmi, hymnami, b&aacute;s\u0148ami, knihami, umeleck&yacute;mi dielami, stavbami chr&aacute;mov a ich kr&aacute;snou umelecko-remeselnou v&yacute;zdobou. Duch Sv&auml;t&yacute; stoj&iacute; aj za svedectvom a oslavou Je\u017ei&scaron;a ako P&aacute;na bohumil&yacute;m \u017eivotom viery, n&aacute;deje a l&aacute;sky!<\/span><\/p>\n<p style=\"margin: 0.0px 0.0px 0.0px 0.0px; font: 18.0px Helvetica\"><span style=\"letter-spacing: 0.0px\">&nbsp; &nbsp; &nbsp; Oslavujeme ho aj dnes, aj v t&uacute;to chv&iacute;\u013eu, napriek tomu \u017ee &ldquo;kres\u0165ansk&eacute;&rdquo; Slovensko nem&aacute; dnes &scaron;t&aacute;tny sviatok! Amen.<\/span><\/p>\n<p style=\"margin: 0.0px 0.0px 0.0px 0.0px; font: 18.0px Helvetica; min-height: 22.0px\">&nbsp;<\/p>\n<p style=\"margin: 0.0px 0.0px 0.0px 0.0px; font: 12.0px Helvetica\"><span style=\"font: 18.0px Helvetica; letter-spacing: 0.0px\">&nbsp;&nbsp; &nbsp; &nbsp; &nbsp; &nbsp; &nbsp; &nbsp; &nbsp; &nbsp; &nbsp; &nbsp; &nbsp; &nbsp; &nbsp; &nbsp; &nbsp;<\/span><span style=\"letter-spacing: 0.0px\">K&aacute;ze\u0148 &#8211; Vst&uacute;penie&nbsp; Krista P&aacute;na na nebo &#8211; Soboti&scaron;te 2011- \u013d.Batka st<\/span><span style=\"font: 18.0px Helvetica; letter-spacing: 0.0px\">.<\/span><\/p>\n","protected":false},"excerpt":{"rendered":"<p>&nbsp;&nbsp;&nbsp; &nbsp; &nbsp; &nbsp; &nbsp; &nbsp; &nbsp; &nbsp; &nbsp; &nbsp; &nbsp; &nbsp; &nbsp; &nbsp; \u010c&iacute;m n&aacute;m prospelo P&aacute;novo vst&uacute;penie? J 16, 5-15: &nbsp; &nbsp; &nbsp;&nbsp; &nbsp;Bratia a sestry v PJK! &nbsp; &nbsp; Ke\u010f chceli betlehemsk&iacute; pastieri vidie\u0165 Je\u017ei&scaron;a, vybrali sa do Betlehema, hovoriac: Po\u010fme a\u017e do Betlehema a vi\u010fme, \u010do sa to stalo, \u010do n&aacute;m &#8230; <a title=\"\u010c\u00edm n\u00e1m prospelo P\u00e1novo vst\u00fapenie?\" class=\"read-more\" href=\"https:\/\/www.e-anjelik.sk\/index.php\/2011\/06\/02\/cim-nam-prospelo-panovo-vstupenie\/\" aria-label=\"Pre\u010d\u00edtajte si viac o \u010c\u00edm n\u00e1m prospelo P\u00e1novo vst\u00fapenie?\">\u010c\u00edta\u0165 viac<\/a><\/p>\n","protected":false},"author":4,"featured_media":0,"comment_status":"open","ping_status":"open","sticky":false,"template":"","format":"standard","meta":{"footnotes":""},"categories":[121,95,217],"tags":[192],"class_list":["post-3591","post","type-post","status-publish","format-standard","hentry","category-kazne","category-sobotiste","category-vstupenie","tag-kazen"],"_links":{"self":[{"href":"https:\/\/www.e-anjelik.sk\/index.php\/wp-json\/wp\/v2\/posts\/3591","targetHints":{"allow":["GET"]}}],"collection":[{"href":"https:\/\/www.e-anjelik.sk\/index.php\/wp-json\/wp\/v2\/posts"}],"about":[{"href":"https:\/\/www.e-anjelik.sk\/index.php\/wp-json\/wp\/v2\/types\/post"}],"author":[{"embeddable":true,"href":"https:\/\/www.e-anjelik.sk\/index.php\/wp-json\/wp\/v2\/users\/4"}],"replies":[{"embeddable":true,"href":"https:\/\/www.e-anjelik.sk\/index.php\/wp-json\/wp\/v2\/comments?post=3591"}],"version-history":[{"count":0,"href":"https:\/\/www.e-anjelik.sk\/index.php\/wp-json\/wp\/v2\/posts\/3591\/revisions"}],"wp:attachment":[{"href":"https:\/\/www.e-anjelik.sk\/index.php\/wp-json\/wp\/v2\/media?parent=3591"}],"wp:term":[{"taxonomy":"category","embeddable":true,"href":"https:\/\/www.e-anjelik.sk\/index.php\/wp-json\/wp\/v2\/categories?post=3591"},{"taxonomy":"post_tag","embeddable":true,"href":"https:\/\/www.e-anjelik.sk\/index.php\/wp-json\/wp\/v2\/tags?post=3591"}],"curies":[{"name":"wp","href":"https:\/\/api.w.org\/{rel}","templated":true}]}}