{"id":35914,"date":"2023-01-03T15:19:42","date_gmt":"2023-01-03T14:19:42","guid":{"rendered":"https:\/\/e-anjelik.sk\/?p=35914"},"modified":"2024-07-05T10:07:29","modified_gmt":"2024-07-05T08:07:29","slug":"jasle-a-kriz","status":"publish","type":"post","link":"https:\/\/www.e-anjelik.sk\/index.php\/2023\/01\/03\/jasle-a-kriz\/","title":{"rendered":"Jasle a kr\u00ed\u017e"},"content":{"rendered":"\n<p><strong>Jasle a kr\u00ed\u017e<\/strong><\/p>\n\n\n\n<p><em>V\u00edtaj n\u00e1m, Pane n\u00e1\u0161,<\/em><br><em>\u00f3 v\u00edtaj, Kriste mil\u00fd<\/em><br><em>\u010do biednym po\u017eehn\u00e1\u0161<\/em><br><em>a slab\u00fdm dod\u00e1\u0161 sily!<\/em><br><em>Ach, po\u017eehnaj i n\u00e1m<\/em><br><em>a posil\u0148 krehk\u00fdch v cnosti;<\/em><br><em>voj\u010f v du\u0161\u00ed na\u0161ich stan<\/em><br><em>a smutn\u00fdch rozradosti! Amen\u00a0 (M.R.)<\/em><\/p>\n\n\n\n<p><strong>2 K 4, 15 -18:<\/strong><\/p>\n\n\n\n<p><em>\u201c Ve\u010f v\u0161etko toto deje sa pre v\u00e1s, aby rozhojnen\u00e1 milos\u0165 rozmno\u017eila v\u010fa\u010dnos\u0165 \u010d\u00edm viacer\u00fdch na sl\u00e1vu Boha. (16) Preto neochabujme, ale aj ke\u010f sa n\u00e1\u0161 zovn\u00fatorn\u00fd \u010dlovek ru\u0161\u00ed, n\u00e1\u0161 vn\u00fatorn\u00fd sa obnovuje zo d\u0148a na de\u0148. (17) Lebo toto teraj\u0161ie bremeno s\u00fa\u017eenia, z\u00edska n\u00e1m prenesmiernu hojnos\u0165 ve\u010dnej sl\u00e1vy, (18) ke\u010f neh\u013ead\u00edme na vidite\u013en\u00e9, ale na nevidite\u013en\u00e9. Vidite\u013en\u00e9 je toti\u017e do\u010dasn\u00e9, ale nevidite\u013en\u00e9 je ve\u010dn\u00e9\u201d. Amen<\/em><\/p>\n\n\n\n<p><em>&nbsp;&nbsp; <\/em>&nbsp; Bratia a sestry v Kristu P\u00e1nu!<\/p>\n\n\n\n<p>&nbsp;&nbsp; Vianoce s\u00fa najob\u013e\u00fabenej\u0161ie sviatky v roku. Keby sme sa p\u00fdtali pre\u010do, zistili by sme r\u00f4zne d\u00f4vody. Jedni maj\u00fa Vianoce radi preto, \u017ee s\u00fa to sviatky, ktor\u00e9 spadaj\u00fa do zimn\u00e9ho obdobia, ke\u010f b\u00fdva&nbsp; v\u0161elijak\u00e1 nepohoda a preto \u010dlovek h\u013ead\u00e1 teplo rodinn\u00e9ho prostredia.<\/p>\n\n\n\n<p>Vn\u00edmaj\u00fa ich ako sviatky rodinnej pohody, alebo sviatky rodiny. In\u00ed maj\u00fa Vianoce radi preto, lebo sa po\u010das t\u00fdchto sviatkov udr\u017eiava pekn\u00fd zvyk, vz\u00e1jomne sa obdarov\u00e1va\u0165. Deti i dospel\u00ed sa te\u0161ia z dar\u010dekov, ktor\u00e9 dostan\u00fa. Preto ich mnoh\u00ed menuj\u00fa sviatkami det\u00ed. Samozrejme, pozn\u00e1me aj mnoh\u00e9 in\u00e9 pomenovania, ktor\u00e9 im \u013eudia dali.<\/p>\n\n\n\n<p>&nbsp;&nbsp; Pre veriacich kres\u0165anov znamenaj\u00fa Vianoce nie\u010do \u00faplne in\u00e9. S\u00fa to sviatky narodenia Je\u017ei\u0161a Krista. Je\u017ei\u0161 pre n\u00e1s nie je \u201cJe\u017ei\u0161ko\u201d prin\u00e1\u0161aj\u00faci dar\u010deky, ale naroden\u00fd P\u00e1n a Spasite\u013e. Aj keby sme sa pozerali na Jeho pr\u00edchod a narodenie len zo stanoviska historick\u00e9ho, predstavuje Je\u017ei\u0161 osobnos\u0165, ktor\u00e1 mala ve\u013emi ve\u013ek\u00fd vplyv na dejiny \u013eudstva, ktor\u00e1 si zasluhuje v\u00e4\u010d\u0161iu pozornos\u0165 a v\u00e1\u017enos\u0165 len ako nosite\u013e dar\u010dekov. Potvrdzuje to aj skuto\u010dnos\u0165, \u017ee n\u00e1\u0161 (t.j.kres\u0165ansk\u00fd) letopo\u010det sa po\u010d\u00edta od narodenia Krista P\u00e1na.<\/p>\n\n\n\n<p>&nbsp;&nbsp; Pre kres\u0165ana znamen\u00e1 narodenie P\u00e1na Je\u017ei\u0161a e\u0161te omnoho viac, ako len dejinn\u00fa, historicky v\u00fdznamn\u00fa udalos\u0165. Veriaci \u010dlovek, ktor\u00fd obracia svoj poh\u013ead k betlehemskej ma\u0161tali, k naroden\u00e9mu die\u0165atku Je\u017ei\u0161, vie a vyzn\u00e1va s apo\u0161tolom Pavlom, \u017ee v tomto Die\u0165atku <em>\u201czjavila sa milos\u0165 Bo\u017eia\u201d. <\/em>To je d\u00f4vod, pre\u010do m\u00e1me Vianoce radi a pre\u010do ich s plnou v\u00e1\u017enos\u0165ou sv\u00e4t\u00edme.<\/p>\n\n\n\n<p>&nbsp;&nbsp; Toto poznanie prin\u00e1\u0161a i n\u00e1\u0161 dne\u0161n\u00fd text P\u00edsma sv\u00e4t\u00e9ho. Preto\u017ee<\/p>\n\n\n\n<p><em>\u201csa zjavila milos\u0165 Bo\u017eia\u201d,<\/em> po\u010dujme aj my v\u00fdzvy apo\u0161tola Pavla:<\/p>\n\n\n\n<p><em>1. Z v\u010fa\u010dn\u00e9ho srdca P\u00e1na Boha oslavujme<\/em><\/p>\n\n\n\n<p><em>2. a v \u017eivotn\u00fdch \u0165a\u017ekostiach Mu d\u00f4verujme<\/em><\/p>\n\n\n\n<p>&nbsp;&nbsp; Bratia a sestry v P\u00e1novi!<\/p>\n\n\n\n<p>&nbsp;&nbsp; Pisate\u013e listu \u017didom (1,1) hovor\u00ed:<em>\u201d Mnoho r\u00e1z a na rozli\u010dn\u00fdm sp\u00f4sobom hovoril Boh vo\u013eakedy otcom skrze prorokov, (2) na sklonku t\u00fdchto dn\u00ed prehovoril k n\u00e1m v Synovi, ktor\u00e9ho ustanovil za dedi\u010da v\u0161etk\u00e9ho a N\u00edm stvoril aj veky\u201d. <\/em>Pravdivos\u0165 t\u00fdchto slov pozn\u00e1vame v plnosti na Vianoce. V betlehemskom Die\u0165atku, v Je\u017ei\u0161ovi, zjavil n\u00e1m P\u00e1n Boh najdokonalej\u0161ie s\u00e1m seba, lebo n\u00e1m zjavil Boha ako n\u00e1\u0161ho milostiv\u00e9ho Otca. Pr\u00e1vom m\u00f4\u017eeme dnes s na\u0161\u00edm n\u00e1bo\u017en\u00fdm pevcom spieva\u0165:<em> \u201dV Je\u017ei\u0161ku, Die\u0165atku, Boh sa l\u00e1skavo usmieva n\u00e1m, anjel zvestuje: Bu\u010f pokoj v\u00e1m\u2026\u201d.<\/em><\/p>\n\n\n\n<p>&nbsp;&nbsp; Predov\u0161etk\u00fdm teda oce\u0148ujeme Otcovsk\u00fa milos\u0165, ktor\u00fa n\u00e1m preuk\u00e1zal t\u00fdm, \u017ee n\u00e1m <em>\u201cdal Syna, aby nik, kto ver\u00ed v Neho nezahynul, ale mal \u017eivot ve\u010dn\u00fd\u201d.<\/em> V slove<em> \u201cdal\u201d<\/em> vyjadrujeme radostn\u00fa v\u010fa\u010dnos\u0165 za to, \u017ee Otec Syna nielen poslal na svet, ale Ho aj vydal na smr\u0165 za n\u00e1s. Takto sa treba pozera\u0165 na Bo\u017eiu milos\u0165, ktor\u00e1 sa zjavila, lebo len vtedy bude n\u00e1\u0161 poh\u013ead na Bo\u017eiu milos\u0165 spr\u00e1vny a \u00fapln\u00fd a len vtedy m\u00f4\u017eeme spr\u00e1vne sv\u00e4ti\u0165 Vianoce.<\/p>\n\n\n\n<p>&nbsp; Ka\u017ed\u00fd, kto si uvedomuje a preci\u0165uje skuto\u010dnos\u0165 toho, \u017ee sme \u017eili pod hnevom Bo\u017e\u00edm, v nemilosti pred P\u00e1nom Bohom, vie a m\u00f4\u017ee oceni\u0165 a oslavova\u0165 P\u00e1na Boha za zmenu tohoto stavu. Slovo z\u00e1kona Bo\u017eieho n\u00e1m otv\u00e1ra o\u010di pre hriech a tak aj pre na\u0161e hriechy. V Je\u017ei\u0161ov\u00fdch \u00fastach m\u00e1 slovo z\u00e1kona zn\u00e1mu podobu, ke\u010f povedal: <em>\u201cDokonal\u00ed bu\u010fte, ako je dokonal\u00fd v\u00e1\u0161 Otec, ktor\u00fd je v nebesiach\u201d.<\/em><\/p>\n\n\n\n<p>\u010clovek bol \u201cdokonal\u00fd\u201d a aj t\u00fa\u017ei by\u0165 dokonal\u00fd, toti\u017e t\u00fa\u017ei \u017ei\u0165 bez hriechu, m\u00fadro a spravodlivo. V raji v\u0161ak uveril hlasu poku\u0161ite\u013ea (diabla): \u201c<em>Budete ako Boh<\/em>\u201d. Ak skuto\u010dne pravdivo pozer\u00e1me na \u017eivot sveta i n\u00e1\u0161 \u017eivot, ve\u013emi re\u00e1lne vid\u00edme, ako \u010faleko sme sa od tohoto cie\u013ea dostali a ko\u013eko priestupkov vo\u010di Bo\u017e\u00edm i \u013eudsk\u00fdm prik\u00e1zaniam sa dop\u00fa\u0161\u0165ame. Vid\u00edme, \u017ee v \u010dloveku niet skuto\u010dnej l\u00e1sky k P\u00e1nu Bohu a preto jej niet ani vo\u010di bl\u00ed\u017enym. \u013dudia s\u00fa un\u00e1\u0161an\u00ed v\u00e1\u0161\u0148ami a zl\u00fdmi \u017eiados\u0165ami a nedok\u00e1\u017eu ich sami prekona\u0165. Aj dnes plat\u00ed star\u00e9 poznanie: \u201d\u010clovek \u010dloveku vlkom\u201d. Jedn\u00fdm slovom, my pozn\u00e1me hriech a jeho zni\u010duj\u00facu silu, ktorej sa pr\u00e1vom ob\u00e1vame. V na\u0161om z\u00e1pase s hriechom a zlom n\u00e1m v\u0161ak nepom\u00e1ha ani hrozba Bo\u017eieho s\u00fadu. \u013dudia sa ho s\u00edce ob\u00e1vaj\u00fa, niekedy aj desia, lebo c\u00edtia, \u017ee pred n\u00edm nem\u00f4\u017eu neobst\u00e1\u0165. Z vlastn\u00fdch s\u00edl nad hriechom nedok\u00e1\u017eeme v\u00ed\u0165azi\u0165. Vtedy je \u0161\u0165astn\u00fd ka\u017ed\u00fd, kto vie o pomoci a v\u00fdchodisku z na\u0161ej biedy. Je to poznanie Bo\u017eej milosti a ospravedlnenie pre a skrze z\u00e1sluhy P\u00e1na Je\u017ei\u0161a. O tejto najv\u00e4\u010d\u0161ej milosti hovoria a zvestuj\u00fa ju Vianoce. V dne\u0161nom texte sa spom\u00edna<em> \u201crozhojnen\u00e1 milos\u0165<\/em>\u201d, ktor\u00e1 je ur\u010den\u00e1 v\u0161etk\u00e9mu \u013eudu.<\/p>\n\n\n\n<p>\u00a0\u00a0 \u00a0 V Je\u017ei\u0161ovi Bo\u017eia milos\u0165 za\u017eiarila naplno ako svetlo slnka, ktor\u00e9 po tmavej noci vyhupne spoza h\u00f4r. V tom je rados\u0165 Vianoc i dnes, \u017ee udalos\u0165, ktor\u00e1 sa stala pred dvetis\u00edc rokmi, plat\u00ed v plnosti a celosti aj n\u00e1m. Preto si m\u00f4\u017eeme pripomen\u00fa\u0165 slov\u00e1 dne\u0161n\u00e9ho biblick\u00e9ho textu:<em> \u201dVe\u010f v\u0161etko toto sa deje pre v\u00e1s, aby rozhojnen\u00e1 milos\u0165 rozmno\u017eila v\u010fa\u010dnos\u0165 \u010d\u00edm viacer\u00fdch na sl\u00e1vu Bo\u017eiu\u201d.\u00a0<\/em><\/p>\n\n\n\n<p>Bratia a sestry v P\u00e1novi!<\/p>\n\n\n\n<p><em>\u00a0\u00a0 <\/em>Ka\u017ed\u00fd, kto prij\u00edma t\u00fato ve\u013ek\u00fa milos\u0165 Bo\u017eiu zjaven\u00fa v narodenom P\u00e1novi Je\u017ei\u0161ovi, ten je P\u00e1nu Bohu zaviazan\u00fd \u00faprimnou v\u010fakou. V tomto duchu znej\u00fa aj slov\u00e1 n\u00e1\u0161ho biblick\u00e9ho textu: <em>\u201cAby rozhojnen\u00e1 milos\u0165 rozmno\u017eila v\u010fa\u010dnos\u0165 \u010d\u00edm viacer\u00fdch na sl\u00e1vu Bo\u017eiu\u201d.<\/em> Nie div, \u017ee betlehemsk\u00e1 udalos\u0165 naplnila rados\u0165ou srdcia jednoduch\u00fdch pastierov a nesk\u00f4r aj mudrcov. O tejto radosti spievalo \u201crytierstvo nebesk\u00e9\u201d a volalo na sl\u00e1vu Bohu. O tejto radosti hovorila s nad\u0161en\u00edm u\u017e panna M\u00e1ria i jej pr\u00edbuzn\u00e1 Al\u017ebeta a jej man\u017eel, k\u0148az Zachari\u00e1\u0161, spolu s e\u0161te nenaroden\u00fdm synom J\u00e1nom v matkinom \u017eivote. Zamyslime sa dnes, \u010di je toto posolstvo pravdy a milosti d\u00f4vodom aj na\u0161ej radosti, ke\u010f nanovo pre\u017e\u00edvame Vianoce. Alebo si mysl\u00edme, \u017ee je d\u00f4vodom viano\u010dnej radosti to, \u010do priprav\u00edme ako dary s dar\u010deky my sami? Kie\u017e by bola t\u00fdm prvorad\u00fdm d\u00f4vodom rozhojnen\u00e1 Bo\u017eia milos\u0165 pre svet i pre n\u00e1s a zaznieva z na\u0161ich s\u0155dc \u00faprimn\u00e1 oslava Otca nebesk\u00e9ho a naroden\u00e9ho P\u00e1na.<\/p>\n\n\n\n<p>2. Bratia a sestry v P\u00e1novi!<\/p>\n\n\n\n<p>&nbsp; &nbsp; V narodenom Spasite\u013eovi sa skuto\u010dne zjavila Bo\u017eia milos\u0165, ale t\u00fdm sa e\u0161te neodstr\u00e1nili zo sveta a z n\u00e1\u0161ho \u017eivota v\u0161etky \u0165a\u017ekosti, ktor\u00e9 vypl\u00fdvaj\u00fa z \u013eudskej prirodzenosti, z na\u0161ej hrie\u0161nosti a poru\u0161ite\u013enosti. Je to tak, ako ke\u010f cez de\u0148 svieti slnko, ale \u010dasto ho zakryj\u00fa mra\u010dn\u00e1. Svet je vtedy pochm\u00farny, chladn\u00fd. Aj na n\u00e1s doliehaj\u00fa mnoh\u00e9 bolesti. Aj veriaci \u010dlovek mus\u00ed prech\u00e1dza\u0165 kr\u00ed\u017eovou cestou str\u00e1dania, str\u00e1t a nemoc\u00ed. Niekedy mus\u00edme pren\u00e1\u0161a\u0165 bremen\u00e1 s\u00fa\u017eenia. Apo\u0161tol hovor\u00ed o tom, \u017ee <em>\u201csa n\u00e1\u0161 zovn\u00fatorn\u00fd \u010dlovek ru\u0161\u00ed\u201d.<\/em><\/p>\n\n\n\n<p><em>\u00a0\u00a0<\/em> Niekomu sa m\u00f4\u017ee zda\u0165 \u010dudn\u00e9, ba a\u017e nemiestne hovori\u0165 o bremen\u00e1ch s\u00fa\u017eenia na Vianoce. Pre\u010do to v\u0161etko spom\u00edname, ke\u010f sa svetu zvestuje viano\u010dn\u00e1 rados\u0165? Len\u017ee nevidie\u0165 skuto\u010dnos\u0165, ak\u00fd je a ako \u017eije aj dne\u0161n\u00fd svet a \u010dlovek bolo by kr\u00e1tkozrak\u00e9. Mnoh\u00ed \u013eudia pr\u00e1ve na Vianoce poznaj\u00fa silu osamelosti, mnoh\u00e9 biedy, utrpenia, pre\u017e\u00edvaj\u00fa straty a rozl\u00fa\u010dky, ba i hr\u00f4zy vojny. Bo\u017e\u00ed posol zvestuje a vol\u00e1 svet ku pokoju, ale nie v\u0161etci P\u00e1na oslavuj\u00fa, nie v\u0161etci \u017eij\u00fa v l\u00e1ske. Ani kres\u0165ania nie s\u00fa v\u00fdnimkou. V tomto svete m\u00e1me a mus\u00edme aj my <em>\u201cprech\u00e1dza\u0165 cez mnoh\u00e9 s\u00fa\u017eenia<\/em>\u201d. Ten, ktor\u00fd sa pre n\u00e1s narodil a stal sa n\u00e1m vo v\u0161etkom podobn\u00fd ako prav\u00fd \u010dlovek, okrem hriechu, vzal na seba \u013eudsk\u00fd hriech a jeho d\u00f4sledky. On s\u00e1m bol polo\u017een\u00fd do tvrd\u00fdch dreven\u00fdch jasl\u00ed a poh\u013ead na ne\u00a0 pripom\u00edna drevo kr\u00ed\u017ea. Jeho cesta bola cestou utrpenia a kr\u00ed\u017ea. By\u0165 a \u017ei\u0165 s Kristom P\u00e1nom znamen\u00e1 v tejto \u010dasnosti aj nesenie osobn\u00e9ho kr\u00ed\u017ea, ktor\u00fd v\u0161ak m\u00f4\u017eeme pren\u00e1\u0161a\u0165 vo viere, \u017ee s N\u00edm, v\u00ed\u0165azom nad smr\u0165ou <em>\u201cnapokon s N\u00edm v\u017edycky zv\u00ed\u0165az\u00edme\u201d.<\/em><\/p>\n\n\n\n<p><em>&nbsp;&nbsp; &nbsp; <\/em>K radosti kres\u0165ana patr\u00ed teda vedomie, \u017ee s naroden\u00fdm P\u00e1nom m\u00f4\u017eeme obst\u00e1\u0165 aj v sk\u00fa\u0161kach \u017eivota, alebo zo\u010di-vo\u010di ka\u017edej zlej moci. Preto zjavenej Bo\u017eej milosti v Je\u017ei\u0161ovi aj v \u017eivotn\u00fdch \u0165a\u017ekostiach d\u00f4verujme. Len s Je\u017ei\u0161om m\u00f4\u017eeme prekon\u00e1va\u0165 poku\u0161enia, len s N\u00edm, ktor\u00fd n\u00e1m otvoril nebes\u00e1, dok\u00e1\u017eeme prekona\u0165 ka\u017ed\u00fd strach a napokon aj hr\u00f4zu smrti a te\u0161i\u0165 sa pravou, trvalou rados\u0165ou z toho, \u017ee s N\u00edm dosiahneme aj ve\u010dn\u00fa sl\u00e1vu neba. Amen<\/p>\n\n\n\n<p>&nbsp; &nbsp; &nbsp; &nbsp; &nbsp; &nbsp;<em> 1.sl\u00e1vnos\u0165 viano\u010dn\u00e1&nbsp; &#8211;&nbsp; 74\/2022&nbsp; &nbsp; &#8211; \u013dubom\u00edr Batka st.<\/em><\/p>\n","protected":false},"excerpt":{"rendered":"<p>Jasle a kr\u00ed\u017e V\u00edtaj n\u00e1m, Pane n\u00e1\u0161,\u00f3 v\u00edtaj, Kriste mil\u00fd\u010do biednym po\u017eehn\u00e1\u0161a slab\u00fdm dod\u00e1\u0161 sily!Ach, po\u017eehnaj i n\u00e1ma posil\u0148 krehk\u00fdch v cnosti;voj\u010f v du\u0161\u00ed na\u0161ich stana smutn\u00fdch rozradosti! Amen\u00a0 (M.R.) 2 K 4, 15 -18: \u201c Ve\u010f v\u0161etko toto deje sa pre v\u00e1s, aby rozhojnen\u00e1 milos\u0165 rozmno\u017eila v\u010fa\u010dnos\u0165 \u010d\u00edm viacer\u00fdch na sl\u00e1vu Boha. (16) Preto &#8230; <a title=\"Jasle a kr\u00ed\u017e\" class=\"read-more\" href=\"https:\/\/www.e-anjelik.sk\/index.php\/2023\/01\/03\/jasle-a-kriz\/\" aria-label=\"Pre\u010d\u00edtajte si viac o Jasle a kr\u00ed\u017e\">\u010c\u00edta\u0165 viac<\/a><\/p>\n","protected":false},"author":4,"featured_media":0,"comment_status":"open","ping_status":"open","sticky":false,"template":"","format":"standard","meta":{"footnotes":""},"categories":[606,121,549,95,550],"tags":[],"class_list":["post-35914","post","type-post","status-publish","format-standard","hentry","category-1-sviatok-vianocny","category-kazne","category-rastislavice","category-sobotiste","category-svatoplukovo"],"_links":{"self":[{"href":"https:\/\/www.e-anjelik.sk\/index.php\/wp-json\/wp\/v2\/posts\/35914","targetHints":{"allow":["GET"]}}],"collection":[{"href":"https:\/\/www.e-anjelik.sk\/index.php\/wp-json\/wp\/v2\/posts"}],"about":[{"href":"https:\/\/www.e-anjelik.sk\/index.php\/wp-json\/wp\/v2\/types\/post"}],"author":[{"embeddable":true,"href":"https:\/\/www.e-anjelik.sk\/index.php\/wp-json\/wp\/v2\/users\/4"}],"replies":[{"embeddable":true,"href":"https:\/\/www.e-anjelik.sk\/index.php\/wp-json\/wp\/v2\/comments?post=35914"}],"version-history":[{"count":2,"href":"https:\/\/www.e-anjelik.sk\/index.php\/wp-json\/wp\/v2\/posts\/35914\/revisions"}],"predecessor-version":[{"id":36937,"href":"https:\/\/www.e-anjelik.sk\/index.php\/wp-json\/wp\/v2\/posts\/35914\/revisions\/36937"}],"wp:attachment":[{"href":"https:\/\/www.e-anjelik.sk\/index.php\/wp-json\/wp\/v2\/media?parent=35914"}],"wp:term":[{"taxonomy":"category","embeddable":true,"href":"https:\/\/www.e-anjelik.sk\/index.php\/wp-json\/wp\/v2\/categories?post=35914"},{"taxonomy":"post_tag","embeddable":true,"href":"https:\/\/www.e-anjelik.sk\/index.php\/wp-json\/wp\/v2\/tags?post=35914"}],"curies":[{"name":"wp","href":"https:\/\/api.w.org\/{rel}","templated":true}]}}