{"id":35921,"date":"2023-01-04T13:51:02","date_gmt":"2023-01-04T12:51:02","guid":{"rendered":"https:\/\/e-anjelik.sk\/?p=35921"},"modified":"2024-07-05T10:05:10","modified_gmt":"2024-07-05T08:05:10","slug":"az-potialto-nam-pomahal-hospodin","status":"publish","type":"post","link":"https:\/\/www.e-anjelik.sk\/index.php\/2023\/01\/04\/az-potialto-nam-pomahal-hospodin\/","title":{"rendered":"A\u017e potia\u013eto n\u00e1m pom\u00e1hal Hospodin"},"content":{"rendered":"\n<p><strong>A\u017e potia\u013eto n\u00e1m pom\u00e1hal Hospodin<\/strong><\/p>\n\n\n\n<p><em>A\u017e posia\u013e, Bo\u017ee, pom\u00e1hal si n\u00e1m,<\/em><br><em>a\u017e po de\u0148 tento, a\u017e po t\u00fato chv\u00ed\u013eu &#8211;<\/em><br><em>nedarmo vzhliadol \u013eud Tvoj k v\u00fd\u0161in\u00e1m,<\/em><br><em>poc\u00edtil milos\u0165 Tvoju ako silu\u2026<\/em><br><em>Dnes, z v\u010faky \u010distej sa Ti kor\u00edme,<\/em><br><em>\u017ees\u2019 vyplnil to, \u010do si vern\u00fdm s\u013e\u00fabil.<\/em><br><em>\u00d3, v\u010faka, Bo\u017ee, &#8211; \u010dos i trpie\u0165 dal,<\/em><br><em>v\u0161ak z l\u00e1sky si n\u00e1s zachoval. Amen\u00a0 (M.R.)<\/em><\/p>\n\n\n\n<p><strong>&nbsp;1 Sam 7, 12:<\/strong><\/p>\n\n\n\n<p><strong>&nbsp;&nbsp; <\/strong><em>\u201dVtedy vzal Samuel kame\u0148 a postavil ho medzi Micpu a \u0160\u00e9n, a dal mu meno: Eben-\u00c9zer a riekol: A\u017e potia\u013eto pom\u00e1hal n\u00e1m Hospodin\u201d. Amen<\/em><\/p>\n\n\n\n<p><em>&nbsp;&nbsp; <\/em>Bratia a sestry v P\u00e1nu!<\/p>\n\n\n\n<p>&nbsp;&nbsp; Stret\u00e1me sa tu v posledn\u00fd de\u0148 roku P\u00e1novho 2022, v dni, ktor\u00fd nie je cirkevn\u00fdm sviatkom. Neoslavujeme preto nejak\u00fd konkr\u00e9tny Bo\u017e\u00ed skutok sp\u00e1sy. Ako evanjelici nesl\u00e1vime ani meniny niekedy v\u00fdznamn\u00e9ho p\u00e1pe\u017ea Silvestra a jeho slu\u017ebu. Ani sviatok podobn\u00fd druhej sl\u00e1vnosti viano\u010dnej spojenej so spomienkou na prv\u00e9ho mu\u010den\u00edka kres\u0165anskej cirkvi \u0160tefana. Stret\u00e1me sa na konci ob\u010dianskeho roku preto, aby sme po\u010fakovali P\u00e1nu Bohu za Jeho milos\u0165, dobrotu a l\u00e1sku preuk\u00e1zan\u00fa n\u00e1m po\u010das cel\u00e9ho tohoto kon\u010diaceho sa roku. Pre\u0161li sme s Bo\u017eou pomocou op\u00e4\u0165 jeden \u00fasek \u017eivota, v ktorom sme mohli zak\u00fasi\u0165 Jeho po\u017eehnanie, pomoc a ochranu.&nbsp;<\/p>\n\n\n\n<p>&nbsp; &nbsp; P\u00e1n Boh je Stvorite\u013eom sveta a tak aj P\u00e1nom a darcom \u010dasu. My \u013eudia sme si \u010das nedali, ale sme ho prijali z Bo\u017e\u00edch r\u00fak. \u010clovek iba vymyslel kalend\u00e1r, ako pom\u00f4cku po\u010d\u00edtania dn\u00ed a rokov a ten n\u00e1m pom\u00e1ha uvedomi\u0165 si niektor\u00e9 v\u00fdznamn\u00e9 medzn\u00edky, pri ktor\u00fdch sa smieme zastavi\u0165. Pri premene \u010dasu a rokov si uvedomuje nest\u00e1los\u0165 v\u0161etk\u00e9ho v tomto svete a tak aj na\u0161u pominute\u013enos\u0165. Ducha dne\u0161n\u00e9ho d\u0148a a ve\u010dera vystihuj\u00fa slov\u00e1 90 \u017ealmu:<em> \u201d \u010cas n\u00e1\u0161ho \u017eivota je sedemdesiat rokov, pri dobrej sile osemdesiat rokov, bo r\u00fdchle prejde a my zalet\u00edme\u201d.<\/em> Preto pros\u00edme so \u017dalmistom:<em> \u201dU\u010d n\u00e1s tak po\u010d\u00edta\u0165 dni \u017eivota, aby sme m\u00fadre srdce z\u00edskali\u201d. (\u017d 90,12)<\/em><\/p>\n\n\n\n<p>&nbsp;&nbsp; Zastavujeme sa preto v behu \u010dasu ako jednotlivci, ale aj ako spolo\u010denstvo p\u00fatnikov na tejto zemi, toti\u017e ako cirkev Je\u017ei\u0161a Krista.<\/p>\n\n\n\n<p>Spolo\u010dne si uvedomujeme, \u017ee<em> \u201c tu nem\u00e1me trval\u00e9ho miesta, ale ono bud\u00face h\u013ead\u00e1me\u201d.( \u017dd 13, 14) <\/em>Ako kres\u0165ania pre\u017e\u00edvame posledn\u00e9 hodiny kon\u010diaceho sa roku s ur\u010ditou v\u00e1\u017enos\u0165ou a pocitom zodpovednosti pred P\u00e1nom, nie iba v nejakej povrchnej z\u00e1bave, ako sa k tomu uchy\u013euje okolit\u00fd svet. Vedomie prelomu \u010dasov n\u00e1s vedie k zodpovednosti pred na\u0161\u00edm P\u00e1nom a povzbudzuje n\u00e1s k duchovnej pripravenosti k tomu d\u0148u, kedy pr\u00edde n\u00e1\u0161 P\u00e1n a Jeho s\u00fad. Mysl\u00edme teda na duchovn\u00fd boj viery a jeho v\u00ed\u0165azn\u00fd koniec, ktor\u00fd vid\u00edme vo ve\u010dnej z\u00e1chrane. Preto n\u00e1m prelom \u010dasu sl\u00fa\u017ei k duchovn\u00e9mu povzbudeniu a k poh\u013eadu upret\u00e9mu k tomu, \u010do je pred nami. M\u00e1me pred o\u010dami to, \u010do sme pre\u017eili: dobr\u00e9 i zl\u00e9, pekn\u00e9 i smutn\u00e9, ale &#8211; ako apo\u0161tol hovor\u00ed-<em> \u201ccie\u013e m\u00e1m v\u017edy pred o\u010dami\u201d.<\/em> Be\u017e\u00edme k cie\u013eu, ku ktor\u00e9mu n\u00e1s Kristus P\u00e1n pozval, z\u00edskal a povolal.<\/p>\n\n\n\n<p>&nbsp;&nbsp; T\u00fato kon\u010diacu sa etapu n\u00e1\u0161ho boja viery kon\u010d\u00edme s vyznan\u00edm Bo\u017eieho mu\u017ea Samuela :<\/p>\n\n\n\n<p><strong><em>&nbsp;&nbsp; &nbsp; &nbsp; &nbsp; &nbsp; &nbsp; &nbsp; &nbsp; \u201c A\u017e potia\u013eto pom\u00e1hal n\u00e1m Hospodin\u201d!<\/em><\/strong><\/p>\n\n\n\n<p><em>Preto: za v\u0161etko P\u00e1nu Bohu \u010fakujme a<\/em><\/p>\n\n\n\n<p><em>&nbsp; &nbsp; &nbsp; &nbsp; &nbsp; a v n\u00e1deji sa povzbu\u010fme.<\/em><\/p>\n\n\n\n<p>&nbsp;&nbsp; Bratia a sestry!<\/p>\n\n\n\n<p>\u00a0\u00a0 Samuel bol k\u0148azom a prorokom v Izraeli, ktor\u00fd \u017eil a konal ustavi\u010dne ako ten, kto si je vedom\u00fd, \u017ee stoj\u00ed pred Bo\u017eou tv\u00e1rou. Bol sudcom Izraela a teda aj duchovn\u00fdm vodcom \u013eudu Bo\u017eieho. \u017dil so svoj\u00edm \u013eu\u010fom, poznal jeho radosti i starosti. \u017dil v obdob\u00ed ve\u013ek\u00fdch nav\u0161t\u00edven\u00ed a trestov, ktor\u00e9 pri\u0161li na \u013eud za k\u0148aza a sudcu \u00c9liho a najm\u00e4 jeho synov. Vtedy Fili\u0161t\u00ednci vytiahli do boja proti Izraelu,\u00a0 sp\u00f4sobili mu por\u00e1\u017eku a n\u00e1sledne \u013eud su\u017eovali. Ukradli aj truhlu Hospodinovu s dvomi kamenn\u00fdmi doskami Z\u00e1kona. Bola to pre \u013eud priam katastrofa a mnoh\u00ed t\u00fa situ\u00e1ciu vn\u00edmali ako Bo\u017e\u00ed trest za neveru Izraela.<\/p>\n\n\n\n<p>&nbsp;&nbsp; Ke\u010f\u017ee v\u0161ak Hospodin svoj \u013eud nezavrhol, Fili\u0161t\u00ednci po \u010dase vr\u00e1tili truhlu zmluvy Izrealcom. \u013dud po dvadsiatich rokoch za\u010dal kona\u0165 pok\u00e1nie, op\u00fa\u0161\u0165al cudzie modly a bo\u017estv\u00e1, po\u010d\u00faval napom\u00ednanie Samuela, ktor\u00e9ho prosili, aby sa za nich modlil. Tak Hospodin uk\u00e1zal svoju milostiv\u00fa tv\u00e1r Izraelu a pri n\u00e1slednom \u00fatoku Fili\u0161t\u00edncov, Izrael zv\u00ed\u0165azil, nepriate\u013ea porazil a z\u00edskal predo\u0161l\u00fa slobodu. Vtedy Samuel postavil medzi Micpou a \u0160enom <em>\u201ckame\u0148 pomoci\u201d<\/em> a nazval ho <strong>\u201cEben-\u00c9zer\u201d<\/strong> &#8211; kame\u0148om pripom\u00ednaj\u00facim t\u00fato pomoc Bo\u017eiu, pri\u010dom povedal: <em>\u201cA\u017e potia\u013eto&nbsp; pom\u00e1hal n\u00e1m Hospodin\u201d.<\/em><\/p>\n\n\n\n<p><em>&nbsp;&nbsp;<\/em> Mil\u00ed bratia a sestry!<\/p>\n\n\n\n<p>\u00a0\u00a0 Aj my si dnes pri tomto medzn\u00edku \u017eivota a prelome rokov, uvedodmujeme Bo\u017eiu pomoc a milos\u0165, ktor\u00fa sme prijali ka\u017ed\u00fd z n\u00e1s, ale aj ako spolo\u010denstvo veriacich. Obrazne povedan\u00e9: Aj my staviame v na\u0161ich srdciach kame\u0148 v\u010faky a vyzn\u00e1vame: <em>\u201cA\u017e potia\u013eto pom\u00e1hal n\u00e1m Hospodin\u201d.\u00a0<\/em><\/p>\n\n\n\n<p><em>&nbsp; &nbsp; <\/em>To, \u010do sme za\u017eili, sk\u00fasili, dosiahli, \u010d\u00edm sme sa mohli pote\u0161i\u0165, \u010d\u00edm sme boli obohaten\u00ed a to, \u017ee sme mohli \u017ei\u0165 v slobode a pokoji, nie je iba na\u0161a z\u00e1sluha. Ako kres\u0165ania vyzn\u00e1vame s apo\u0161tolom Pavlom:&nbsp;<\/p>\n\n\n\n<p>\u201c \u2026<em>Lebo N\u00edm \u017eijeme, h\u00fdbeme sa a trv\u00e1me\u201d<\/em>. Na\u0161e piesne, ktor\u00e9 spievame, na\u0161e osobn\u00e9 i spolo\u010dn\u00e9 modlitby chc\u00fa vyjadri\u0165 predov\u0161etk\u00fdm t\u00fato vieru a v\u010faku za v\u0161etko Bo\u017eie po\u017eehnanie.<\/p>\n\n\n\n<p>Mysl\u00edme na po\u017eehnanie osobn\u00e9, na dar zdravia, na po\u017eehnanie na\u0161ich rod\u00edn i na\u0161ej cirkvi a cirkevn\u00e9ho zboru. Pre\u0161li sme iste aj mnoh\u00fdmi sk\u00fa\u0161kami a z\u00e1pasmi, ale pr\u00e1vom m\u00f4\u017eeme v na\u0161ich srdciach <em>\u201cpostavi\u0165 kame\u0148 Eben-\u00c9zer<\/em>\u201d, pripom\u00ednaj\u00faci Bo\u017eiu pomoc, l\u00e1sku a milos\u0165.<\/p>\n\n\n\n<p>&nbsp; &nbsp; Bratia a sestry!&nbsp;<\/p>\n\n\n\n<p>\u00a0\u00a0 My sme niekedy pohodln\u00ed, mo\u017eno aj spozdil\u00ed srdcom veri\u0165 a stava\u0165 tak\u00e9ho \u201ckamene pomoci\u201d v srdciach. \u010casto zab\u00fadame pripom\u00edna\u0165 si to dobr\u00e9, \u010do n\u00e1m dal P\u00e1n Boh v na\u0161om spolo\u010denstve cirkevnom a dnes &#8211; ke\u010f\u017ee pre\u017e\u00edvame tento de\u0148 a ve\u010der aj ako spolo\u010denstvo n\u00e1rodn\u00e9 &#8211; aj v na\u0161om n\u00e1rode. V Izraeli to bolo a je dodnes inak. N\u00e1m s\u00edce zanechal odkaz n\u00e1\u0161 k\u0148az J\u00e1n Koll\u00e1r v slov\u00e1ch Sl\u00e1vy dc\u00e9ry:<em> \u201cSt\u00faj noho, posv\u00e1tn\u00ed m\u00edsta jsou kamkoli kr\u00e1\u010d\u00ed\u0161\u201d. <\/em>\u010casto nepozn\u00e1me tie minul\u00e9 dni, t\u00fdm menej roky, ke\u010f n\u00e1m Hospodin poprial mnoh\u00e9 v\u00ed\u0165azstv\u00e1, alebo mo\u017en\u00e9 v\u00fdchodisk\u00e1 z na\u0161ich bied.<\/p>\n\n\n\n<p>\u00a0\u00a0 \u00a0 V tomto roku sme s na\u0161imi priate\u013emi zo spolo\u010densttva Johanky Hrebendovej z Vrboviec postavili, posv\u00e4tili a odhalili dva tak\u00e9to \u201ckamene\u201d, dve pam\u00e4tn\u00e9 tabule. Jednu na soboti\u0161stkej evanjelickej fare k\u0148azovi a n\u00e1rodovcovi Danielovi Jaroslavovi B\u00f3rikovi, ktor\u00fd sa v soboti\u0161tskej fare narodil pred dvesto rokmi, zn\u00e1meho z Hurbanovsk\u00fdch bojov. <strong>Druh\u00fd kame\u0148 s pam\u00e4tnou tabu\u013eou sme odhalili<\/strong> potom na Ostrom vrchu nad Vrbovcami kuruck\u00fdm bojovn\u00edkom za slobodu n\u00e1bo\u017eensk\u00fa i n\u00e1rodn\u00fa, ktor\u00ed tam zviedli boj a vylievali svoju krv v roku 1704.<\/p>\n\n\n\n<p>\u00a0\u00a0 \u00a0 Spom\u00ednam to v\u0161ak najm\u00e4 preto, aby sme si uvedomili n\u00e1\u0161 dlh pr\u00e1ve vo\u010di t\u00fdmto miestam, ke\u010f sa stret\u00e1vame tu na Starej Myjave, ako mieste prv\u00e9ho evanjelick\u00e9ho kostola. Ale tie\u017e miesta ve\u013ek\u00fdch obet\u00ed evanjelikov v boji s koz\u00e1kmi (<em>vi\u010f: Myjava a koz\u00e1ci) <\/em>a miesto p\u00f4sobenia mu\u010den\u00edka na\u0161ej cirkvi &#8211; biskupa Daniela Krmana ml., ale aj jeho otca a \u010fal\u0161\u00edch evanjelick\u00fdch k\u0148azov. Ide o miesta pripom\u00ednaj\u00facu na\u0161u sl\u00e1vnu minulos\u0165, ktor\u00e1 n\u00e1s m\u00f4\u017ee a m\u00e1 in\u0161pirova\u0165 aj dnes k dobr\u00e9mu boju viery v P\u00e1na Je\u017ei\u0161a a na\u0161ej ceste s N\u00edm a za N\u00edm. Dnes tu e\u0161te tak\u00fdto pam\u00e4tn\u00edk nestoj\u00ed, ale ver\u00edm, \u017ee sa tak v bud\u00facnosti ur\u010dite stane.<\/p>\n\n\n\n<p>&nbsp; &nbsp; Tieto miesta a spomienky m\u00f4\u017eu by\u0165 povzbuden\u00edm k tomu, aby sme \u201ckamene pomoci\u201d stavali priamo v na\u0161ich srdciach, \u010di\u017ee aby sme nezab\u00fadali na Bo\u017eiu moc a pomoc a v jej sile \u017eili a kr\u00e1\u010dali aj v \u010fal\u0161om obdob\u00ed, ktor\u00e9 n\u00e1m, ver\u00edme, n\u00e1\u0161 P\u00e1n popraje. To v\u0161etko spolu je vyjadren\u00edm na\u0161ej viery: <em>\u201cA\u017e potia\u013eto pom\u00e1hal n\u00e1m Hospodin\u201d,<\/em> ale aj povzbuden\u00edm k n\u00e1deji, \u017ee On chce by\u0165 s nami aj v bud\u00facom roku i v rokoch bud\u00facich, ak dok\u00e1\u017eeme kona\u0165 pok\u00e1nie a budeme prosi\u0165 o Jeho pomoc a milos\u0165. <em>\u201cTen, ktor\u00fd neu\u0161etril ani vlastn\u00e9ho Syna, ako n\u00e1m n\u00e1m nedaroval s n\u00edm v\u0161etko\u201d?<\/em><\/p>\n\n\n\n<p>&nbsp;&nbsp; Mil\u00ed bratia a sestry!<\/p>\n\n\n\n<p>&nbsp; R\u00f4znymi cestami kr\u00e1\u010daj\u00fa dnes n\u00e1rody i jednotlivci. Nechceme nikoho s\u00fadi\u0165, ale chceme sa povzbudi\u0165 v n\u00e1deji, ktor\u00e1 patr\u00ed k na\u0161ej evanjelickej identite, k n\u00e1\u0161mu vierovyznaniu a k na\u0161im sk\u00fasenostiam. V Toho, v ktor\u00e9ho d\u00fafali na\u0161i otcovia a neb\u00fdvali zahanben\u00ed &#8211; smieme a m\u00e1me d\u00fafa\u0165 aj my.<\/p>\n\n\n\n<p>\u00a0\u00a0 \u00a0 \u00a0 Preto aj v t\u00fato chv\u00ed\u013eu spievame dnes s n\u00e1bo\u017en\u00fdm pevcom: <em>\u201cNu\u017e Bohu \u010fakujme\u2026\u201d<\/em> (ESP 350) a s\u00fa\u010dasne vyzn\u00e1vajme, \u017ee Ten, ktor\u00fd <em>\u201cod \u017eivota matiek na\u0161ich bol v\u017edy s nami\u201d,<\/em> bude s nami aj na\u010falej, ak sa Ho sami nevzd\u00e1me \u013eahostajnos\u0165ou, vla\u017enos\u0165ou, alebo dokonca duchovnou zradou. V novom roku \u017eime a kr\u00e1\u010dajme verne s T\u00fdm, ktor\u00fd sa pre n\u00e1s narodil, ktor\u00fd k na\u0161ej sp\u00e1se pri\u0161iel z Domu chleba, aby n\u00e1s s\u00fdtil, posil\u0148oval a napokon aj priviedol do svoje nebeskej vlasti. Amen<\/p>\n\n\n\n<p>&nbsp; &nbsp; &nbsp; Z\u00e1ver roku 2022 &#8211; Star\u00e1 Myjava&nbsp; &#8211; Mgr.\u013dubom\u00edr Batka st.<\/p>\n","protected":false},"excerpt":{"rendered":"<p>A\u017e potia\u013eto n\u00e1m pom\u00e1hal Hospodin A\u017e posia\u013e, Bo\u017ee, pom\u00e1hal si n\u00e1m,a\u017e po de\u0148 tento, a\u017e po t\u00fato chv\u00ed\u013eu &#8211;nedarmo vzhliadol \u013eud Tvoj k v\u00fd\u0161in\u00e1m,poc\u00edtil milos\u0165 Tvoju ako silu\u2026Dnes, z v\u010faky \u010distej sa Ti kor\u00edme,\u017ees\u2019 vyplnil to, \u010do si vern\u00fdm s\u013e\u00fabil.\u00d3, v\u010faka, Bo\u017ee, &#8211; \u010dos i trpie\u0165 dal,v\u0161ak z l\u00e1sky si n\u00e1s zachoval. Amen\u00a0 (M.R.) &nbsp;1 &#8230; <a title=\"A\u017e potia\u013eto n\u00e1m pom\u00e1hal Hospodin\" class=\"read-more\" href=\"https:\/\/www.e-anjelik.sk\/index.php\/2023\/01\/04\/az-potialto-nam-pomahal-hospodin\/\" aria-label=\"Pre\u010d\u00edtajte si viac o A\u017e potia\u013eto n\u00e1m pom\u00e1hal Hospodin\">\u010c\u00edta\u0165 viac<\/a><\/p>\n","protected":false},"author":4,"featured_media":0,"comment_status":"open","ping_status":"open","sticky":false,"template":"","format":"standard","meta":{"footnotes":""},"categories":[121,118,6,95,375],"tags":[],"class_list":["post-35921","post","type-post","status-publish","format-standard","hentry","category-kazne","category-myjava","category-myjavsky-seniorat","category-sobotiste","category-zaver-obcianskeho-roku"],"_links":{"self":[{"href":"https:\/\/www.e-anjelik.sk\/index.php\/wp-json\/wp\/v2\/posts\/35921","targetHints":{"allow":["GET"]}}],"collection":[{"href":"https:\/\/www.e-anjelik.sk\/index.php\/wp-json\/wp\/v2\/posts"}],"about":[{"href":"https:\/\/www.e-anjelik.sk\/index.php\/wp-json\/wp\/v2\/types\/post"}],"author":[{"embeddable":true,"href":"https:\/\/www.e-anjelik.sk\/index.php\/wp-json\/wp\/v2\/users\/4"}],"replies":[{"embeddable":true,"href":"https:\/\/www.e-anjelik.sk\/index.php\/wp-json\/wp\/v2\/comments?post=35921"}],"version-history":[{"count":3,"href":"https:\/\/www.e-anjelik.sk\/index.php\/wp-json\/wp\/v2\/posts\/35921\/revisions"}],"predecessor-version":[{"id":36935,"href":"https:\/\/www.e-anjelik.sk\/index.php\/wp-json\/wp\/v2\/posts\/35921\/revisions\/36935"}],"wp:attachment":[{"href":"https:\/\/www.e-anjelik.sk\/index.php\/wp-json\/wp\/v2\/media?parent=35921"}],"wp:term":[{"taxonomy":"category","embeddable":true,"href":"https:\/\/www.e-anjelik.sk\/index.php\/wp-json\/wp\/v2\/categories?post=35921"},{"taxonomy":"post_tag","embeddable":true,"href":"https:\/\/www.e-anjelik.sk\/index.php\/wp-json\/wp\/v2\/tags?post=35921"}],"curies":[{"name":"wp","href":"https:\/\/api.w.org\/{rel}","templated":true}]}}