{"id":35923,"date":"2023-01-05T21:27:27","date_gmt":"2023-01-05T20:27:27","guid":{"rendered":"https:\/\/e-anjelik.sk\/?p=35923"},"modified":"2024-07-05T10:02:46","modified_gmt":"2024-07-05T08:02:46","slug":"v-novom-roku-nezabudnime-na-jakubovu-podmienku","status":"publish","type":"post","link":"https:\/\/www.e-anjelik.sk\/index.php\/2023\/01\/05\/v-novom-roku-nezabudnime-na-jakubovu-podmienku\/","title":{"rendered":"V novom roku nezabudnime na Jakubovu podmienku"},"content":{"rendered":"\n<p><strong><em>&nbsp; &nbsp; &nbsp; &nbsp; &nbsp; &nbsp; &nbsp; &nbsp; &nbsp; <\/em><\/strong><strong><em>&nbsp; V novom roku nezabudnime na Jakubovu podmienku<\/em><\/strong><\/p>\n\n\n\n<p><strong><em>Jk 4, 13-17:<\/em><\/strong><\/p>\n\n\n\n<p><em>\u201cA teraz u\u017e vy, ktor\u00ed hovor\u00edte: Dnes alebo zajtra vyprav\u00edme sa o toho alebo tamtoho mesta, pobudneme tam rok a budeme kup\u010di\u0165 a zar\u00e1ba\u0165, &#8211; (14) ve\u010f neviete, \u010do bude zajtra s va\u0161\u00edm \u017eivotom; ste para, ktor\u00e1 sa nakr\u00e1tko uk\u00e1\u017ee a potom zmizne; (15) namiesto toho, aby ste hovorili: Ak P\u00e1n bude chcie\u0165, budeme \u017eiv\u00ed a vykon\u00e1me toto, alebo tamto!, (16) teraz sa vychva\u013eujete v p\u00fdche! Ka\u017ed\u00e1 tak\u00e1to chv\u00e1la je hrie\u0161na, (17) A tak, kto vie dobre \u010dini\u0165 a ne\u010din\u00ed, hriech m\u00e1. Amen<\/em><\/p>\n\n\n\n<p>&nbsp; Bohumil\u00ed kres\u0165ania!<\/p>\n\n\n\n<p>\u00a0 \u00a0 Za\u010dal sa nov\u00fd rok P\u00e1nov 2023. Ako m\u00e1me vn\u00edma\u0165 a prij\u00edma\u0165 tento nov\u00fd rok ktor\u00e9ho sme sa z Bo\u017eej milosti do\u017eili? Pri\u0161li sme na slu\u017eby Bo\u017eie, aby sme sa navz\u00e1jom povzbudili vo viere a spojili v konan\u00ed, ku ktor\u00e9mu n\u00e1s vyzvala u\u017e \u00favodn\u00e1 n\u00e1bo\u017en\u00e1 piese\u0148:<\/p>\n\n\n\n<p><em>\u201cHospodinu podajme ruky,<\/em><br><em>po\u010fme do Jeho sv\u00e4tyne,<\/em><br><em>On n\u00e1s vol\u00e1 i v novom roku,<\/em><br><em>nu\u017e Jeho slovo pr\u00edjmime!<\/em><br><em>Len v Bohu je rados\u0165 ve\u010dn\u00e1!\u00a0<\/em><br><em>Vznes sa k Nemu myse\u013e v\u010fa\u010dn\u00e1! (ESP 71,1)<\/em><\/p>\n\n\n\n<p>&nbsp;&nbsp; Nov\u00fd rok je pre n\u00e1s darom milosti. Darom \u010dasu, v ktorom smieme prij\u00edma\u0165 prejavy Bo\u017eej l\u00e1sky a po\u017eehnania. Nov\u00fd rok je mo\u017enos\u0165ou pre ka\u017ed\u00e9ho z n\u00e1s, \u017ei\u0165 \u010falej s P\u00e1nom Bohom.<\/p>\n\n\n\n<p>&nbsp;&nbsp; &nbsp; Zo svedectva apo\u0161tola Jakuba pr\u00edjmime preto v\u00fdzvy:<\/p>\n\n\n\n<p><strong><em>Zotrvajme vo viere v P\u00e1na Boha!&nbsp;<\/em><\/strong><\/p>\n\n\n\n<p><em>&#8211;&nbsp; s Jeho po\u017eehnan\u00edm po\u010d\u00edtajme<\/em><\/p>\n\n\n\n<p><em>&nbsp;&#8211; na Jeho v\u00f4\u013eu pam\u00e4tajme<\/em><\/p>\n\n\n\n<p>&nbsp;&nbsp; &nbsp; Mil\u00ed bratia a sestry!<\/p>\n\n\n\n<p>\u00a0\u00a0 Pri\u0161li sme, aby se Hospodinu, n\u00e1\u0161mu nebesk\u00e9mu Otcovi<em> \u201cpodali ruky\u201d.<\/em> Treba si v\u0161ak uvedomi\u0165, \u017ee to je mo\u017en\u00e9 iba preto, lebo On s\u00e1m n\u00e1m podal ruku, \u017ee vystrel svoju pravicu k n\u00e1m v osobe svojho Syna P\u00e1na Je\u017ei\u0161a Krista. V \u0147om sa pre n\u00e1s stal vidite\u013en\u00fd, po\u010dute\u013en\u00fd, poznate\u013en\u00fd a prijate\u013en\u00fd. V Je\u017ei\u0161ovi Ho spozn\u00e1vame ako Toho, ktor\u00fd je pln\u00fd milosti, pravdy a l\u00e1sky. Tak sa vyjavil a prejavil v\u0161emoh\u00faci P\u00e1n neba a zeme v Die\u0165ati z Betlehema, v Je\u017ei\u0161ovi.\u00a0 \u00a0 \u00a0 \u00a0 \u00a0 \u00a0 \u00a0<\/p>\n\n\n\n<p>&nbsp; &nbsp; Dne\u0161n\u00fd de\u0148, na rozdiel od v\u010deraj\u0161ieho posledn\u00e9ho d\u0148a roku je aj cirkevn\u00fdm sviatkom. Pripom\u00edna n\u00e1m Je\u017ei\u0161ovo podrobenie sa z\u00e1konu, ke\u010f na \u00f4smy de\u0148 po naroden\u00ed bol Syn panny M\u00e1rie a Jozefa, ktor\u00fd Ho prijal za svoje die\u0165a, obrezan\u00fd v jeruzalemskom chr\u00e1me a ke\u010f dostal meno, ako ho anjel pomenoval prv, ako sa po\u010dal v tele matky. Poslu\u0161nos\u0165 Bo\u017eiemu slovu Jozefa a M\u00e1rie si vysoko cen\u00edme a vn\u00edmame ich ako pokorn\u00fdch slu\u017eobn\u00edkov Bo\u017e\u00edch. V meno Je\u017ei\u0161 zlo\u017eili aj oni svoju n\u00e1dej a o Neho opreli cel\u00fd svoj \u017eivot. Uverili, \u017ee On je Svetlo, ktor\u00e9 osl\u00e1vi ich \u013eud Izraelsk\u00fd. V toto meno za\u010dali veri\u0165 a d\u00fafa\u0165 aj prvotiny \u013eudu Izraela, ak\u00fdmi boli aj zbo\u017en\u00fd starec Simeon a zbo\u017en\u00e1 proroky\u0148a Anna. To, \u010do my chceme a m\u00e1me nanovo urobi\u0165 je teda n\u00e1vrat k jasliam P\u00e1na Je\u017ei\u0161a a Jeho skuto\u010dn\u00e9 prijatie vierou.<\/p>\n\n\n\n<p>&nbsp; &nbsp; &nbsp; Mo\u017eno povieme, \u017ee my Je\u017ei\u0161ovi u\u017e patr\u00edme, \u017ee sme ako evanjelick\u00ed kres\u0165ania pokrsten\u00ed v Jeho meno a tak je v\u0161etko \u00faplne v poriadku. Poda\u0165 Hospodinu ruky, pr\u00eds\u0165 k Je\u017ei\u0161ovi ako k P\u00e1novi a Kr\u00e1\u013eovi mo\u017eno v\u0161ak iba v pravom pok\u00e1n\u00ed. Pok\u00e1nie je opak p\u00fdchy, \u013eudskej dom\u00fd\u0161\u013eavosti o vlastnej hodnote, ke\u010f je s\u00fa\u010dasne P\u00e1n postaven\u00fd \u201cna druh\u00fa ko\u013eaj\u201d, alebo dokonca na ko\u013eaj posledn\u00fa.<\/p>\n\n\n\n<p>&nbsp; &nbsp; &nbsp; Apo\u0161tol Jakub spom\u00edna d\u00f4le\u017eit\u00fa vec, ako z\u00e1kladn\u00fa podmienku na\u0161ej existencie, n\u00e1\u0161ho konania a n\u00e1\u0161ho trvania vo viere. U\u010d\u00ed n\u00e1s vo v\u0161etk\u00fdch na\u0161ich pl\u00e1noch, pri na\u0161ich cest\u00e1ch, ktor\u00e9 chceme podnikn\u00fa\u0165 v na\u0161om \u017eivote, uvedomi\u0165 si z\u00e1sadn\u00fa, d\u00f4le\u017eit\u00fa podmienku na\u0161ich pl\u00e1nov. A ona znie: <em>Ak P\u00e1n bude chcie\u0165! <\/em>T\u00e1to podmienka plat\u00ed o v\u0161etkom na\u0161om pl\u00e1novan\u00ed, konan\u00ed, o na\u0161ich pr\u00e1cach i viere, ktor\u00e1 m\u00e1 by\u0165 \u010dinn\u00e1 skrze l\u00e1sku.<\/p>\n\n\n\n<p>&nbsp; &nbsp; Na adresu niektor\u00fdch kres\u0165anov v cirkvi hovor\u00ed: <em>\u201cTeraz sa vychva\u013eujete v p\u00fdche\u201d!<\/em> Ka\u017ed\u00e1 tak\u00e1to p\u00fdcha a konanie<em> \u201c \u2026pobudneme tam, \u010di onam, budeme kup\u010di\u0165, zar\u00e1ba\u0165\u2026\u201d <\/em>bez pomyslenia na Bo\u017eie po\u017eehnanie je hrie\u0161ne. Preto t\u00fdm prv\u00fdm konan\u00edm s nov\u00fdm rokom je skuto\u010dn\u00fd n\u00e1vrat k P\u00e1novi. K d\u00f4vere a chv\u00e1le, ktor\u00e1 patr\u00ed Jemu.<em>\u201cNie n\u00e1m, Hospodine, nie n\u00e1m, le\u017e Tebe patr\u00ed v\u0161etka \u010des\u0165 a sl\u00e1va!<\/em>\u201d\u2026hovor\u00ed a vyzn\u00e1va so \u017ealmistom ka\u017ed\u00fd veriaci. Nov\u00e9 r\u00e1no m\u00e1 by\u0165 pln\u00e9 chv\u00e1ly Hospodina a Jeho Syna, n\u00e1\u0161ho P\u00e1na a Spasite\u013ea. S Bo\u017e\u00edm po\u017eehnan\u00edm aj my po\u010d\u00edtajme, o\u0148 prosme a v d\u00f4vere sa na P\u00e1na spoliehajme.<\/p>\n\n\n\n<p>&nbsp;&nbsp; Bratia a sestry!<\/p>\n\n\n\n<p>\u00a0\u00a0 Nespoliehajme sa len na vlastn\u00e9 sily, schopnosti a dary. Nebu\u010fme py\u0161n\u00ed. Mnoh\u00ed povedia: Ja nie som py\u0161n\u00fd! \u013dudia neradi prip\u00fa\u0161\u0165aj\u00fa, \u017ee s\u00fa py\u0161n\u00ed na seba. Zdanlivo nikto z n\u00e1s nie je py\u0161n\u00fd &#8211; my iba pozn\u00e1me \u013eud\u00ed, ktor\u00ed py\u0161n\u00ed s\u00fa. To je \u010dast\u00fd obraz \u013eudsk\u00e9ho spolo\u010denstva a neraz aj spolo\u010denstva cirkevn\u00e9ho zboru.\u00a0<\/p>\n\n\n\n<p>\u00a0 \u00a0 Predstavme si situ\u00e1ciu, \u017ee sa na pracovisku \u010fakuje pracovn\u00edkom za ich slu\u017ebu, odovzd\u00e1vaj\u00fa sa \u010fakovn\u00e9 listy, ude\u013euj\u00fa odmeny a na niekoho sa nedopatren\u00edm zabudne. Ako zareaguje? Nebude sa c\u00edti\u0165 urazen\u00fd a podcenen\u00fd? Uspokoj\u00ed sa s vedom\u00edm, \u017ee P\u00e1n Boh ho najlep\u0161ie pozn\u00e1, odmen\u00ed a po\u017eehn\u00e1? &#8211; Alebo je usporiadan\u00fd viano\u010dn\u00fd ve\u010dierok det\u00ed, kde \u00fa\u010dinkuj\u00fa aj na\u0161e ratolesti. Pr\u00eddu mnoh\u00ed rodi\u010dia, aby si ich vypo\u010duli. Zdanlivo preto, aby po\u010duli viano\u010dn\u00e9 evanjelium. Ale potom, ke\u010f sviatky pokra\u010duj\u00fa a na slu\u017eb\u00e1ch Bo\u017e\u00edch zaznieva evanjelium naplno a ke\u010f u\u017e netlieskame de\u0165om, ale spievame na sl\u00e1va Bohu &#8211; kostol je u\u017e polopr\u00e1zdny. Pr\u00e1vom sa p\u00fdtame: Po\u010d\u00favame Bo\u017eie posolstvo, alebo vid\u00edme a chv\u00e1lime iba seba a svoje deti? Vo\u010di vlastnej p\u00fdche sa pritom ka\u017ed\u00fd ohrad\u00ed. Tak\u00ed s\u00fa t\u00ed druh\u00ed&#8230;<\/p>\n\n\n\n<p>\u00a0\u00a0 \u00a0 \u010eakuj\u00fa za v\u0161etko Hospodinu t\u00ed, \u010do tvrdo pracuj\u00fa a dosahuj\u00fa \u00faspechy, postavenie, maj\u00fa drah\u00e9 aut\u00e1, dom, zabezpe\u010denie a tak \u010falej, alebo \u00faspech pripisuj\u00fa iba sebe? To nevieme, nevid\u00edme iste do srdca nikomu, ale vie to P\u00e1n Boh. Ten, ktor\u00e9mu dnes <em>\u201cpod\u00e1vame ruky\u201d<\/em> a pred tv\u00e1rou ktor\u00e9ho stoj\u00edme. Tu si m\u00e1me uvedomi\u0165, \u017ee On je Spytate\u013e s\u0155dc a p\u00fdta\u0165 sa v duchu: Na \u010dom si zaklad\u00e1me? Na seba, na tom \u010do m\u00e1me a \u010do sme dosiahli, alebo na P\u00e1nu Bohu? Bu\u010fme v\u010fa\u010dn\u00ed Hospodinu za to, \u010do sme dosiahli, \u010do sme a \u010do m\u00e1me a chr\u00e1\u0148me sa p\u00fdchy, ktor\u00e1 peklom d\u00fdcha.\u00a0<\/p>\n\n\n\n<p>&nbsp;&nbsp; Bratia a sestry!<\/p>\n\n\n\n<p>&nbsp; Vstupujme do nov\u00e9ho roku aj s prosbou o pomoc Bo\u017eiu a prosme o dary telesn\u00e9 i duchovn\u00e9. Nie je chybou, ak ako kres\u0165ania aj pl\u00e1nujeme, ak chceme urobi\u0165 to, \u010di ono. V\u017edy v\u0161ak s tou jednou d\u00f4le\u017eitou a z\u00e1kladnou podmienkou, ktor\u00fa spom\u00edna apo\u0161tol Jakub: <em>Ak P\u00e1n bude chcie\u0165<\/em>. Lebo my sme naozaj len ako para, ktor\u00e1 je obrazom nest\u00e1losti i smrte\u013enosti a tak aj z\u00e1vislosti na P\u00e1nu Bohu a Jeho milosti. Pam\u00e4tajme na m\u00fadros\u0165 na\u0161ich predkov vo viere, ktor\u00ed hovorili: <em>\u201cBez Bo\u017eieho po\u017eehnania, m\u00e1rne na\u0161e nam\u00e1hania\u201d.<\/em><\/p>\n\n\n\n<p><em>\u00a0\u00a0 <\/em>K novoro\u010dn\u00fdm predsavzatiam a cest\u00e1m\u00a0 po ktor\u00fdch budeme kr\u00e1\u010da\u0165, nezabudnime priradi\u0165 cesty do chr\u00e1mu. Nezabudnime na modlitby, prosby i v\u010faky P\u00e1nu Bohu. On n\u00e1m iste chce po\u017eehna\u0165, ale o\u010dak\u00e1va, \u017ee pr\u00edjmeme nielen dary, ale aj Darcu v\u0161etk\u00fdch darov. \u00a0 \u00a0 \u00a0<\/p>\n\n\n\n<p>&nbsp; &nbsp; Nov\u00e9 r\u00e1no nov\u00e9ho roku je novou mo\u017enos\u0165ou \u017ei\u0165 nielen pod\u013ea seba a svojich z\u00e1merov, ale pod\u013ea v\u00f4le Bo\u017eej. Mnoho \u013eudsk\u00fdch pl\u00e1nov nesie s\u00edce pe\u010da\u0165 l\u00e1sky &#8211; ale, \u017eia\u013e, iba v podobe sebal\u00e1sky, sebamilovania, \u010di\u017ee egoizmu. Dost\u00e1vame nov\u00fd rok aj ako mo\u017enos\u0165 dobre \u010dini\u0165 v\u0161etk\u00fdm.&nbsp;<\/p>\n\n\n\n<p><em>\u201cKto vie dobre \u010dini\u0165 a ne\u010din\u00ed &#8211; m\u00e1 hriech\u201d<\/em>, hovor\u00ed apo\u0161tol Jakub. Rovnako je hriechom aj to, ak mysl\u00edme iba na seba a ak strat\u00edme zmysel pre slu\u017ebu bratom a sestr\u00e1m. Ak zab\u00fadame na svet naokolo, na potreby spolo\u010denstva rodiny, cirkvi i spolo\u010denstva ob\u010dianskeho.<\/p>\n\n\n\n<p>&nbsp;&nbsp; &nbsp; Apo\u0161tol Pavel podobne hovor\u00ed: <em>\u201c\u010ci\u0148te dobre v\u0161etk\u00fdm, ale najm\u00e4 dom\u00e1cim viery\u201d.<\/em> T\u00fdm chce pouk\u00e1za\u0165 na na\u0161e mo\u017enosti. V\u0161etko toti\u017e nevieme zmeni\u0165, ani zlo v\u0161ade odstr\u00e1ni\u0165. Na\u0161e mo\u017enosti s\u00fa v\u017edy ur\u010dit\u00fdm sp\u00f4sobom limitovan\u00e9. S nov\u00fdm rokom n\u00e1m P\u00e1n d\u00e1va nielen nov\u00e9 mo\u017enosti, ale aj nov\u00fa silu viery. Zas\u013eubuje svoju pomoc a pr\u00edtomnos\u0165 svojho sv\u00e4t\u00e9ho Ducha. Toto s\u00fa d\u00f4vody, pre ktor\u00e9 prich\u00e1dzame dnes&nbsp;<\/p>\n\n\n\n<p>\u201cdo Jeho sv\u00e4tyne\u201d. Jemu prin\u00e1\u0161ame obete chv\u00e1ly a s Jeho pomocou chceme verne a m\u00fadro pracova\u0165 a kona\u0165 svoje povinnosti: sejbu l\u00e1sky dobr\u00fdch skutkov v d\u0148och, ktor\u00e9 n\u00e1m bud\u00fa darovan\u00e9. Amen.<\/p>\n\n\n\n<p>&nbsp; &nbsp; &nbsp; &nbsp; &nbsp; Nov\u00fd rok P\u00e1nov &nbsp; &nbsp; &nbsp; MyS 10\/2023 &nbsp; &nbsp; Mgr.\u013dubom\u00edr Batka st.<\/p>\n","protected":false},"excerpt":{"rendered":"<p>&nbsp; &nbsp; &nbsp; &nbsp; &nbsp; &nbsp; &nbsp; &nbsp; &nbsp; &nbsp; V novom roku nezabudnime na Jakubovu podmienku Jk 4, 13-17: \u201cA teraz u\u017e vy, ktor\u00ed hovor\u00edte: Dnes alebo zajtra vyprav\u00edme sa o toho alebo tamtoho mesta, pobudneme tam rok a budeme kup\u010di\u0165 a zar\u00e1ba\u0165, &#8211; (14) ve\u010f neviete, \u010do bude zajtra s va\u0161\u00edm \u017eivotom; ste &#8230; <a title=\"V novom roku nezabudnime na Jakubovu podmienku\" class=\"read-more\" href=\"https:\/\/www.e-anjelik.sk\/index.php\/2023\/01\/05\/v-novom-roku-nezabudnime-na-jakubovu-podmienku\/\" aria-label=\"Pre\u010d\u00edtajte si viac o V novom roku nezabudnime na Jakubovu podmienku\">\u010c\u00edta\u0165 viac<\/a><\/p>\n","protected":false},"author":4,"featured_media":0,"comment_status":"open","ping_status":"open","sticky":false,"template":"","format":"standard","meta":{"footnotes":""},"categories":[121,118,6,15,585,95],"tags":[],"class_list":["post-35923","post","type-post","status-publish","format-standard","hentry","category-kazne","category-myjava","category-myjavsky-seniorat","category-novy-rok","category-obrezanie-krista-pana","category-sobotiste"],"_links":{"self":[{"href":"https:\/\/www.e-anjelik.sk\/index.php\/wp-json\/wp\/v2\/posts\/35923","targetHints":{"allow":["GET"]}}],"collection":[{"href":"https:\/\/www.e-anjelik.sk\/index.php\/wp-json\/wp\/v2\/posts"}],"about":[{"href":"https:\/\/www.e-anjelik.sk\/index.php\/wp-json\/wp\/v2\/types\/post"}],"author":[{"embeddable":true,"href":"https:\/\/www.e-anjelik.sk\/index.php\/wp-json\/wp\/v2\/users\/4"}],"replies":[{"embeddable":true,"href":"https:\/\/www.e-anjelik.sk\/index.php\/wp-json\/wp\/v2\/comments?post=35923"}],"version-history":[{"count":3,"href":"https:\/\/www.e-anjelik.sk\/index.php\/wp-json\/wp\/v2\/posts\/35923\/revisions"}],"predecessor-version":[{"id":36933,"href":"https:\/\/www.e-anjelik.sk\/index.php\/wp-json\/wp\/v2\/posts\/35923\/revisions\/36933"}],"wp:attachment":[{"href":"https:\/\/www.e-anjelik.sk\/index.php\/wp-json\/wp\/v2\/media?parent=35923"}],"wp:term":[{"taxonomy":"category","embeddable":true,"href":"https:\/\/www.e-anjelik.sk\/index.php\/wp-json\/wp\/v2\/categories?post=35923"},{"taxonomy":"post_tag","embeddable":true,"href":"https:\/\/www.e-anjelik.sk\/index.php\/wp-json\/wp\/v2\/tags?post=35923"}],"curies":[{"name":"wp","href":"https:\/\/api.w.org\/{rel}","templated":true}]}}