{"id":3593,"date":"2011-06-03T08:00:12","date_gmt":"2011-06-03T08:00:12","guid":{"rendered":"http:\/\/e-anjelik.sk\/?p=3593"},"modified":"2011-06-03T08:00:12","modified_gmt":"2011-06-03T08:00:12","slug":"stretnu-sa-medialni-pracovnici-v-lut-cirkvach-severu","status":"publish","type":"post","link":"https:\/\/www.e-anjelik.sk\/index.php\/2011\/06\/03\/stretnu-sa-medialni-pracovnici-v-lut-cirkvach-severu\/","title":{"rendered":"Stretn\u00fa sa medi\u00e1lni pracovn\u00edci v lut. cirkv\u00e1ch  Severu"},"content":{"rendered":"<p>Bud&uacute;ci t&yacute;\u017ede\u0148 8.-10. j&uacute;na 2011 sa v meste Vasa vo F&iacute;nsku stretn&uacute; na svojom pravidelnom &#8211; tentokr&aacute;t u\u017e v porad&iacute; 30. stretnut&iacute; tzv. NordKom komunik&aacute;tori seversk&yacute;ch kraj&iacute;n, hlavne informa\u010dn&iacute; pracovn&iacute;ci, komunik&aacute;tori a cirkevn&iacute; novin&aacute;ri .Stretnutia b&yacute;vaj&uacute; ka\u017ed&yacute; druh&yacute; rok. Teraz je ich hostite\u013eom Evanjelicko-luter&aacute;nska cirkev vo F&iacute;nsku. Na podujat&iacute; vyst&uacute;pi ved&uacute;ci V&yacute;skumn&eacute;ho &uacute;stavu cirkvi Harri Palmu. Bude hovori\u0165 na t&eacute;mu:&quot;Viera vo F&iacute;nsku &#8230; pripravte sa na &#8230;&quot;. Komen&aacute;re k tomu povedia v&yacute;skumn&iacute;ci Marcus Moberg a Kjell Herberts. Podobne sa bude hovori\u0165 o tak&yacute;chto sk&uacute;senostiach vo &Scaron;v&eacute;dsku. \u010clenstvo v cirkv&aacute;ch v seversk&yacute;ch krajin&aacute;ch bolo v posledn&yacute;ch rokoch \u010dasto testovan&eacute;. NordKom je v&yacute;bornou pr&iacute;le\u017eitos\u0165ou, aby sa medi&aacute;lni pracovn&iacute;cvi vz&aacute;jomne podelili o sk&uacute;senosti a vz&aacute;jomne sa od seba u\u010dili. V piatok 10. j&uacute;na bude profesor Peter Nyn&auml;s hovori\u0165 o kontakte cirkvi s modern&yacute;mi \u013eu\u010fmi, biskup Bjoern Vikstroem o kombin&aacute;cii \u013eudovej cirkvi s postmodernou spolo\u010dnos\u0165ou.<\/p>\n<p>(evl.fi)<\/p>\n","protected":false},"excerpt":{"rendered":"<p>Bud&uacute;ci t&yacute;\u017ede\u0148 8.-10. j&uacute;na 2011 sa v meste Vasa vo F&iacute;nsku stretn&uacute; na svojom pravidelnom &#8211; tentokr&aacute;t u\u017e v porad&iacute; 30. stretnut&iacute; tzv. NordKom komunik&aacute;tori seversk&yacute;ch kraj&iacute;n, hlavne informa\u010dn&iacute; pracovn&iacute;ci, komunik&aacute;tori a cirkevn&iacute; novin&aacute;ri .Stretnutia b&yacute;vaj&uacute; ka\u017ed&yacute; druh&yacute; rok. Teraz je ich hostite\u013eom Evanjelicko-luter&aacute;nska cirkev vo F&iacute;nsku. Na podujat&iacute; vyst&uacute;pi ved&uacute;ci V&yacute;skumn&eacute;ho &uacute;stavu cirkvi Harri &#8230; <a title=\"Stretn\u00fa sa medi\u00e1lni pracovn\u00edci v lut. cirkv\u00e1ch  Severu\" class=\"read-more\" href=\"https:\/\/www.e-anjelik.sk\/index.php\/2011\/06\/03\/stretnu-sa-medialni-pracovnici-v-lut-cirkvach-severu\/\" aria-label=\"Pre\u010d\u00edtajte si viac o Stretn\u00fa sa medi\u00e1lni pracovn\u00edci v lut. cirkv\u00e1ch  Severu\">\u010c\u00edta\u0165 viac<\/a><\/p>\n","protected":false},"author":22,"featured_media":0,"comment_status":"open","ping_status":"open","sticky":false,"template":"","format":"standard","meta":{"footnotes":""},"categories":[42],"tags":[234],"class_list":["post-3593","post","type-post","status-publish","format-standard","hentry","category-skandinavia","tag-zdruzenia-a-skupiny"],"_links":{"self":[{"href":"https:\/\/www.e-anjelik.sk\/index.php\/wp-json\/wp\/v2\/posts\/3593","targetHints":{"allow":["GET"]}}],"collection":[{"href":"https:\/\/www.e-anjelik.sk\/index.php\/wp-json\/wp\/v2\/posts"}],"about":[{"href":"https:\/\/www.e-anjelik.sk\/index.php\/wp-json\/wp\/v2\/types\/post"}],"author":[{"embeddable":true,"href":"https:\/\/www.e-anjelik.sk\/index.php\/wp-json\/wp\/v2\/users\/22"}],"replies":[{"embeddable":true,"href":"https:\/\/www.e-anjelik.sk\/index.php\/wp-json\/wp\/v2\/comments?post=3593"}],"version-history":[{"count":0,"href":"https:\/\/www.e-anjelik.sk\/index.php\/wp-json\/wp\/v2\/posts\/3593\/revisions"}],"wp:attachment":[{"href":"https:\/\/www.e-anjelik.sk\/index.php\/wp-json\/wp\/v2\/media?parent=3593"}],"wp:term":[{"taxonomy":"category","embeddable":true,"href":"https:\/\/www.e-anjelik.sk\/index.php\/wp-json\/wp\/v2\/categories?post=3593"},{"taxonomy":"post_tag","embeddable":true,"href":"https:\/\/www.e-anjelik.sk\/index.php\/wp-json\/wp\/v2\/tags?post=3593"}],"curies":[{"name":"wp","href":"https:\/\/api.w.org\/{rel}","templated":true}]}}