{"id":3594,"date":"2011-06-03T09:01:20","date_gmt":"2011-06-03T09:01:20","guid":{"rendered":"http:\/\/e-anjelik.sk\/?p=3594"},"modified":"2011-06-03T09:01:20","modified_gmt":"2011-06-03T09:01:20","slug":"konvent-knazov-misijnej-provincie-vo-svedsku","status":"publish","type":"post","link":"https:\/\/www.e-anjelik.sk\/index.php\/2011\/06\/03\/konvent-knazov-misijnej-provincie-vo-svedsku\/","title":{"rendered":"Konvent k\u0148azov Misijnej provincie vo \u0160v\u00e9dsku"},"content":{"rendered":"<p>Najmenej raz v roku sa kon&aacute; konvent k\u0148azov Misijnej provincie vo &Scaron;v&eacute;dsku. Teraz sa konal v d\u0148och 23. a\u017e 24. m&aacute;ja 2011 v meditat&iacute;vnom a kurzovom stredisku L&auml;rjungagarden v Torestorpe. Zi&scaron;lo sa tam cca 25 k\u0148azov. V&yacute;ro\u010dnou t&eacute;mou boli slov&aacute; zo Sk 20,28 &quot; Bedlite teda o seba a o cel&eacute; st&aacute;do, v ktorom v&aacute;s Duch Sv&auml;t&yacute; ustanovil za biskupov, aby ste p&aacute;sli cirkev Bo\u017eiu.&quot; &Uacute;vodn&uacute; &uacute;vahu na stretnut&iacute; predniesol biskup Misinej provincie Roland Gustafsson. Opierala sa o slov&aacute; zo 133 \u017ealmu, 1. ver&scaron;a: &quot; H\u013ea, ak&eacute; dobr&eacute; , ak&eacute; mil&eacute; je to, ke\u010f bratia spolu b&yacute;vaj&uacute;.&quot;Odznela aj spr&aacute;va predsedu konventu &#8211; prepo&scaron;ta Bengtssona, ku ktorej bola \u017eiv&aacute; diskusia. O \u0165a\u017ekostiach pri zakladn&iacute; koini&iacute; hovorili \u010fal&scaron;&iacute; dvaja duchovn&iacute;. Na z&aacute;ver sa konali slu\u017eby Bo\u017eie s vyslan&iacute;m, na ktor&yacute;ch pr&iacute;tomn&iacute; obnovili svoje k\u0148azsk&eacute; s\u013euby pred biskupmi Gustafssonom, Beijerom a Artmanom.<\/p>\n<p>(<a href=\"http:\/\/www.missionsprovinsen.se\">www.missionsprovinsen.se<\/a>)<\/p>\n","protected":false},"excerpt":{"rendered":"<p>Najmenej raz v roku sa kon&aacute; konvent k\u0148azov Misijnej provincie vo &Scaron;v&eacute;dsku. Teraz sa konal v d\u0148och 23. a\u017e 24. m&aacute;ja 2011 v meditat&iacute;vnom a kurzovom stredisku L&auml;rjungagarden v Torestorpe. Zi&scaron;lo sa tam cca 25 k\u0148azov. V&yacute;ro\u010dnou t&eacute;mou boli slov&aacute; zo Sk 20,28 &quot; Bedlite teda o seba a o cel&eacute; st&aacute;do, v ktorom v&aacute;s &#8230; <a title=\"Konvent k\u0148azov Misijnej provincie vo \u0160v\u00e9dsku\" class=\"read-more\" href=\"https:\/\/www.e-anjelik.sk\/index.php\/2011\/06\/03\/konvent-knazov-misijnej-provincie-vo-svedsku\/\" aria-label=\"Pre\u010d\u00edtajte si viac o Konvent k\u0148azov Misijnej provincie vo \u0160v\u00e9dsku\">\u010c\u00edta\u0165 viac<\/a><\/p>\n","protected":false},"author":22,"featured_media":0,"comment_status":"open","ping_status":"open","sticky":false,"template":"","format":"standard","meta":{"footnotes":""},"categories":[42,10],"tags":[234],"class_list":["post-3594","post","type-post","status-publish","format-standard","hentry","category-skandinavia","category-zo-sveta","tag-zdruzenia-a-skupiny"],"_links":{"self":[{"href":"https:\/\/www.e-anjelik.sk\/index.php\/wp-json\/wp\/v2\/posts\/3594","targetHints":{"allow":["GET"]}}],"collection":[{"href":"https:\/\/www.e-anjelik.sk\/index.php\/wp-json\/wp\/v2\/posts"}],"about":[{"href":"https:\/\/www.e-anjelik.sk\/index.php\/wp-json\/wp\/v2\/types\/post"}],"author":[{"embeddable":true,"href":"https:\/\/www.e-anjelik.sk\/index.php\/wp-json\/wp\/v2\/users\/22"}],"replies":[{"embeddable":true,"href":"https:\/\/www.e-anjelik.sk\/index.php\/wp-json\/wp\/v2\/comments?post=3594"}],"version-history":[{"count":0,"href":"https:\/\/www.e-anjelik.sk\/index.php\/wp-json\/wp\/v2\/posts\/3594\/revisions"}],"wp:attachment":[{"href":"https:\/\/www.e-anjelik.sk\/index.php\/wp-json\/wp\/v2\/media?parent=3594"}],"wp:term":[{"taxonomy":"category","embeddable":true,"href":"https:\/\/www.e-anjelik.sk\/index.php\/wp-json\/wp\/v2\/categories?post=3594"},{"taxonomy":"post_tag","embeddable":true,"href":"https:\/\/www.e-anjelik.sk\/index.php\/wp-json\/wp\/v2\/tags?post=3594"}],"curies":[{"name":"wp","href":"https:\/\/api.w.org\/{rel}","templated":true}]}}