{"id":35945,"date":"2023-01-29T00:08:07","date_gmt":"2023-01-28T23:08:07","guid":{"rendered":"https:\/\/e-anjelik.sk\/?p=35945"},"modified":"2025-01-19T13:30:03","modified_gmt":"2025-01-19T12:30:03","slug":"nezabudnime-ze-nas-zachranca-nespi","status":"publish","type":"post","link":"https:\/\/www.e-anjelik.sk\/index.php\/2023\/01\/29\/nezabudnime-ze-nas-zachranca-nespi\/","title":{"rendered":"Nezabudnime, \u017ee n\u00e1\u0161 Z\u00e1chranca nesp\u00ed"},"content":{"rendered":"\n<p><em>&nbsp;&nbsp; &nbsp; &nbsp; &nbsp; &nbsp; &nbsp;<\/em><strong> Nezabudnime, \u017ee n\u00e1\u0161 Z\u00e1chranca nesp\u00ed<\/strong><\/p>\n\n\n\n<p><em>Na mori \u017eitia s nami, Kriste, bu\u010f<\/em><br><em>a nedaj lo\u010fk\u00e1m na\u0161\u00edm uton\u00fa\u0165.<\/em><br><em>Hoci by \u0161vihali vetrov nepohody,<\/em><br><em>hoci by stra\u0161ili zradn\u00e9 m\u00fatne vody,<\/em><br><em>Ty s\u00e1m n\u00e1s zachr\u00e1\u0148, ustra\u0161en\u00e9 deti,<\/em><br><em>nech slnko l\u00e1sky Tvojej zas n\u00e1m svieti. Amen (M.R.)<\/em><\/p>\n\n\n\n<p><strong>Mt 8, 23 &#8211; 27:<\/strong><\/p>\n\n\n\n<p><strong>\u00a0\u00a0<\/strong><em> \u201eKe\u010f vst\u00fapil na lo\u010f, nasledovali Ho u\u010den\u00edci. (24) A h\u013ea, velik\u00e1 b\u00farka strhla sa na mori, tak\u017ee vlny prikr\u00fdvali lo\u010f a On spal. (25) I prist\u00fapili, zobudili Ho a povedali: Zachr\u00e1\u0148 n\u00e1s, Pane, hynieme!\u00a0 (26) Odpovedal im: \u010co sa strachujete, \u013eudia malej viery! Nato vstal, pohrozil vetrom a moru, i nastalo ve\u013ek\u00e9 ut\u00ed\u0161enie. (27) A \u013eudia sa divili a hovorili: Ak\u00fd je to \u010dlovek, \u017ee ho aj vetry aj more posl\u00fachaj\u00fa?\u201d. Amen<\/em><\/p>\n\n\n\n<p>&nbsp; Bohumil\u00ed kres\u0165ania!<\/p>\n\n\n\n<p>&nbsp;&nbsp; Cesta nasledovania Krista je \u00fazka cesta. Ke\u010f sme po\u010das nediel po Zjaven\u00ed Krista P\u00e1na po\u010duli o Je\u017ei\u0161ov\u00fdch daroch pre n\u00e1\u0161 \u017eivot, napr\u00edklad o premenen\u00ed vody na v\u00edno v K\u00e1ne, alebo o uzdraven\u00ed stotn\u00edkovho syna v Kafarnaume, mohol by si niekto vytvori\u0165 nasledovn\u00fd uz\u00e1ver: Ako \u013eahko bolo \u017ei\u0165 s Je\u017ei\u0161om! Ako \u013eahko a dobre je ho nasledova\u0165! Ak\u00fd \u013eahk\u00fd je \u017eivot s Je\u017ei\u0161om!<\/p>\n\n\n\n<p>&nbsp;&nbsp; Je mi \u013e\u00fato, \u017ee mus\u00edm poveda\u0165 s celou otvorenos\u0165ou: Je to omyl. Pr\u00e1ve pred tak\u00fdmto omylom n\u00e1s varuje s\u00e1m Je\u017ei\u0161. Nie \u017ee by nepo\u017eehn\u00e1val \u013eu\u010fom dobr\u00e9 veci pre n\u00e1\u0161 telesn\u00fd i duchovn\u00fd \u017eivot. On v\u0161ak svoje po\u017eehnanie ned\u00e1va iba niektor\u00fdm \u013eu\u010fom, napr\u00edklad svoj\u00edm nasledovn\u00edkom. On po\u017eehn\u00e1va dobr\u00e9 dary v\u0161etk\u00fdm. On neprij\u00edma na\u0161e delenie \u013eud\u00ed na dobr\u00fdch a zl\u00fdch, ani na spravodliv\u00fdch a nespravodliv\u00fdch. Tak\u00e9 je iba na\u0161e \u013eudsk\u00e9 videnie a delenie.<\/p>\n\n\n\n<p>\u00a0\u00a0 \u00a0 Aj choroby a nemoce nie s\u00fa iba \u0165a\u017ek\u00fdm bremenom pre neveriacich, ale \u0165a\u017ek\u00fd kr\u00ed\u017e m\u00f4\u017ee nies\u0165 aj ten, kto ver\u00ed v Neho. Podobne ani dar zdravia nie je darom iba pre veriacich, ale P\u00e1n ho d\u00e1va a popriava aj neveriacim a pochybuj\u00facim. Iste\u017ee potom m\u00f4\u017ee vznikn\u00fa\u0165 ot\u00e1zka:<em> \u201e\u010co teda budeme ma\u0165 za to?\u201d.<\/em> Pr\u00e1ve takto sa toti\u017e p\u00fdtali v istej chv\u00edli aj Je\u017ei\u0161ovi u\u010den\u00edci. Ak v\u0161ak stoj\u00ed ot\u00e1zka zo strany \u010dloveka takto a \u010dlovek na odpovedi trv\u00e1, h\u013eadaj\u00fac odmenu za svoju vieru &#8211;<em> \u201enehod\u00ed sa pre kr\u00e1\u013eovstvo Bo\u017eie\u201d<\/em> a nehod\u00ed sa ani za nasledovn\u00edka P\u00e1novho.<\/p>\n\n\n\n<p>\u00a0 \u00a0 Ist\u00fd mu\u017e povedal:<em> \u201eMajstre, p\u00f4jdem za Tebou, kamko\u013evek by si \u0161iel\u201d.<\/em> Navonok to znelo ako ve\u013emi pekn\u00e9, razantn\u00e9 a jasn\u00e9 slovo. Napriek tomu o \u0148om v evanjeli\u00e1ch u\u017e viac nepo\u010dujeme a ne\u010d\u00edtame.<\/p>\n\n\n\n<p>Je\u017ei\u0161 mu toti\u017e povedal:<em> \u201eVt\u00e1ci maj\u00fa svoje hniezda a l\u00ed\u0161ky d\u00fap\u00e4t\u00e1, ale Syn \u010dloveka nem\u00e1, kde by sklonil hlavu\u201d. <\/em>Ten, ktor\u00fd v\u0161etko m\u00f4\u017ee a ktor\u00fd \u010dinil divy, ktor\u00fd mal moc a v\u0161etko Mu patr\u00ed, hovor\u00ed v istej chv\u00edli: <em>\u201eNem\u00e1m\u201d<\/em>! &#8211; Nem\u00e1m to, \u010do ty h\u013ead\u00e1\u0161 a na \u010do mysl\u00ed\u0161. Nem\u00e1m tu pozemsk\u00fd pr\u00edbytok ani pre seba, ani pre teba. Ke\u010f to ten \u010dlovek pochopil a uvedomil si, ak\u00e1 je Je\u017ei\u0161ova cesta v tejto \u010dasnosti, Je\u017ei\u0161ovu cestu s\u00edce\u00a0 pochopil, ale ju neprijal a v ten bud\u00faci cie\u013e neuveril. Odi\u0161iel za svoj\u00edm vlastn\u00fdm cie\u013eom.<\/p>\n\n\n\n<p>&nbsp; &nbsp; Bratia a sestry!<\/p>\n\n\n\n<p>&nbsp; &nbsp; P\u00e1n Je\u017ei\u0161 nielen \u017ee nem\u00e1 pre svojich nasledovn\u00edkov viac ako pre in\u00fdch, ale m\u00e1 pre svojich nasledovn\u00edkov aj v\u00e1\u017ene upozornenie pre tento \u010dasn\u00fd \u017eivot. Upozornenie, \u017ee Jeho vlastn\u00ed to bud\u00fa ma\u0165 v tomto svete \u0165a\u017e\u0161ie ako deti tohoto sveta. Jeho vlastn\u00ed, Jeho nasledovn\u00edci musia toti\u017e po\u010d\u00edta\u0165 aj s nepriaz\u0148ou sveta.<\/p>\n\n\n\n<p>\u00a0 \u00a0 Dne\u0161n\u00e9 evanjelium n\u00e1m predstavuje u\u010den\u00edkov s Je\u017ei\u0161om v lo\u010fke na Genezaretskom mori (jazere). T\u00fato situ\u00e1ciu by sme mohli vyjadri\u0165 tak, \u017ee vid\u00edme, ako P\u00e1n Je\u017ei\u0161 vzal svojich u\u010den\u00edkov do \u201ev\u00fdcvikov\u00e9ho strediska\u201d, a na \u201ena trena\u017e\u00e9r\u201d. On s\u00e1m pokojne spal a odpo\u010d\u00edval a u\u010den\u00edci si konali svoju pr\u00e1cu. Ale zraz sa spustila prudk\u00e1 b\u00farka. Situ\u00e1cia sa radik\u00e1lne zmenila, ale On st\u00e1le pokojne spal a u\u010den\u00edci z\u00e1pasili s vetrom a plachtami. V\u00e4\u010d\u0161ina z nich bola ryb\u00e1rmi a iste si dok\u00e1zali u\u017e v nejednej b\u00farke poradi\u0165. Ale t\u00e1to b\u00farka bola in\u00e1, nezvy\u010dajne siln\u00e1. To, \u010do ich obklopovalo, bolo nad ich sily a hrozilo, \u017ee ich vlny a vietor prevr\u00e1tia a vrhn\u00fa do hlb\u00edn mora. Vtedy v obave o svoju lo\u010fku a najm\u00e4 svoj \u017eivot za\u010dali vola\u0165:<em> \u201ePane, zachr\u00e1\u0148 n\u00e1s, hynieme\u201d!<\/em><\/p>\n\n\n\n<p><em>\u00a0 \u00a0 <\/em>Vtedy, v tejto pre nich bezv\u00fdchodiskovej situ\u00e1cii povedal P\u00e1n t\u00fdmto inak odv\u00e1\u017enym a siln\u00fdm ryb\u00e1rom:<em> \u201e\u010co sa strachujete, \u013eudia malej viery ?\u201d<\/em>. D\u00f4vodom ich strachu bolo nielen sklamanie z ich vlastn\u00fdch s\u00edl a schopnost\u00ed, ale najm\u00e4 ich e\u0161te mal\u00e1 viera v Je\u017ei\u0161a. Tak sa stalo toto jazero a t\u00e1to sk\u00fasenos\u0165 \u201ecvi\u010diskom\u201d, kde sa mali nau\u010di\u0165 d\u00f4le\u017eit\u00fa vec.<\/p>\n\n\n\n<p>\u00a0 \u00a0 To, \u017ee s\u00fa a bud\u00fa s Je\u017ei\u0161om neznamen\u00e1, \u017ee sa im vyhn\u00fa b\u00farky, vlnobitie a nesk\u00f4r aj nepriaze\u0148 sveta. Svet a jeho sily boli a bud\u00fa proti Je\u017ei\u0161ovi, aj proti t\u00fdm, ktor\u00ed s\u00fa s N\u00edm. Napriek v\u0161etk\u00fdm zl\u00fdm a \u017eivot ohrozuj\u00facim sil\u00e1m v\u0161ak m\u00f4\u017eu obst\u00e1\u0165 vtedy, ak bud\u00fa ma\u0165 siln\u00fa vieru. Skuto\u010dn\u00fa d\u00f4veru v Je\u017ei\u0161ovu moc a pomoc. Vieru, ktor\u00e1 je siln\u00e1 aj v nepohode. Vieru, ktor\u00e1 je spo\u013eahnut\u00edm sa nie na vlastn\u00fa silu, sk\u00fasenosti a schopnosti, ale pr\u00e1ve na Neho. Na Toho, o ktorom u\u017e \u017ealmista vyznal: <em>\u201eNie nesp\u00ed a nedrieme ochranca Izraela\u201d<\/em>.<\/p>\n\n\n\n<p>&nbsp;&nbsp; Bratia a sestry!<\/p>\n\n\n\n<p>\u00a0\u00a0 Mnoh\u00ed sa vydali v minulosti, d\u00e1vnej\u0161ej i ned\u00e1vnej, na cestu s Je\u017ei\u0161om. Mnoh\u00ed sa rozhoduj\u00fa \u00eds\u0165 s N\u00edm a by\u0165 s N\u00edm aj dnes. Mnoh\u00ed prijali Je\u017ei\u0161ov krst, vst\u00fapili do \u201elodi\u010dky\u201d, ktorou je Jeho cirkev a plavia sa s nami ostatn\u00fdmi a s Je\u017ei\u0161om t\u00fdmto \u017eivotom. Ale by\u0165 a \u017ei\u0165 v cirkvi nie je ani dnes z\u00e1bezpekou, \u017ee n\u00e1s nepostihne \u017eiadna b\u00farka, \u017eiadne vlnobitie, \u017eiadna hrozba, ktor\u00e1 n\u00e1s bude mo\u017eno n\u00fati\u0165 zvola\u0165:<em> \u201ePane, zachr\u00e1\u0148 n\u00e1s, hynieme\u201d<\/em>. Dejiny cirkvi s\u00fa pln\u00e9 r\u00f4znych \u201eb\u00farok, otrasov a vetrov\u201d, ktor\u00e9 mnoh\u00fdch prestra\u0161ili a s\u00fa sk\u00fa\u0161kou viery aj pre n\u00e1s.\u00a0<\/p>\n\n\n\n<p>\u00a0\u00a0 \u00a0 Okrem nich v\u0161ak prich\u00e1dzaj\u00fa v\u017edy aj nov\u00e9 neraz ve\u013emi siln\u00e9 otrasy a situ\u00e1cie, v ktor\u00fdch m\u00f4\u017eeme obst\u00e1\u0165 iba s pevnou vierou v P\u00e1nove slov\u00e1 a zas\u013e\u00fabenia. Svet, ktor\u00fd je raz \u013eahostajn\u00fd vo\u010di Je\u017ei\u0161ovi, inokedy pln\u00fd v\u00e1\u0161nivej zloby, dolieha aj na t\u00fdch, ktor\u00ed s\u00fa Jeho a s\u00fa s N\u00edm\u00a0\u201ena jednej lodi\u201d.<\/p>\n\n\n\n<p>\u00a0\u00a0 \u00a0 Cesta s N\u00edm je cesta<em> \u201e\u00fazka\u201d.<\/em> Je to preto, \u017ee je cestou l\u00e1sky aj vo\u010di \u013eahostajn\u00fdm, ale aj vo\u010di nepriate\u013eom. Je to cesta, na ktorej sa m\u00e1me varova\u0165 nespravodlivosti aj vo\u010di t\u00fdm, ktor\u00ed sp\u00f4sobuj\u00fa nespravodlivos\u0165. Je to cesta zvestovania radostnej spr\u00e1vy, evanjelia, v\u0161etk\u00fdm \u013eu\u010fom dobrej v\u00f4le, ale my nevieme v\u017edy rozpozna\u0165 t\u00fdch, ktor\u00ed tie perly za\u0161liapu a obr\u00e1tia sa vo\u010di n\u00e1m, alebo t\u00fdch, ktor\u00ed to, \u010do je sv\u00e4t\u00e9, znesv\u00e4tia.\u00a0<\/p>\n\n\n\n<p>\u00a0\u00a0 \u00a0 Niet divu, \u017ee na ceste za Kristom nie je \u017eiadna \u201etla\u010denica\u201d. \u017de je v\u017edy m\u00e1lo pracovn\u00edkov na vinici, \u017ee nem\u00e1me dos\u0165 s\u00edl k p\u00fati, \u017ee n\u00e1m ch\u00fdba trpezlivos\u0165. Mnoh\u00ed sa z tejto cesty vr\u00e1tili a vracaj\u00fa sp\u00e4\u0165, ako ten bohat\u00fd ml\u00e1denec, alebo ten, \u010do h\u013eadal iba zemsk\u00e9 istoty.<\/p>\n\n\n\n<p>\u00a0 \u00a0 \u00a0 \u0164a\u017ek\u00fdmi sk\u00fa\u0161kami pre t\u00fdch, \u010do s\u00fa v lodi\u010dke cirkvi s\u00fa nielen tie vonkaj\u0161ie vlny a vetry, ale najm\u00e4 tak\u00e9, ke\u010f sa uk\u00e1\u017ee, \u017ee niekto z t\u00fdch, ktor\u00ed boli v cirkvi s nami, boli v skuto\u010dnosti \u201evlci v ov\u010dom r\u00fachu\u201d, alebo sa stali \u201eplan\u00fdmi olivami\u201d a h\u013eadali svoju \u010des\u0165 a sl\u00e1vu, nie v\u00f4\u013eu P\u00e1novu. Ak niekto, s ktor\u00fdm dr\u017e\u00edme a nap\u00edname jedno lano na plachte cirkvi, stane sa u\u010den\u00edkom podobn\u00fdm tomu i\u0161kariotsk\u00e9mu. Tak\u00e1 sk\u00fasenos\u0165 mnoh\u00fdch pom\u00fdli vo viere a vedie k z\u00fafal\u00e9mu volaniu:<em> \u201eZachr\u00e1\u0148 n\u00e1s, Pane, hynieme\u201d.<\/em><\/p>\n\n\n\n<p>\u00a0\u00a0 Mal\u00e1 viera je t\u00e1, ktor\u00e1 si mysl\u00ed, \u017ee pre n\u00e1s niet pomoci a z\u00e1chrany. \u017de toto zvolanie je iba z\u00fafal\u00fdm v\u00fdkrikom do tmy a noci, kdesi do \u201evzduchopr\u00e1zdna\u201d\u2026<\/p>\n\n\n\n<p>&nbsp;&nbsp; &nbsp; Ale sk\u00fasenos\u0165 u\u010den\u00edkov bola predsa len in\u00e1. Aj napriek ich malej viere, ke\u010f boli pln\u00ed strachu, P\u00e1n Je\u017ei\u0161 zasiahol a konal pre nich to, \u010do h\u013eadali. Jeho slovo sp\u00f4sobilo ut\u00ed\u0161enie. Vonkaj\u0161ia moc vetra a mora musela ust\u00fapi\u0165 Jeho slovu a zdvihnut\u00e9mu prstu. Preto je spr\u00e1vne rozhodnutie vola\u0165 k P\u00e1novi, po\u010d\u00edta\u0165 s N\u00edm, aj ke\u010f sme mo\u017eno tie\u017e iba \u013eu\u010fmi malej viery.<\/p>\n\n\n\n<p>&nbsp; &nbsp; &nbsp; Aj vtedy, ke\u010f na na\u0161ej malej lodi\u010dke cirkvi sa oz\u00fdvaj\u00fa v\u00fdkriky:&nbsp;<\/p>\n\n\n\n<p> \u201eMu\u017e cez palubu\u201d a ke\u010f str\u00e1came nielen mu\u017eov, ale aj \u017eeny mlad\u00fdch \u013eud\u00ed i deti, volajme s d\u00f4verou o pomoc a z\u00e1chranu Toho, koho \u201evetry a more posl\u00fachaj\u00fa\u201d, ktor\u00fd prin\u00e1\u0161a pokoj a n\u00e1dej na \u00faspech na\u0161ej plavby \u017eivota.\u00a0<\/p>\n\n\n\n<p>&nbsp; &nbsp; Mo\u017eno aj dnes \u013eudia okolo n\u00e1s pova\u017euj\u00fa Je\u017ei\u0161a iba za p\u00faheho \u010dloveka a nevidia, \u017ee on je Boh s nami, \u017ee je n\u00e1\u0161 Z\u00e1chranca, Syn Bo\u017e\u00ed. Na\u0161e SOS vysielajme a zamerajme v d\u00f4vere na Toho, ktor\u00fd nesklamal u\u010den\u00edkov, ktor\u00fd nesklamal na\u0161ich otcov vo viere a ktor\u00fd je v\u017edy Ten ist\u00fd, mocn\u00fd a milostiv\u00fd P\u00e1n a Spasite\u013e. Amen<\/p>\n\n\n\n<p>&nbsp; &nbsp; &nbsp; 4.nede\u013ea po Zjaven\u00ed Krista P\u00e1na &#8211; 00\/ 2023 &#8211; \u013dubom\u00edr Batka st.<\/p>\n","protected":false},"excerpt":{"rendered":"<p>&nbsp;&nbsp; &nbsp; &nbsp; &nbsp; &nbsp; &nbsp; Nezabudnime, \u017ee n\u00e1\u0161 Z\u00e1chranca nesp\u00ed Na mori \u017eitia s nami, Kriste, bu\u010fa nedaj lo\u010fk\u00e1m na\u0161\u00edm uton\u00fa\u0165.Hoci by \u0161vihali vetrov nepohody,hoci by stra\u0161ili zradn\u00e9 m\u00fatne vody,Ty s\u00e1m n\u00e1s zachr\u00e1\u0148, ustra\u0161en\u00e9 deti,nech slnko l\u00e1sky Tvojej zas n\u00e1m svieti. Amen (M.R.) Mt 8, 23 &#8211; 27: \u00a0\u00a0 \u201eKe\u010f vst\u00fapil na lo\u010f, nasledovali &#8230; <a title=\"Nezabudnime, \u017ee n\u00e1\u0161 Z\u00e1chranca nesp\u00ed\" class=\"read-more\" href=\"https:\/\/www.e-anjelik.sk\/index.php\/2023\/01\/29\/nezabudnime-ze-nas-zachranca-nespi\/\" aria-label=\"Pre\u010d\u00edtajte si viac o Nezabudnime, \u017ee n\u00e1\u0161 Z\u00e1chranca nesp\u00ed\">\u010c\u00edta\u0165 viac<\/a><\/p>\n","protected":false},"author":4,"featured_media":0,"comment_status":"open","ping_status":"open","sticky":false,"template":"","format":"standard","meta":{"footnotes":""},"categories":[590,121,118,21,622,95],"tags":[],"class_list":["post-35945","post","type-post","status-publish","format-standard","hentry","category-4-nedela-po-zjaveni","category-kazne","category-myjava","category-nedela-po-zjaveni","category-nedele-po-zjaveni","category-sobotiste"],"_links":{"self":[{"href":"https:\/\/www.e-anjelik.sk\/index.php\/wp-json\/wp\/v2\/posts\/35945","targetHints":{"allow":["GET"]}}],"collection":[{"href":"https:\/\/www.e-anjelik.sk\/index.php\/wp-json\/wp\/v2\/posts"}],"about":[{"href":"https:\/\/www.e-anjelik.sk\/index.php\/wp-json\/wp\/v2\/types\/post"}],"author":[{"embeddable":true,"href":"https:\/\/www.e-anjelik.sk\/index.php\/wp-json\/wp\/v2\/users\/4"}],"replies":[{"embeddable":true,"href":"https:\/\/www.e-anjelik.sk\/index.php\/wp-json\/wp\/v2\/comments?post=35945"}],"version-history":[{"count":3,"href":"https:\/\/www.e-anjelik.sk\/index.php\/wp-json\/wp\/v2\/posts\/35945\/revisions"}],"predecessor-version":[{"id":37661,"href":"https:\/\/www.e-anjelik.sk\/index.php\/wp-json\/wp\/v2\/posts\/35945\/revisions\/37661"}],"wp:attachment":[{"href":"https:\/\/www.e-anjelik.sk\/index.php\/wp-json\/wp\/v2\/media?parent=35945"}],"wp:term":[{"taxonomy":"category","embeddable":true,"href":"https:\/\/www.e-anjelik.sk\/index.php\/wp-json\/wp\/v2\/categories?post=35945"},{"taxonomy":"post_tag","embeddable":true,"href":"https:\/\/www.e-anjelik.sk\/index.php\/wp-json\/wp\/v2\/tags?post=35945"}],"curies":[{"name":"wp","href":"https:\/\/api.w.org\/{rel}","templated":true}]}}