{"id":35963,"date":"2023-03-04T19:47:07","date_gmt":"2023-03-04T18:47:07","guid":{"rendered":"https:\/\/e-anjelik.sk\/?p=35963"},"modified":"2023-03-07T14:16:48","modified_gmt":"2023-03-07T13:16:48","slug":"emil-boleslav-lukac-modlitba","status":"publish","type":"post","link":"https:\/\/www.e-anjelik.sk\/index.php\/2023\/03\/04\/emil-boleslav-lukac-modlitba\/","title":{"rendered":"Emil Boleslav Luk\u00e1\u010d \u2014 Modlitba"},"content":{"rendered":"\n<p>Na kr\u00ed\u017e vezmi Pane m\u00f4j,<br>telo, du\u0161u, v\u0161etko moje,<br>v smrti so sebou ma spoj,<br>s Tebou mrie\u0165 mi prospe\u0161no je.<br>S Tvojou rukou moja ruka,<br>s Tvojou nohou moja noha,<br>s kr\u00ed\u017eom kr\u00ed\u017e a s mukou muka,<br>ale s Bohom m\u00e1m v\u0161ak Boha.<\/p>\n\n\n\n<p>Do hrobu ma Pane m\u00f4j<br>pr\u00edjmi, vezmi s sebou spolu,<br>nech si \u013eahnem na pokoj,<br>koniec Tvojmu \u2014 m\u00f4jmu b\u00f4\u013eu.<br>Obzrie\u0165 temn\u00e9 bydli\u0161te,<br>spriateli\u0165 sa s jeho k\u00faty.<br>Tvoj byt i tam zaiste<br>dobr\u00fd tie\u017e pre moje \u00fady.<\/p>\n\n\n\n<p>Odva\u013e kame\u0148 Pane m\u00f4j,<br>s jedn\u00fdm ihne\u010f druh\u00fd pad\u00e1,<br>smrte\u013en\u00fd mi zotri znoj,<br>vyrvi z hroznej moci hada.<br>Telo, du\u0161a, v\u0161etko moje<br>s Tebou vstan\u00fa s Tvojej lo\u017ee,<br>d\u00fdchni v chripie \u017eitie dvoje,<br>tu i tam byt\u2019 Tvojim, Bo\u017ee!<\/p>\n\n\n\n<p><em>1929<\/em><\/p>\n\n\n\n<p><br><\/p>\n","protected":false},"excerpt":{"rendered":"<p>Na kr\u00ed\u017e vezmi Pane m\u00f4j,telo, du\u0161u, v\u0161etko moje,v smrti so sebou ma spoj,s Tebou mrie\u0165 mi prospe\u0161no je.S Tvojou rukou moja ruka,s Tvojou nohou moja noha,s kr\u00ed\u017eom kr\u00ed\u017e a s mukou muka,ale s Bohom m\u00e1m v\u0161ak Boha. Do hrobu ma Pane m\u00f4jpr\u00edjmi, vezmi s sebou spolu,nech si \u013eahnem na pokoj,koniec Tvojmu \u2014 m\u00f4jmu b\u00f4\u013eu.Obzrie\u0165 temn\u00e9 &#8230; <a title=\"Emil Boleslav Luk\u00e1\u010d \u2014 Modlitba\" class=\"read-more\" href=\"https:\/\/www.e-anjelik.sk\/index.php\/2023\/03\/04\/emil-boleslav-lukac-modlitba\/\" aria-label=\"Pre\u010d\u00edtajte si viac o Emil Boleslav Luk\u00e1\u010d \u2014 Modlitba\">\u010c\u00edta\u0165 viac<\/a><\/p>\n","protected":false},"author":3,"featured_media":0,"comment_status":"open","ping_status":"open","sticky":false,"template":"","format":"standard","meta":{"footnotes":""},"categories":[165],"tags":[],"class_list":["post-35963","post","type-post","status-publish","format-standard","hentry","category-poezia-2"],"_links":{"self":[{"href":"https:\/\/www.e-anjelik.sk\/index.php\/wp-json\/wp\/v2\/posts\/35963","targetHints":{"allow":["GET"]}}],"collection":[{"href":"https:\/\/www.e-anjelik.sk\/index.php\/wp-json\/wp\/v2\/posts"}],"about":[{"href":"https:\/\/www.e-anjelik.sk\/index.php\/wp-json\/wp\/v2\/types\/post"}],"author":[{"embeddable":true,"href":"https:\/\/www.e-anjelik.sk\/index.php\/wp-json\/wp\/v2\/users\/3"}],"replies":[{"embeddable":true,"href":"https:\/\/www.e-anjelik.sk\/index.php\/wp-json\/wp\/v2\/comments?post=35963"}],"version-history":[{"count":1,"href":"https:\/\/www.e-anjelik.sk\/index.php\/wp-json\/wp\/v2\/posts\/35963\/revisions"}],"predecessor-version":[{"id":35964,"href":"https:\/\/www.e-anjelik.sk\/index.php\/wp-json\/wp\/v2\/posts\/35963\/revisions\/35964"}],"wp:attachment":[{"href":"https:\/\/www.e-anjelik.sk\/index.php\/wp-json\/wp\/v2\/media?parent=35963"}],"wp:term":[{"taxonomy":"category","embeddable":true,"href":"https:\/\/www.e-anjelik.sk\/index.php\/wp-json\/wp\/v2\/categories?post=35963"},{"taxonomy":"post_tag","embeddable":true,"href":"https:\/\/www.e-anjelik.sk\/index.php\/wp-json\/wp\/v2\/tags?post=35963"}],"curies":[{"name":"wp","href":"https:\/\/api.w.org\/{rel}","templated":true}]}}